{"id":38998,"date":"2025-01-24T16:14:11","date_gmt":"2025-01-24T13:14:11","guid":{"rendered":"https:\/\/mersinkadingazetesi.com\/?p=38998"},"modified":"2025-01-24T16:14:11","modified_gmt":"2025-01-24T13:14:11","slug":"mezitli-belediyesinden-satrancseverlere-mujde-sah-hane-satranc-evi-acildi","status":"publish","type":"post","link":"https:\/\/mersinkadingazetesi.com\/?p=38998","title":{"rendered":"MEZ\u0130TL\u0130 BELED\u0130YES\u0130&#8217;NDEN SATRAN\u00c7SEVERLERE M\u00dcJDE, &#8220;\u015eAH-HANE SATRAN\u00c7 EV\u0130 A\u00c7ILDI&#8221;"},"content":{"rendered":"\n<p>Mezitli Belediyesi, vatanda\u015flar\u0131n kendini her alanda geli\u015ftirmesi i\u00e7in hizmetlerine bir yenisini daha ekleyerek &#8220;\u015eah-hane Satran\u00e7 Evi&#8217;nin kap\u0131lar\u0131n\u0131 a\u00e7t\u0131. Mezitli Belediye Ba\u015fkan\u0131 Ahmet Serkan Tuncer, gen\u00e7lere, \u00e7ocuklara ve kad\u0131nlara y\u00f6nelik bu t\u00fcr alanlar\u0131n \u00f6nemine vurgu yaparak, benzer projelerin say\u0131s\u0131n\u0131 artt\u0131rmay\u0131 hedeflediklerini belirtti.<\/p>\n\n\n\n<p>\u015eahane Satran\u00e7 Evi, satran\u00e7 \u00f6\u011frenmek ve bu alanda kendini geli\u015ftirmek isteyen 7&#8217;den 70&#8217;e herkes i\u00e7in \u00fccretsiz hizmet verecek. Menderes Mahallesi Denizhan 2 kar\u015f\u0131s\u0131nda yer alan merkezde uzman satran\u00e7 e\u011fitmeni e\u015fli\u011finde, her ya\u015ftan vatanda\u015flar satran\u00e7 e\u011fitimlerinden faydalanabilecek. Ayr\u0131ca, satran\u00e7 turnuvalar\u0131 ve at\u00f6lye \u00e7al\u0131\u015fmalar\u0131 d\u00fczenlenerek vatanda\u015flara \u00e7e\u015fitli imkanlar olu\u015fturulacak.<\/p>\n\n\n\n<p>Sal\u0131, \u00c7ar\u015famba, Per\u015fembe, Cuma ve cumartesi hizmet verecek olan \u015eah-hane Satran\u00e7 Evi, sabah 10.00 ile 16.00 saatleri aras\u0131nda a\u00e7\u0131k olacak.<\/p>\n\n\n\n<p><strong>&#8220;GELECE\u011e\u0130N USTALARI MEZ\u0130TL\u0130&#8217;DEN YET\u0130\u015eECEK&#8221;<\/strong><\/p>\n\n\n\n<p>A\u00e7\u0131l\u0131\u015fta konu\u015fan Ba\u015fkan Tuncer, bu t\u00fcr alanlar\u0131 vatanda\u015flar\u0131n taleplerine g\u00f6re \u015fekillendirdiklerine de\u011finerek &#8220;Mezitli, sadece do\u011fas\u0131 ve sosyal projeleriyle de\u011fil, e\u011fitimde ve sporda sundu\u011fu imkanlarla da \u00f6nc\u00fc bir kent olacak. \u015eah-hane Satran\u00e7 Evi, bu vizyonumuzun bir yans\u0131mas\u0131. Menderes Mahallemizin talebine g\u00f6re hareket ettik, \u00e7ok da g\u00fczel oldu. Gen\u00e7lerimiz ve \u00e7ocuklar\u0131m\u0131z burada kendilerini geli\u015ftirme f\u0131rsat\u0131 bulacak. Mezitli&#8217;nin gelece\u011fin satran\u00e7 ustalar\u0131na ev sahipli\u011fi yapaca\u011f\u0131na inan\u0131yorum.&#8221; dedi.<\/p>\n","protected":false},"excerpt":{"rendered":"<p>Mezitli Belediyesi, vatanda\u015flar\u0131n kendini her alanda geli\u015ftirmesi i\u00e7in hizmetlerine bir yenisini daha ekleyerek &#8220;\u015eah-hane Satran\u00e7 Evi&#8217;nin kap\u0131lar\u0131n\u0131 a\u00e7t\u0131. Mezitli Belediye Ba\u015fkan\u0131 Ahmet Serkan Tuncer, gen\u00e7lere, \u00e7ocuklara ve kad\u0131nlara y\u00f6nelik bu t\u00fcr alanlar\u0131n \u00f6nemine vurgu yaparak, benzer projelerin say\u0131s\u0131n\u0131 artt\u0131rmay\u0131 hedeflediklerini belirtti. \u015eahane Satran\u00e7 Evi, satran\u00e7 \u00f6\u011frenmek ve bu alanda kendini geli\u015ftirmek isteyen 7&#8217;den 70&#8217;e herkes [&hellip;]<\/p>\n","protected":false},"author":2,"featured_media":38999,"comment_status":"closed","ping_status":"closed","sticky":false,"template":"","format":"standard","meta":{"footnotes":""},"categories":[3,10],"tags":[],"class_list":["post-38998","post","type-post","status-publish","format-standard","has-post-thumbnail","hentry","category-manset","category-spor"],"views":8,"_links":{"self":[{"href":"https:\/\/mersinkadingazetesi.com\/index.php?rest_route=\/wp\/v2\/posts\/38998"}],"collection":[{"href":"https:\/\/mersinkadingazetesi.com\/index.php?rest_route=\/wp\/v2\/posts"}],"about":[{"href":"https:\/\/mersinkadingazetesi.com\/index.php?rest_route=\/wp\/v2\/types\/post"}],"author":[{"embeddable":true,"href":"https:\/\/mersinkadingazetesi.com\/index.php?rest_route=\/wp\/v2\/users\/2"}],"replies":[{"embeddable":true,"href":"https:\/\/mersinkadingazetesi.com\/index.php?rest_route=%2Fwp%2Fv2%2Fcomments&post=38998"}],"version-history":[{"count":1,"href":"https:\/\/mersinkadingazetesi.com\/index.php?rest_route=\/wp\/v2\/posts\/38998\/revisions"}],"predecessor-version":[{"id":39000,"href":"https:\/\/mersinkadingazetesi.com\/index.php?rest_route=\/wp\/v2\/posts\/38998\/revisions\/39000"}],"wp:featuredmedia":[{"embeddable":true,"href":"https:\/\/mersinkadingazetesi.com\/index.php?rest_route=\/wp\/v2\/media\/38999"}],"wp:attachment":[{"href":"https:\/\/mersinkadingazetesi.com\/index.php?rest_route=%2Fwp%2Fv2%2Fmedia&parent=38998"}],"wp:term":[{"taxonomy":"category","embeddable":true,"href":"https:\/\/mersinkadingazetesi.com\/index.php?rest_route=%2Fwp%2Fv2%2Fcategories&post=38998"},{"taxonomy":"post_tag","embeddable":true,"href":"https:\/\/mersinkadingazetesi.com\/index.php?rest_route=%2Fwp%2Fv2%2Ftags&post=38998"}],"curies":[{"name":"wp","href":"https:\/\/api.w.org\/{rel}","templated":true}]}}