{"id":39001,"date":"2025-01-25T14:20:34","date_gmt":"2025-01-25T11:20:34","guid":{"rendered":"https:\/\/mersinkadingazetesi.com\/?p=39001"},"modified":"2025-01-25T14:20:34","modified_gmt":"2025-01-25T11:20:34","slug":"kariyer-merkezi-ve-toros-universitesi-is-birliginde-kariyer-planlama-ve-girisimcilik-egitimi","status":"publish","type":"post","link":"https:\/\/mersinkadingazetesi.com\/?p=39001","title":{"rendered":"KAR\u0130YER MERKEZ\u0130 VE TOROS \u00dcN\u0130VERS\u0130TES\u0130 \u0130\u015e B\u0130RL\u0130\u011e\u0130NDE &#8216;KAR\u0130YER PLANLAMA VE G\u0130R\u0130\u015e\u0130MC\u0130L\u0130K&#8217; E\u011e\u0130T\u0130M\u0130"},"content":{"rendered":"\n<p>Toros \u00dcniversitesi ve Mersin B\u00fcy\u00fck\u015fehir Belediyesi Kariyer Merkezi M\u00fcd\u00fcrl\u00fc\u011f\u00fc i\u015f birli\u011finde, \u0130\u015fletme ve Giri\u015fimcilik Toplulu\u011fu koordinasyonunda&nbsp;<strong>&#8216;Kariyer Planlama ve Giri\u015fimcilik&#8217;&nbsp;<\/strong>konusunda e\u011fitim d\u00fczenlendi. Ger\u00e7ekle\u015ftirilen e\u011fitime \u00f6\u011frencilerin ilgisi yo\u011fun oldu.<\/p>\n\n\n\n<p>Mersin B\u00fcy\u00fck\u015fehir Belediyesi Kariyer Merkezi&#8217;nin e\u011fitim programlar\u0131, gelece\u011fe yap\u0131lan \u00f6nemli bir yat\u0131r\u0131m olarak g\u00f6r\u00fcl\u00fcyor. Kariyer Merkezi, i\u015f d\u00fcnyas\u0131nda h\u0131zla devam eden dinamiklere uyum sa\u011flamak ve gen\u00e7lerin profesyonel hayatta daha sa\u011flam ad\u0131mlarla ilerlemelerine yard\u0131mc\u0131 olmak i\u00e7in projelerini \u00e7e\u015fitlendirmeye devam ediyor.<\/p>\n\n\n\n<p>Pandemi s\u00fcreci ile h\u0131zlanan dijital devrim; t\u00fcm sekt\u00f6rlerdeki i\u015flerin tan\u0131mlar\u0131n\u0131, i\u00e7eriklerini, yap\u0131l\u0131\u015f \u015fekillerini de\u011fi\u015ftirirken, adaylardan beklenen yetkinlik setleri \u00fczerinde b\u00fcy\u00fck bir de\u011fi\u015fime yol a\u00e7t\u0131. \u0130\u015f ba\u015fvuru s\u00fcre\u00e7lerinin de dijitalle\u015fti\u011fi bu d\u00f6nemde Kariyer Merkezi, \u00fcniversiteli gen\u00e7lere bir\u00e7ok mod\u00fcl ile deste\u011fini s\u00fcrd\u00fcr\u00fcyor.&nbsp;<\/p>\n\n\n\n<p><strong>H\u0131zl\u0131 de\u011fi\u015fen i\u015f d\u00fcnyas\u0131nda kariyer planlamas\u0131n\u0131n \u00f6nemi anlat\u0131ld\u0131<\/strong><\/p>\n\n\n\n<p>Mersin B\u00fcy\u00fck\u015fehir Belediyesi Kariyer Merkezi M\u00fcd\u00fcr\u00fc Serkan \u00d6zada; h\u0131zla de\u011fi\u015fen i\u015f d\u00fcnyas\u0131nda kariyer planlamas\u0131 ve y\u00f6netiminin kritik \u00f6nem ta\u015f\u0131d\u0131\u011f\u0131n\u0131,&nbsp;kariyer hedefinin tan\u0131mlanm\u0131\u015f olmas\u0131n\u0131n o hedefe y\u00f6nelik uzun ve k\u0131sa d\u00f6nem hedefler koyarak bir planlama yap\u0131lmas\u0131na olanak sa\u011flad\u0131\u011f\u0131n\u0131n alt\u0131n\u0131 \u00e7izdi.<\/p>\n\n\n\n<p>\u00d6zada taraf\u0131ndan ger\u00e7ekle\u015ftirilen sunumda;&nbsp;<strong><em>&#8216;kariyer planlaman\u0131n \u00f6nemi, pandemi s\u00fcreci, dijitalle\u015fme, i\u015f arama s\u00fcre\u00e7leri, i\u015f d\u00fcnyas\u0131n\u0131n bekledi\u011fi yetkinlikler, gelece\u011fin meslekleri, mentorluk programlar\u0131&#8217;<\/em><\/strong>&nbsp;gibi bir\u00e7ok konu yer ald\u0131.<\/p>\n\n\n\n<p>Kariyer yolculu\u011funda bir yerde \u00e7al\u0131\u015fman\u0131n \u00f6nemli bir ad\u0131m oldu\u011funu belirten \u00d6zada, di\u011fer taraftan da kendi i\u015fini kurman\u0131n ki\u015finin kendini ger\u00e7ekle\u015ftirmesi a\u00e7\u0131s\u0131ndan \u00f6nemli oldu\u011funu s\u00f6yledi. Pandemi s\u00fcrecinde \u00f6zellikle hizmetlerin dijital kanala ta\u015f\u0131nmas\u0131n\u0131n giri\u015fimcilik ad\u0131na b\u00fcy\u00fck bir f\u0131rsat olabilece\u011fini s\u00f6zlerine ekleyen \u00d6zada, bir sorunu \u00e7\u00f6zme veya kolayla\u015ft\u0131rma a\u00e7\u0131s\u0131ndan inovatif d\u00fc\u015f\u00fcncenin \u00f6nemine de\u011findi.<\/p>\n","protected":false},"excerpt":{"rendered":"<p>Toros \u00dcniversitesi ve Mersin B\u00fcy\u00fck\u015fehir Belediyesi Kariyer Merkezi M\u00fcd\u00fcrl\u00fc\u011f\u00fc i\u015f birli\u011finde, \u0130\u015fletme ve Giri\u015fimcilik Toplulu\u011fu koordinasyonunda&nbsp;&#8216;Kariyer Planlama ve Giri\u015fimcilik&#8217;&nbsp;konusunda e\u011fitim d\u00fczenlendi. Ger\u00e7ekle\u015ftirilen e\u011fitime \u00f6\u011frencilerin ilgisi yo\u011fun oldu. Mersin B\u00fcy\u00fck\u015fehir Belediyesi Kariyer Merkezi&#8217;nin e\u011fitim programlar\u0131, gelece\u011fe yap\u0131lan \u00f6nemli bir yat\u0131r\u0131m olarak g\u00f6r\u00fcl\u00fcyor. Kariyer Merkezi, i\u015f d\u00fcnyas\u0131nda h\u0131zla devam eden dinamiklere uyum sa\u011flamak ve gen\u00e7lerin profesyonel hayatta [&hellip;]<\/p>\n","protected":false},"author":2,"featured_media":39002,"comment_status":"closed","ping_status":"closed","sticky":false,"template":"","format":"standard","meta":{"footnotes":""},"categories":[3],"tags":[],"class_list":["post-39001","post","type-post","status-publish","format-standard","has-post-thumbnail","hentry","category-manset"],"views":2,"_links":{"self":[{"href":"https:\/\/mersinkadingazetesi.com\/index.php?rest_route=\/wp\/v2\/posts\/39001"}],"collection":[{"href":"https:\/\/mersinkadingazetesi.com\/index.php?rest_route=\/wp\/v2\/posts"}],"about":[{"href":"https:\/\/mersinkadingazetesi.com\/index.php?rest_route=\/wp\/v2\/types\/post"}],"author":[{"embeddable":true,"href":"https:\/\/mersinkadingazetesi.com\/index.php?rest_route=\/wp\/v2\/users\/2"}],"replies":[{"embeddable":true,"href":"https:\/\/mersinkadingazetesi.com\/index.php?rest_route=%2Fwp%2Fv2%2Fcomments&post=39001"}],"version-history":[{"count":1,"href":"https:\/\/mersinkadingazetesi.com\/index.php?rest_route=\/wp\/v2\/posts\/39001\/revisions"}],"predecessor-version":[{"id":39003,"href":"https:\/\/mersinkadingazetesi.com\/index.php?rest_route=\/wp\/v2\/posts\/39001\/revisions\/39003"}],"wp:featuredmedia":[{"embeddable":true,"href":"https:\/\/mersinkadingazetesi.com\/index.php?rest_route=\/wp\/v2\/media\/39002"}],"wp:attachment":[{"href":"https:\/\/mersinkadingazetesi.com\/index.php?rest_route=%2Fwp%2Fv2%2Fmedia&parent=39001"}],"wp:term":[{"taxonomy":"category","embeddable":true,"href":"https:\/\/mersinkadingazetesi.com\/index.php?rest_route=%2Fwp%2Fv2%2Fcategories&post=39001"},{"taxonomy":"post_tag","embeddable":true,"href":"https:\/\/mersinkadingazetesi.com\/index.php?rest_route=%2Fwp%2Fv2%2Ftags&post=39001"}],"curies":[{"name":"wp","href":"https:\/\/api.w.org\/{rel}","templated":true}]}}