{"id":39004,"date":"2025-01-25T14:22:27","date_gmt":"2025-01-25T11:22:27","guid":{"rendered":"https:\/\/mersinkadingazetesi.com\/?p=39004"},"modified":"2025-01-25T14:22:28","modified_gmt":"2025-01-25T11:22:28","slug":"baskan-boltac-ortak-akilla-calisarak-daha-guzel-bir-tarsus-birakacagiz","status":"publish","type":"post","link":"https:\/\/mersinkadingazetesi.com\/?p=39004","title":{"rendered":"BA\u015eKAN BOLTA\u00c7: \u201cORTAK AKILLA \u00c7ALI\u015eARAK DAHA G\u00dcZEL B\u0130R TARSUS BIRAKACA\u011eIZ\u201d"},"content":{"rendered":"\n<p>Tarsus Belediye Ba\u015fkan\u0131 Ali Bolta\u00e7, mahallelerin taleplerini ve \u00f6nceliklerini birinci a\u011f\u0131zdan dinlemek amac\u0131yla d\u00fczenlenen kahvalt\u0131 program\u0131nda muhtarlarla bir araya geldi. Samimi bir atmosferde ger\u00e7ekle\u015fen bulu\u015fmada mahallelerin sorunlar\u0131, \u00e7\u00f6z\u00fcm \u00f6nerileri ve devam eden \u00e7al\u0131\u015fmalar \u00fczerine fikir al\u0131\u015fveri\u015finde bulunuldu. Ba\u015fkan Bolta\u00e7, \u201cBen evlatlar\u0131ma, sizlerin evlatlar\u0131na, kiminizin torunlar\u0131na ald\u0131\u011f\u0131m\u0131zdan daha g\u00fczel bir Tarsus b\u0131rakmak i\u00e7in \u00e7al\u0131\u015f\u0131yorum. Muhtarlar\u0131m\u0131 ne mahallesindeki vatanda\u015flara mahcup edece\u011fim, ne de kendimi onlara.\u201d dedi.<\/p>\n\n\n\n<p>Ba\u015fkan Bolta\u00e7, muhtarlar\u0131n yerel y\u00f6netimlerin en \u00f6nemli payda\u015flar\u0131ndan biri oldu\u011funu vurgulayarak, g\u00fc\u00e7l\u00fc bir ileti\u015fim ve i\u015f birli\u011fi i\u00e7erisinde oldu\u011funu belirtti. Programda muhtarlar, Ba\u015fkan Bolta\u00e7\u2019a mahallelerdeki \u00e7al\u0131\u015fmalara verdi\u011fi destek i\u00e7in te\u015fekk\u00fcr etti. Tarsus Belediyesi\u2019nin kat\u0131l\u0131mc\u0131 ve \u00e7\u00f6z\u00fcm odakl\u0131 yakla\u015f\u0131m\u0131yla, mahallelerdeki sorunlara h\u0131zl\u0131 ve etkin \u00e7\u00f6z\u00fcmler sunmaya devam edece\u011fi ifade edildi.<\/p>\n\n\n\n<p><strong>\u201cMUHTARLARIMI NE MAHALLES\u0130NDEK\u0130 VATANDA\u015eLARA MAHCUP EDECE\u011e\u0130M, NE DE KEND\u0130M\u0130 ONLARA\u201d<\/strong><\/p>\n\n\n\n<p>Konu\u015fmalar\u0131na devam eden Ba\u015fkan Bolta\u00e7, \u201cBen evlatlar\u0131ma, sizlerin evlatlar\u0131na, kiminizin torunlar\u0131na ald\u0131\u011f\u0131m\u0131zdan daha g\u00fczel bir Tarsus b\u0131rakmak i\u00e7in \u00e7al\u0131\u015f\u0131yorum. 5 y\u0131ll\u0131k bir s\u0131nav\u0131m\u0131z var. Bu s\u0131nav in\u015fallah sizler i\u00e7in de bizler i\u00e7inde hay\u0131rlara vesile olur. Muhtarlar\u0131m\u0131 ne mahallesindeki vatanda\u015flara mahcup edece\u011fim, ne de kendimi onlara. Sizin \u00e7al\u0131\u015fman\u0131z i\u00e7in ben ve b\u00fct\u00fcn ekip arkada\u015flar\u0131m \u00e7al\u0131\u015facakt\u0131r.\u201d \u015feklinde konu\u015ftu.<\/p>\n\n\n\n<p><strong>\u201cORTAK AKILLA \u00c7ALI\u015eACA\u011eIZ\u201d<\/strong><\/p>\n\n\n\n<p>\u00d6n\u00fcm\u00fczde ki meclis toplant\u0131s\u0131nda g\u00f6n\u00fcll\u00fcler birimi kurulaca\u011f\u0131n\u0131 ifade eden Ba\u015fkan Bolta\u00e7, \u201cBu birim belediyeden herhangi bir maa\u015f almayacak. Ama belediyenin sa\u011fl\u0131k, sanat, turizm ve dezavantajl\u0131 gruplar gibi her alan\u0131nda g\u00f6n\u00fcll\u00fc olarak yer alacak. Her vatanda\u015f kendi alan\u0131nda fikirlerini beyan edebilecek, bize yol haritas\u0131 g\u00f6sterecek ve ortak ak\u0131lla \u00e7al\u0131\u015faca\u011f\u0131z.\u201d diye ifade etti.<\/p>\n\n\n\n<p><strong>\u201c153 ALO T\u0130M, HEM MUHTARLARIN HEM DE VATANDA\u015eLARIN Y\u00dcK\u00dcN\u00dc HAF\u0130FLET\u0130YOR\u201d<\/strong><\/p>\n\n\n\n<p>ALO T\u0130M 153, Tarsus Belediyesi \u0130leti\u015fim Merkezi hakk\u0131nda bilgi veren Ba\u015fkan Bolta\u00e7, \u201cOrada arkada\u015flar sizin notunuzu al\u0131p ilgili birime aktar\u0131yor. Daha sonra taleplerle ilgili \u00e7\u00f6z\u00fcm s\u00fcreci hakk\u0131nda sizleri bilgilendiriyor. Bu bildirimler benim \u00f6n\u00fcme rapor olarak geliyor. Hangi mahallede kim ne talep etmi\u015f, ka\u00e7\u0131na cevap verilmi\u015f hepsini takip ediyorum. Bu sistem, hem sizlerin y\u00fck\u00fcn\u00fc hafifletiyor hem de sorunlara h\u0131zl\u0131 \u00e7\u00f6z\u00fcmler \u00fcretilmesini sa\u011fl\u0131yor. Mahallenizde herkese de bunu s\u00f6yleyin. Akl\u0131n\u0131za ne geliyorsa 153&#8217;e bildirebilirsiniz.\u201d dedi.<\/p>\n","protected":false},"excerpt":{"rendered":"<p>Tarsus Belediye Ba\u015fkan\u0131 Ali Bolta\u00e7, mahallelerin taleplerini ve \u00f6nceliklerini birinci a\u011f\u0131zdan dinlemek amac\u0131yla d\u00fczenlenen kahvalt\u0131 program\u0131nda muhtarlarla bir araya geldi. Samimi bir atmosferde ger\u00e7ekle\u015fen bulu\u015fmada mahallelerin sorunlar\u0131, \u00e7\u00f6z\u00fcm \u00f6nerileri ve devam eden \u00e7al\u0131\u015fmalar \u00fczerine fikir al\u0131\u015fveri\u015finde bulunuldu. Ba\u015fkan Bolta\u00e7, \u201cBen evlatlar\u0131ma, sizlerin evlatlar\u0131na, kiminizin torunlar\u0131na ald\u0131\u011f\u0131m\u0131zdan daha g\u00fczel bir Tarsus b\u0131rakmak i\u00e7in \u00e7al\u0131\u015f\u0131yorum. Muhtarlar\u0131m\u0131 ne [&hellip;]<\/p>\n","protected":false},"author":2,"featured_media":39005,"comment_status":"closed","ping_status":"closed","sticky":false,"template":"","format":"standard","meta":{"footnotes":""},"categories":[3],"tags":[],"class_list":["post-39004","post","type-post","status-publish","format-standard","has-post-thumbnail","hentry","category-manset"],"views":2,"_links":{"self":[{"href":"https:\/\/mersinkadingazetesi.com\/index.php?rest_route=\/wp\/v2\/posts\/39004"}],"collection":[{"href":"https:\/\/mersinkadingazetesi.com\/index.php?rest_route=\/wp\/v2\/posts"}],"about":[{"href":"https:\/\/mersinkadingazetesi.com\/index.php?rest_route=\/wp\/v2\/types\/post"}],"author":[{"embeddable":true,"href":"https:\/\/mersinkadingazetesi.com\/index.php?rest_route=\/wp\/v2\/users\/2"}],"replies":[{"embeddable":true,"href":"https:\/\/mersinkadingazetesi.com\/index.php?rest_route=%2Fwp%2Fv2%2Fcomments&post=39004"}],"version-history":[{"count":1,"href":"https:\/\/mersinkadingazetesi.com\/index.php?rest_route=\/wp\/v2\/posts\/39004\/revisions"}],"predecessor-version":[{"id":39006,"href":"https:\/\/mersinkadingazetesi.com\/index.php?rest_route=\/wp\/v2\/posts\/39004\/revisions\/39006"}],"wp:featuredmedia":[{"embeddable":true,"href":"https:\/\/mersinkadingazetesi.com\/index.php?rest_route=\/wp\/v2\/media\/39005"}],"wp:attachment":[{"href":"https:\/\/mersinkadingazetesi.com\/index.php?rest_route=%2Fwp%2Fv2%2Fmedia&parent=39004"}],"wp:term":[{"taxonomy":"category","embeddable":true,"href":"https:\/\/mersinkadingazetesi.com\/index.php?rest_route=%2Fwp%2Fv2%2Fcategories&post=39004"},{"taxonomy":"post_tag","embeddable":true,"href":"https:\/\/mersinkadingazetesi.com\/index.php?rest_route=%2Fwp%2Fv2%2Ftags&post=39004"}],"curies":[{"name":"wp","href":"https:\/\/api.w.org\/{rel}","templated":true}]}}