{"id":39010,"date":"2025-01-25T14:25:06","date_gmt":"2025-01-25T11:25:06","guid":{"rendered":"https:\/\/mersinkadingazetesi.com\/?p=39010"},"modified":"2025-01-25T14:25:07","modified_gmt":"2025-01-25T11:25:07","slug":"deva-partili-ekmen-marul-ithalati-ciftciye-ihanettir","status":"publish","type":"post","link":"https:\/\/mersinkadingazetesi.com\/?p=39010","title":{"rendered":"DEVA Partili Ekmen: Marul ithalat\u0131 \u00e7ift\u00e7iye ihanettir\u00a0"},"content":{"rendered":"\n<figure class=\"wp-block-table\"><table class=\"has-fixed-layout\"><tbody><tr><td><strong>DEVA Partisi Genel Ba\u015fkan Yard\u0131mc\u0131s\u0131 Mehmet Emin Ekmen, Tarsuslu marul \u00fcreticilerinin \u0130ran ve M\u0131s\u0131r<\/strong><strong>\u2019<\/strong><strong>dan yap\u0131lan marul ithalat\u0131 nedeniyle zor g\u00fcnler ge\u00e7irdi\u011fine dikkat \u00e7ekerek, marul ithalat\u0131na tepki g<\/strong><strong>\u00f6<\/strong><strong>sterdi.<\/strong><strong>&nbsp;<\/strong><strong>Canl\u0131 hayvan ithalat\u0131yla hayvanc\u0131l\u0131\u011f\u0131n&nbsp;<\/strong><strong>\u00f6<\/strong><strong>ld\u00fcr\u00fcld\u00fc\u011f\u00fcn\u00fc vurgulayan Ekmen,&nbsp;<\/strong><strong>\u201c<\/strong><strong>Pamuk ve bu\u011fday ithal ettiniz \u00e7<\/strong><strong>ift<\/strong><strong>\u00e7ili\u011fi&nbsp;<\/strong><strong>\u00f6<\/strong><strong>ld\u00fcrd\u00fcn\u00fcz. \u015eimdi de marul ithal ederek ba\u011f bah\u00e7<\/strong><strong>ecili<\/strong><strong>\u011fi mi&nbsp;<\/strong><strong>\u00f6<\/strong><strong>ld\u00fcrmek istiyorsunuz? Tarsuslu \u00e7<\/strong><strong>ift<\/strong><strong>\u00e7inin atadan dededen miras kalan ve minimum 20 TL<\/strong><strong>\u2019<\/strong><strong>ye mal etti\u011fi marula kar\u015f\u0131, \u0130ran<\/strong><strong>\u2019<\/strong><strong>dan marul getirtip 15 TL<\/strong><strong>\u2019<\/strong><strong>ye satmak tar\u0131<\/strong><strong>ma&nbsp;<\/strong><strong>\u00e7<\/strong><strong>ift<\/strong><strong>\u00e7ili\u011fe bah\u00e7<\/strong><strong>ecili<\/strong><strong>\u011fe ihanettir\u201d dedi.&nbsp;<\/strong>&nbsp;DEVA Partisi Genel Ba\u015fkan Yard\u0131mc\u0131s\u0131 ve Mersin Milletvekili Mehmet Emin Ekmen, \u0130ran ve M\u0131s\u0131r\u2019dan yap\u0131lan marul ithalat\u0131 nedeniyle Tarsuslu marul \u00fcreticilerinin zor g\u00fcnler ge\u00e7irdi\u011fini s\u00f6yleyerek, marul ithalat\u0131na tepki g\u00f6sterdi.&nbsp;<strong>Hayvanc\u0131l\u0131\u011f\u0131n ard\u0131ndan, ba\u011f bah\u00e7ecili\u011fi de \u00f6ld\u00fcrmek mi istiyorsunuz?&nbsp;<\/strong>Tar\u0131m yazar\u0131 Ali Ekber Y\u0131ld\u0131r\u0131m\u2019\u0131n Tarsuslu bir marul \u00fcreticisinin \u0130ran ve M\u0131s\u0131r\u2019dan yap\u0131lan marul ithalat\u0131 nedeniyle yerli \u00fcreticilerin tehdit alt\u0131nda oldu\u011funu ve \u00fcr\u00fcnlerini satamad\u0131\u011f\u0131n\u0131 belirtmesine dikkat \u00e7eken Ekmen, canl\u0131 hayvan ithalat\u0131yla hayvanc\u0131l\u0131\u011f\u0131n&nbsp;\u00f6ld\u00fcr\u00fcld\u00fc\u011f\u00fcne vurgu yaparak,&nbsp;\u201cPamuk ve bu\u011fday ithal ettiniz \u00e7ift\u00e7ili\u011fi&nbsp;\u00f6ld\u00fcrd\u00fcn\u00fcz. \u015eimdi de marul ithal ederek ba\u011f bah\u00e7ecili\u011fi mi&nbsp;\u00f6ld\u00fcrmek istiyorsunuz?\u201ddiyerek tepki g\u00f6sterdi.&nbsp;<strong>\u00c7ift\u00e7iyi tar\u0131mdan kopar\u0131yorsunuz!&nbsp;<\/strong>\u0130ran\u2019dan ithal edilen marulun \u00e7ift\u00e7iye ihanet oldu\u011funun alt\u0131n\u0131 \u00e7izen Ekmen, \u015funlar\u0131 kaydetti;&nbsp;\u201cTarsuslu \u00e7ift\u00e7inin atadan dededen miras kalan ve minimum 20 TL\u2019ye mal etti\u011fi marula kar\u015f\u0131, \u0130ran\u2019dan marul getirtip 15 TL\u2019ye satmak tar\u0131ma&nbsp;\u00e7ift\u00e7ili\u011fe bah\u00e7ecili\u011fe ihanettir. G\u0131da enflasyonu ithal \u00fcr\u00fcnlerle bitmez. G\u0131da ile enflasyonu kayna\u011f\u0131nda \u00e7ift\u00e7iyi ve \u00fcretim maliyetlerini destekleyerek d\u00fc\u015fer. Tarsuslu \u00e7ift\u00e7iye k\u0131ymay\u0131n!&nbsp;\u00c7ift\u00e7inin kulland\u0131\u011f\u0131; g\u00fcbre pahal\u0131, mazot pahal\u0131, sulama bedeli ve elektri\u011fi pahal\u0131, vergiler y\u00fcksek, destekler yetersiz! Yetersiz destekler ve yanl\u0131\u015f ithalat politikalar\u0131 ile \u00e7ift\u00e7iyi tar\u0131mdan kopart\u0131yorsunuz sonra fahi\u015f fiyat\u0131n su\u00e7lusunu ar\u0131yorsunuz! Su\u00e7lu belli de\u011fil mi?\u201d<\/td><\/tr><\/tbody><\/table><\/figure>\n","protected":false},"excerpt":{"rendered":"<p>DEVA Partisi Genel Ba\u015fkan Yard\u0131mc\u0131s\u0131 Mehmet Emin Ekmen, Tarsuslu marul \u00fcreticilerinin \u0130ran ve M\u0131s\u0131r\u2019dan yap\u0131lan marul ithalat\u0131 nedeniyle zor g\u00fcnler ge\u00e7irdi\u011fine dikkat \u00e7ekerek, marul ithalat\u0131na tepki g\u00f6sterdi.&nbsp;Canl\u0131 hayvan ithalat\u0131yla hayvanc\u0131l\u0131\u011f\u0131n&nbsp;\u00f6ld\u00fcr\u00fcld\u00fc\u011f\u00fcn\u00fc vurgulayan Ekmen,&nbsp;\u201cPamuk ve bu\u011fday ithal ettiniz \u00e7ift\u00e7ili\u011fi&nbsp;\u00f6ld\u00fcrd\u00fcn\u00fcz. \u015eimdi de marul ithal ederek ba\u011f bah\u00e7ecili\u011fi mi&nbsp;\u00f6ld\u00fcrmek istiyorsunuz? Tarsuslu \u00e7ift\u00e7inin atadan dededen miras kalan ve minimum 20 [&hellip;]<\/p>\n","protected":false},"author":2,"featured_media":39011,"comment_status":"closed","ping_status":"closed","sticky":false,"template":"","format":"standard","meta":{"footnotes":""},"categories":[3],"tags":[],"class_list":["post-39010","post","type-post","status-publish","format-standard","has-post-thumbnail","hentry","category-manset"],"views":5,"_links":{"self":[{"href":"https:\/\/mersinkadingazetesi.com\/index.php?rest_route=\/wp\/v2\/posts\/39010"}],"collection":[{"href":"https:\/\/mersinkadingazetesi.com\/index.php?rest_route=\/wp\/v2\/posts"}],"about":[{"href":"https:\/\/mersinkadingazetesi.com\/index.php?rest_route=\/wp\/v2\/types\/post"}],"author":[{"embeddable":true,"href":"https:\/\/mersinkadingazetesi.com\/index.php?rest_route=\/wp\/v2\/users\/2"}],"replies":[{"embeddable":true,"href":"https:\/\/mersinkadingazetesi.com\/index.php?rest_route=%2Fwp%2Fv2%2Fcomments&post=39010"}],"version-history":[{"count":1,"href":"https:\/\/mersinkadingazetesi.com\/index.php?rest_route=\/wp\/v2\/posts\/39010\/revisions"}],"predecessor-version":[{"id":39012,"href":"https:\/\/mersinkadingazetesi.com\/index.php?rest_route=\/wp\/v2\/posts\/39010\/revisions\/39012"}],"wp:featuredmedia":[{"embeddable":true,"href":"https:\/\/mersinkadingazetesi.com\/index.php?rest_route=\/wp\/v2\/media\/39011"}],"wp:attachment":[{"href":"https:\/\/mersinkadingazetesi.com\/index.php?rest_route=%2Fwp%2Fv2%2Fmedia&parent=39010"}],"wp:term":[{"taxonomy":"category","embeddable":true,"href":"https:\/\/mersinkadingazetesi.com\/index.php?rest_route=%2Fwp%2Fv2%2Fcategories&post=39010"},{"taxonomy":"post_tag","embeddable":true,"href":"https:\/\/mersinkadingazetesi.com\/index.php?rest_route=%2Fwp%2Fv2%2Ftags&post=39010"}],"curies":[{"name":"wp","href":"https:\/\/api.w.org\/{rel}","templated":true}]}}