{"id":39013,"date":"2025-01-25T14:26:00","date_gmt":"2025-01-25T11:26:00","guid":{"rendered":"https:\/\/mersinkadingazetesi.com\/?p=39013"},"modified":"2025-01-25T14:26:00","modified_gmt":"2025-01-25T11:26:00","slug":"musiad-mersin-subesi-22-olagan-kurulunu-gerceklestirdi","status":"publish","type":"post","link":"https:\/\/mersinkadingazetesi.com\/?p=39013","title":{"rendered":"M\u00dcS\u0130AD MERS\u0130N \u015eUBES\u0130 22. OLA\u011eAN KURULUNU GER\u00c7EKLE\u015eT\u0130RD\u0130"},"content":{"rendered":"\n<p>M\u00dcS\u0130AD Mersin \u015eubesi&#8217;nin 22. Ola\u011fan Kurulu&#8217;nda \u00f6nceki d\u00f6nem ba\u015fkan\u0131 Mehmet Sait Kayan, yeniden g\u00fcven tazeleyerek ba\u015fkanl\u0131k g\u00f6revine se\u00e7ildi. Etkinlikte konu\u015fan Kayan, &#8220;Bug\u00fcn, M\u00dcS\u0130AD Mersin \u015eubesi olarak \u00f6nemli bir d\u00f6n\u00fcm noktas\u0131nday\u0131z. Ge\u00e7ti\u011fimiz d\u00f6nemde kazand\u0131\u011f\u0131m\u0131z tecr\u00fcbelerle, yeni projelere ve i\u015f birliklerine imza atarak \u015fubemizi daha ileriye ta\u015f\u0131mak i\u00e7in hep birlikte \u00e7al\u0131\u015faca\u011f\u0131z. Bize g\u00fcvenen ve destek veren t\u00fcm \u00fcyelerimize te\u015fekk\u00fcr ediyorum&#8221; dedi.<\/p>\n\n\n\n<p>M\u00fcstakil Sanayici ve \u0130\u015fadamlar\u0131 Derne\u011fi (M\u00dcS\u0130AD) 22. Ola\u011fan Kurul Toplant\u0131s\u0131&#8217;n\u0131 Divan Otel&#8217;de ger\u00e7ekle\u015ftirdi. M\u00dcS\u0130AD Genel Ba\u015fkan Yard\u0131mc\u0131s\u0131 Burhan \u00d6zdemir&#8217;in kat\u0131l\u0131m\u0131yla yap\u0131lan toplant\u0131ya; Hazine ve Maliye Bakan\u0131 ve Mersin Milletvekili Nurettin Nebati, Mersin Valisi Ali Hamza Pehlivan, Mersin Milletvekilleri G\u00fclcan K\u0131\u015f, Ali K\u0131ratl\u0131 ve Mehmet Emin Ekmen, Mersin B\u00fcy\u00fck\u015fehir Belediye Ba\u015fkan\u0131 Vahap Se\u00e7er, Mersin Ticaret ve Sanayi Odas\u0131 Y\u00f6netim Kurulu Ba\u015fkan\u0131 Hakan Sefa \u00c7ak\u0131r, Mersin Ticaret ve Sanayi Odas\u0131 Meclis Ba\u015fkan\u0131 Abdulhamit \u0130zol, Ticaret Borsas\u0131 Y\u00f6netim Kurulu Ba\u015fkan\u0131 Abdullah \u00d6zdemir, Ticaret Odas\u0131 Meclis Ba\u015fkan\u0131 M\u00fcnir \u015een, Mersin \u00dcniversitesi Rekt\u00f6r\u00fc Prof. Dr. Erol Ya\u015far, siyasi partilerin il ba\u015fkanlar\u0131, sivil toplum kurulu\u015flar\u0131n\u0131n (STK) ba\u015fkanlar\u0131 ve i\u015f d\u00fcnyas\u0131n\u0131n \u00f6nde gelen isimleri kat\u0131ld\u0131.<\/p>\n\n\n\n<p>Kuran-\u0131 Kerim tilaveti, sayg\u0131 duru\u015fu ve \u0130stiklal Mar\u015f\u0131&#8217;n\u0131n okunmas\u0131yla ba\u015flayan kurul; divan kurulunun olu\u015fturulmas\u0131 ve g\u00fcndem maddelerinin g\u00f6r\u00fc\u015f\u00fclmesiyle devam etti. Kurulda, \u00f6nceki d\u00f6nem ba\u015fkan\u0131 Mehmet Sait Kayan, yeniden g\u00fcven tazeleyerek ba\u015fkanl\u0131k g\u00f6revine se\u00e7ildi. G\u00f6reve yeniden se\u00e7ilen Kayan, \u015fube olarak \u00f6n\u00fcm\u00fczdeki d\u00f6nemde daha b\u00fcy\u00fck ad\u0131mlar atmay\u0131 hedeflediklerini belirtti.<\/p>\n\n\n\n<p>&#8220;\u015eEHR\u0130M\u0130Z\u0130N EKONOM\u0130K KALKINMASINI \u0130LER\u0130YE TA\u015eIMAK \u0130\u00c7\u0130N TOPLANDIK&#8221;<\/p>\n\n\n\n<p>Etkinlikte konu\u015fan \u00f6nceki d\u00f6nem Hazine ve Maliye Bakan\u0131 ve Mersin Milletvekili Nurettin Nebati, &#8220;Mersin&#8217;in ekonomik g\u00fcc\u00fcn\u00fcn artt\u0131r\u0131lmas\u0131n\u0131n T\u00fcrkiye&#8217;nin genel kalk\u0131nmas\u0131 i\u00e7in de b\u00fcy\u00fck bir \u00f6neme sahip oldu\u011funu belirtti. Nebati, &#8220;Mersin, hem co\u011frafi konumu hem de ekonomik potansiyeliyle T\u00fcrkiye&#8217;nin parlayan y\u0131ld\u0131zlar\u0131ndan biri. Bug\u00fcn burada, \u015fehrimizin ekonomik kalk\u0131nmas\u0131n\u0131 daha da ileriye ta\u015f\u0131mak i\u00e7in birlikte \u00e7al\u0131\u015fmak \u00fczere topland\u0131k. G\u00fc\u00e7l\u00fc bir i\u015f d\u00fcnyas\u0131 ve g\u00fc\u00e7l\u00fc bir siyasi irade, her iki alan\u0131n da s\u00fcrd\u00fcr\u00fclebilir kalk\u0131nmas\u0131na b\u00fcy\u00fck katk\u0131 sa\u011flar. Birlikte \u00e7al\u0131\u015farak, Mersin&#8217;in potansiyelini tam anlam\u0131yla hayata ge\u00e7irebiliriz&#8221; dedi.<\/p>\n\n\n\n<p>&#8220;MERS\u0130N, T\u00dcRK\u0130YE&#8217;N\u0130N EN \u00d6NEML\u0130 \u015eEH\u0130RLER\u0130NDEN B\u0130R\u0130 OLMA YOLUNDA EM\u0130N ADIMLARLA \u0130LERLEYECEKT\u0130R&#8221;<\/p>\n\n\n\n<p>Mersin Valisi Ali Hamza Pehlivan da etkinlikte yapt\u0131\u011f\u0131 konu\u015fmas\u0131nda, \u015fehrin kalk\u0131nmas\u0131nda siyaset, i\u015f d\u00fcnyas\u0131 ve STK&#8217;lar\u0131n i\u015fbirli\u011finin ne denli \u00f6nemli oldu\u011funu vurgulad\u0131. Vali Pehlivan, &#8220;Mersin&#8217;in her bir ferdinin katk\u0131s\u0131 b\u00fcy\u00fck. Bu \u015fehri ileriye ta\u015f\u0131mak i\u00e7in t\u00fcm payda\u015flarla el birli\u011fi yapmam\u0131z gerekiyor. Bug\u00fcn burada bulunan t\u00fcm isimler, Mersin i\u00e7in daha iyi bir yar\u0131n in\u015fa etmek ad\u0131na g\u00fc\u00e7l\u00fc bir sinerji yaratmaktad\u0131r. Bu birlik ve beraberlik, \u015fehrimizin her alanda geli\u015fmesini sa\u011flayacak ve Mersin, T\u00fcrkiye&#8217;nin en \u00f6nemli \u015fehirlerinden biri olma yolunda emin ad\u0131mlarla ilerleyecektir&#8221; ifadelerini kulland\u0131.<\/p>\n\n\n\n<p>SE\u00c7ER PROJELER\u0130N\u0130 ANLATTI<\/p>\n\n\n\n<p>Mersin B\u00fcy\u00fck\u015fehir Belediye Ba\u015fkan\u0131 Vahap Se\u00e7er ise \u015fehrin gelece\u011fi i\u00e7in planlad\u0131klar\u0131 yeni projeleri ve programlar\u0131 kat\u0131l\u0131mc\u0131larla payla\u015ft\u0131. &#8220;Mersin, her ne kadar farkl\u0131 siyasi g\u00f6r\u00fc\u015flere sahip insanlar\u0131yla bir arada olsa da, bizler bu \u015fehri birlikte, el birli\u011fiyle y\u00f6netiyor ve Mersin&#8217;i daha ayd\u0131nl\u0131k bir gelece\u011fe ta\u015f\u0131mak i\u00e7in hep birlikte \u00e7al\u0131\u015f\u0131yoruz&#8221; diyen Se\u00e7er, kat\u0131l\u0131mc\u0131lara Mersin i\u00e7in haz\u0131rlad\u0131klar\u0131 b\u00fcy\u00fck projelerden bahsederek, \u015fehrin ekonomik ve sosyal kalk\u0131nmas\u0131n\u0131 art\u0131racak ad\u0131mlar atacaklar\u0131n\u0131 belirtti.<\/p>\n\n\n\n<p>Mersin Ticaret ve Sanayi Odas\u0131 Y\u00f6netim Kurulu Ba\u015fkan\u0131 Hakan Sefa \u00c7ak\u0131r, Ticaret Borsas\u0131 Y\u00f6netim Kurulu Ba\u015fkan\u0131 Abdullah \u00d6zdemir, Mersin Ticaret Odas\u0131 Meclis Ba\u015fkan\u0131 M\u00fcnir \u015een ve di\u011fer bir\u00e7ok \u00f6nemli isim, Mersin&#8217;in kalk\u0131nmas\u0131 ve gelece\u011fi i\u00e7in i\u015fbirli\u011fi ve dayan\u0131\u015fman\u0131n \u00f6nemini vurgulad\u0131.<\/p>\n\n\n\n<p>Toplant\u0131ya kat\u0131lan Mersin Milletvekilleri G\u00fclcan K\u0131\u015f, Ali K\u0131ratl\u0131, Mehmet Emin Ekmen, Mersin&#8217;in geli\u015fimi ad\u0131na siyaset\u00e7iler ve i\u015f insanlar\u0131 olarak ortak bir \u00e7aba i\u00e7inde olunmas\u0131 gerekti\u011fini belirttiler. &#8220;Mersin&#8217;e hizmette yar\u0131\u015fmak, bu \u015fehri daha ileriye ta\u015f\u0131mak i\u00e7in el birli\u011fiyle \u00e7al\u0131\u015fmal\u0131y\u0131z&#8221; diyen kat\u0131l\u0131mc\u0131lar, \u015fehrin her kesiminden insanlar\u0131 bir araya getiren b\u00f6yle bir etkinli\u011fi d\u00fczenledi\u011fi i\u00e7in M\u00dcS\u0130AD&#8217;a te\u015fekk\u00fcr ettiler.<\/p>\n\n\n\n<p>KAYAN: \u015eUBEM\u0130Z\u0130 DAHA \u0130LER\u0130YE TA\u015eIMAK \u0130\u00c7\u0130N HER B\u0130RL\u0130KTE \u00c7ALI\u015eACA\u011eIZ<\/p>\n\n\n\n<p>M\u00dcS\u0130AD Mersin \u015eubesi Ba\u015fkan\u0131 Mehmet Sait Kayan, yeniden g\u00fcven tazeleyerek ba\u015fkanl\u0131k g\u00f6revine se\u00e7ilmesinin ard\u0131ndan yapt\u0131\u011f\u0131 konu\u015fmada, &#8220;Bug\u00fcn, M\u00dcS\u0130AD Mersin \u015eubesi olarak \u00f6nemli bir d\u00f6n\u00fcm noktas\u0131nday\u0131z. Ge\u00e7ti\u011fimiz d\u00f6nemde kazand\u0131\u011f\u0131m\u0131z tecr\u00fcbelerle, yeni projelere ve i\u015f birliklerine imza atarak \u015fubemizi daha ileriye ta\u015f\u0131mak i\u00e7in hep birlikte \u00e7al\u0131\u015faca\u011f\u0131z. Bize g\u00fcvenen ve destek veren t\u00fcm \u00fcyelerimize te\u015fekk\u00fcr ediyorum. Unutmayal\u0131m ki, bizler sadece Mersin&#8217;in de\u011fil, T\u00fcrkiye&#8217;nin ekonomik kalk\u0131nmas\u0131na da katk\u0131 sa\u011flamakla y\u00fck\u00fcml\u00fc bir aileyiz. M\u00dcS\u0130AD olarak \u00fclke \u00e7ap\u0131nda \u00fcstlendi\u011fimiz sorumluluk, yerel \u00f6l\u00e7ekteki g\u00fcc\u00fcm\u00fczle birle\u015ferek b\u00fcy\u00fck bir potansiyel yarat\u0131yor. Bu sorumlulu\u011fu, her ge\u00e7en g\u00fcn daha da g\u00fc\u00e7lenen i\u015f birliklerimiz ve projelerimizle daha da peki\u015ftirece\u011fiz&#8221; ifadelerini kulland\u0131.<\/p>\n\n\n\n<p>Birlik ve beraberlik i\u00e7erisinde hareket ettiklerinde, zorluklar\u0131 a\u015fmak ve daha g\u00fc\u00e7l\u00fc bir Mersin yaratman\u0131n m\u00fcmk\u00fcn olaca\u011f\u0131n\u0131 dile getiren Kayan, &#8220;M\u00dcS\u0130AD, bu de\u011ferlerle b\u00fcy\u00fcyen ve g\u00fc\u00e7lenen bir kurulu\u015f olarak, hem \u00fclke \u00e7ap\u0131nda hem de yerel d\u00fczeyde i\u015f d\u00fcnyas\u0131n\u0131n ve giri\u015fimcili\u011fin \u00f6nc\u00fcs\u00fc olma misyonunu ta\u015f\u0131maktad\u0131r. Bu do\u011frultuda, yeni d\u00f6nemde de daha fazla i\u015fbirli\u011fi ve g\u00fc\u00e7 birli\u011fi yaparak, Mersin&#8217;in ve T\u00fcrkiye&#8217;nin ekonomik gelece\u011fini \u015fekillendirmeye devam edece\u011fiz&#8221; diyerek s\u00f6zlerini noktalad\u0131.<\/p>\n\n\n\n<p>YEN\u0130 Y\u00d6NET\u0130M BELL\u0130 OLDU<\/p>\n\n\n\n<p>Ba\u015fkan Mehmet Sait Kayan y\u00f6netimindeki M\u00dcS\u0130AD&#8217;\u0131n yeni y\u00f6netim kurulunda ise \u015fu isimler yer ald\u0131: Hayri Top\u00e7u, Erkan \u015eenocak, Nafiz Deniz, Mehmet Emin Y\u0131ld\u0131z, Tevfik Tekin, Ercan Baltu, Burhan \u015ei\u011fva, \u00d6mer Faruk Akba\u015f, Ramazan \u00c7etinkaya, Mehmet Can Yeni, Hasan Timurta\u015f, Salihcan Sa\u011flam, Yunus Yetkin, \u0130smail G\u00f6kmen, Tur\u011fay Tekin, Aziz Erguvan, Kemal Cemal Oku\u015f, Okan Kaplan, Emrah G\u00fc\u00e7l\u00fc, Aykut Kutlu, Veysel M\u0131zrak, Mehmet Ali Yener, Mustafa \u00dcmit Ya\u011fc\u0131, Sulhattin Sadi, Ali Dara, Muhammet Gen\u00e7, Riyahdan Kartal, Abdulkadir Erkarg\u0131n ve \u00d6m\u00fcr \u0130brahim Altun\u0131\u015f\u0131k.<\/p>\n","protected":false},"excerpt":{"rendered":"<p>M\u00dcS\u0130AD Mersin \u015eubesi&#8217;nin 22. Ola\u011fan Kurulu&#8217;nda \u00f6nceki d\u00f6nem ba\u015fkan\u0131 Mehmet Sait Kayan, yeniden g\u00fcven tazeleyerek ba\u015fkanl\u0131k g\u00f6revine se\u00e7ildi. Etkinlikte konu\u015fan Kayan, &#8220;Bug\u00fcn, M\u00dcS\u0130AD Mersin \u015eubesi olarak \u00f6nemli bir d\u00f6n\u00fcm noktas\u0131nday\u0131z. Ge\u00e7ti\u011fimiz d\u00f6nemde kazand\u0131\u011f\u0131m\u0131z tecr\u00fcbelerle, yeni projelere ve i\u015f birliklerine imza atarak \u015fubemizi daha ileriye ta\u015f\u0131mak i\u00e7in hep birlikte \u00e7al\u0131\u015faca\u011f\u0131z. Bize g\u00fcvenen ve destek veren t\u00fcm [&hellip;]<\/p>\n","protected":false},"author":2,"featured_media":39014,"comment_status":"closed","ping_status":"closed","sticky":false,"template":"","format":"standard","meta":{"footnotes":""},"categories":[3],"tags":[],"class_list":["post-39013","post","type-post","status-publish","format-standard","has-post-thumbnail","hentry","category-manset"],"views":1,"_links":{"self":[{"href":"https:\/\/mersinkadingazetesi.com\/index.php?rest_route=\/wp\/v2\/posts\/39013"}],"collection":[{"href":"https:\/\/mersinkadingazetesi.com\/index.php?rest_route=\/wp\/v2\/posts"}],"about":[{"href":"https:\/\/mersinkadingazetesi.com\/index.php?rest_route=\/wp\/v2\/types\/post"}],"author":[{"embeddable":true,"href":"https:\/\/mersinkadingazetesi.com\/index.php?rest_route=\/wp\/v2\/users\/2"}],"replies":[{"embeddable":true,"href":"https:\/\/mersinkadingazetesi.com\/index.php?rest_route=%2Fwp%2Fv2%2Fcomments&post=39013"}],"version-history":[{"count":1,"href":"https:\/\/mersinkadingazetesi.com\/index.php?rest_route=\/wp\/v2\/posts\/39013\/revisions"}],"predecessor-version":[{"id":39015,"href":"https:\/\/mersinkadingazetesi.com\/index.php?rest_route=\/wp\/v2\/posts\/39013\/revisions\/39015"}],"wp:featuredmedia":[{"embeddable":true,"href":"https:\/\/mersinkadingazetesi.com\/index.php?rest_route=\/wp\/v2\/media\/39014"}],"wp:attachment":[{"href":"https:\/\/mersinkadingazetesi.com\/index.php?rest_route=%2Fwp%2Fv2%2Fmedia&parent=39013"}],"wp:term":[{"taxonomy":"category","embeddable":true,"href":"https:\/\/mersinkadingazetesi.com\/index.php?rest_route=%2Fwp%2Fv2%2Fcategories&post=39013"},{"taxonomy":"post_tag","embeddable":true,"href":"https:\/\/mersinkadingazetesi.com\/index.php?rest_route=%2Fwp%2Fv2%2Ftags&post=39013"}],"curies":[{"name":"wp","href":"https:\/\/api.w.org\/{rel}","templated":true}]}}