{"id":39016,"date":"2025-01-25T14:27:02","date_gmt":"2025-01-25T11:27:02","guid":{"rendered":"https:\/\/mersinkadingazetesi.com\/?p=39016"},"modified":"2025-01-25T14:27:03","modified_gmt":"2025-01-25T11:27:03","slug":"tarsusta-mutlu-cocuk-parki-acildi","status":"publish","type":"post","link":"https:\/\/mersinkadingazetesi.com\/?p=39016","title":{"rendered":"TARSUS\u2019TA &#8220;MUTLU \u00c7OCUK PARKI&#8221; A\u00c7ILDI!"},"content":{"rendered":"\n<p>Tarsus Belediyesi, Atat\u00fcrk Mahallesi\u2019nde uzun y\u0131llard\u0131r at\u0131l durumda olan alan\u0131 modern bir parka d\u00f6n\u00fc\u015ft\u00fcrerek vatanda\u015flar\u0131n hizmetine sundu. Tarsus Belediye Ba\u015fkan\u0131 Ali Bolta\u00e7\u2019\u0131n kat\u0131l\u0131m\u0131yla ger\u00e7ekle\u015ftirilen Mutlu \u00c7ocuk Park\u0131\u2019n\u0131n a\u00e7\u0131l\u0131\u015f\u0131, mahalle sakinleri ve \u00e7ocuklar\u0131n yo\u011fun ilgisiyle b\u00fcy\u00fck bir co\u015fkuya sahne oldu.<\/p>\n\n\n\n<p>A\u00e7\u0131l\u0131\u015fta konu\u015fan Ba\u015fkan Ali Bolta\u00e7, \u00e7evreye duyarl\u0131 ve insan odakl\u0131 projelerle Tarsus\u2019un her k\u00f6\u015fesine de\u011fer katmaya devam ettiklerini belirtti. Bolta\u00e7, park\u0131n, \u00e7ocuk dostu bir \u015fehir vizyonunun \u00f6nemli bir par\u00e7as\u0131 oldu\u011funu vurgulayarak \u015funlar\u0131 s\u00f6yledi: \u201cBiz, bu \u015fehri \u00e7ocuklar\u0131m\u0131z i\u00e7in daha ya\u015fanabilir hale getirme s\u00f6z\u00fc verdik. Bug\u00fcn a\u00e7\u0131l\u0131\u015f\u0131n\u0131 yapt\u0131\u011f\u0131m\u0131z Mutlu \u00c7ocuk Park\u0131, sadece bir oyun alan\u0131 de\u011fil; \u00e7ocuklar\u0131m\u0131z\u0131n g\u00fcvenle oynayabilece\u011fi, ailelerin keyifle vakit ge\u00e7irebilece\u011fi, mahallemize nefes ald\u0131ran bir ye\u015fil alan. \u00c7ocuklar\u0131m\u0131z mutlu olsun ki Tarsus\u2019un yar\u0131nlar\u0131 umut dolu olsun.\u201d<\/p>\n\n\n\n<p><strong>PARKA \u00c7OCUKLARDAN B\u00dcY\u00dcK \u0130LG\u0130<\/strong><\/p>\n\n\n\n<p>Modern tasar\u0131m\u0131 ve geni\u015f ye\u015fil alan\u0131yla dikkat \u00e7eken Mutlu \u00c7ocuk Park\u0131, \u00e7ocuklar\u0131n g\u00fcvenli bir \u015fekilde oynayabilece\u011fi donan\u0131mlar\u0131 ve peyzaj d\u00fczenlemeleriyle mahalleye yeni bir soluk getirdi. A\u00e7\u0131l\u0131\u015f s\u0131ras\u0131nda d\u00fczenlenen bando g\u00f6sterisi, y\u00fcz boyama etkinlikleri, balon ve patlam\u0131\u015f m\u0131s\u0131r ikram\u0131 ile \u00e7ocuklar doyas\u0131ya e\u011flenirken, aileler de bu yeni ya\u015fam alan\u0131n\u0131n mutlulu\u011funu ya\u015fad\u0131.<\/p>\n\n\n\n<p><strong>MODERN VE \u00c7EVREC\u0130 TASARIM<\/strong><\/p>\n\n\n\n<p>Tarsus Belediyesi Park ve Bah\u00e7eler M\u00fcd\u00fcrl\u00fc\u011f\u00fc ekipleri taraf\u0131ndan hayata ge\u00e7irilen Mutlu \u00c7ocuk Park\u0131\u2019nda, \u00e7ocuk oyun gruplar\u0131n\u0131n yan\u0131 s\u0131ra ye\u015fil alanlar, oturma alanlar\u0131 da yer al\u0131yor. A\u011fa\u00e7land\u0131rma \u00e7al\u0131\u015fmalar\u0131, \u00e7e\u015fitli peyzaj bitkileriyle estetik bir g\u00f6r\u00fcn\u00fcm kazanan park, Atat\u00fcrk Mahallesi\u2019nin \u00e7ehresini de\u011fi\u015ftirdi.<\/p>\n\n\n\n<p><strong>\u201cBU \u015eEH\u0130RDE GELECEK VAR, MUTLULUK VAR, HUZUR VAR\u201d<\/strong><\/p>\n\n\n\n<p>Tarsus\u2019ta art\u0131k gelece\u011fin var oldu\u011funun vurgusunu yapan Ba\u015fkan Bolta\u00e7, Tarsus&#8217;un her k\u00f6\u015fesinden, Tarsus&#8217;un her ki\u015fisinden, \u00e7ocuklar\u0131m\u0131z i\u00e7in &#8220;\u00c7ocuk Dostu Bir \u015eehir&#8221; in\u015fa ediyoruz. Diyoruz ki; bu \u015fehirde gelecek var, mutluluk var, huzur var, daha iyi bir hayat var. Dile\u011fimiz odur ki, mutlu \u00e7ocuklar, mutlu aileler, mutlu Tarsus olsun. Hepinizin bildi\u011fi \u00fczere 2000 y\u0131l\u0131 sonras\u0131 do\u011fan \u00e7ocuklar\u0131m\u0131zda mahalle arkada\u015f\u0131 kavram\u0131na pek rastlam\u0131yoruz. \u00c7ocuklar\u0131m\u0131z\u0131 g\u00fcvenlikli sitelerde, korunakl\u0131 okullarda, tekinsiz caddelerden uzak tutarak yeti\u015ftirmeye \u00e7al\u0131\u015f\u0131yoruz. Dolay\u0131s\u0131yla \u00e7ocuklar\u0131m\u0131z\u0131 sokaklardan uzak fakat teknolojiye ba\u011f\u0131ml\u0131 bir halde b\u00fcy\u00fct\u00fcyoruz. \u0130\u015fte bu nedenle bir \u015fehir geli\u015firken, de\u011fi\u015firken, d\u00f6n\u00fc\u015f\u00fcrken merkezine \u00f6ncelikle \u00e7ocuklar\u0131 koymal\u0131.\u201d diye ifade etti.<\/p>\n\n\n\n<p><strong>\u201c\u00c7OCUKLARIMIZ B\u00dcY\u00dcRKEN BU \u015eEH\u0130RDE MUTLU OLACAK G\u00dcZEL ANILAR B\u0130R\u0130KT\u0130RECEK\u201d<\/strong><\/p>\n\n\n\n<p>Her zaman \u00e7ocuklar i\u00e7in mutlu bir \u015fehir in\u015fa etme gayesini vurgulayan Ba\u015fkan Bolta\u00e7, \u201c\u00c7ocuklar\u0131m\u0131z b\u00fcy\u00fcrken bu \u015fehirde mutlu olacak g\u00fczel an\u0131lar biriktirecek ki bu \u015fehre sevdal\u0131 olsun. Yar\u0131nlarda bu \u015fehir i\u00e7in kayg\u0131lans\u0131n, bu \u015fehre kendisini ait hissetsin, b\u00fcy\u00fc\u011f\u00fcne h\u00fcrmet etsin, k\u00fc\u00e7\u00fc\u011f\u00fcn\u00fc sevsin, canl\u0131s\u0131n\u0131 sevsin, a\u011fac\u0131n\u0131 korusun, soka\u011f\u0131na, caddesine, memleketine, bayra\u011f\u0131na sahip \u00e7\u0131ks\u0131n. Biz \u015fu fikre y\u00fcrekten inan\u0131yoruz, \u00e7ocuklar i\u00e7in mutlu bir \u015fehir in\u015fa edersek herkes i\u00e7in mutlu, ba\u015far\u0131l\u0131, ya\u015fanabilir bir \u015fehir in\u015fa etmi\u015f oluruz.&#8221; \u015feklinde konu\u015ftu.<\/p>\n\n\n\n<p><strong>\u201c\u00c7OCUKLARIMIZA YA\u015eANAB\u0130L\u0130R B\u0130R TARSUS, GEN\u00c7LER\u0130M\u0130ZE TEM\u0130Z B\u0130R TARSUS TESL\u0130M ETMEK \u0130ST\u0130YORUZ\u201d<\/strong><\/p>\n\n\n\n<p>Tarsus\u2019un mutlu \u00e7ocuk \u015fehri olmas\u0131 gerekti\u011fini kaydeden Ba\u015fkan Bolta\u00e7 \u201cUlusun egemenlik bayram\u0131n\u0131 \u00e7ocuklara arma\u011fan eden, Cumhuriyeti ise gen\u00e7li\u011fe emanet eden, Ulu \u00d6nder Gazi Mustafa Kemal Atat\u00fcrk&#8217;\u00fcn izinden gidenler olarak; bizlerde, \u00e7ocuklar\u0131m\u0131za ya\u015fanabilir bir Tarsus, gen\u00e7lerimize temiz bir Tarsus teslim etmek istiyoruz. \u0130\u015fte bu niyetle; Atas\u0131n\u0131 seven, Vatan\u0131n\u0131 seven \u00e7ocuklar yeti\u015ftirmek i\u00e7in, mutlu \u00e7ocuklar g\u00f6rmek i\u00e7in bug\u00fcn Mutlu \u00c7ocuk Park\u0131\u2019n\u0131 a\u00e7\u0131yoruz. \u00c7ocuklar\u0131m\u0131z daha \u00e7ok oynamal\u0131, daha g\u00fczel \u015fartlarda oynamal\u0131, Tarsus mutlu \u00e7ocuklar \u015fehri olmal\u0131. Mutlu \u00e7ocuklar, mutlu aileleri, mutlu aileler mutlu bir gelece\u011fi getirmeli. Tarsus \u00e7ocuklar\u0131yla mutlu, yar\u0131nlar\u0131ndan umutlu olmal\u0131.\u201d diyerek park a\u00e7\u0131l\u0131\u015f\u0131n\u0131n hay\u0131rl\u0131 olmas\u0131n\u0131 diledi.<\/p>\n\n\n\n<p><strong>\u201cYAPILAN BU ESER B\u0130Z\u0130 \u00c7OK MUTLU ETT\u0130\u201d<\/strong><\/p>\n\n\n\n<p>Mahallesi i\u00e7in b\u00fcy\u00fck bir kazan\u0131m oldu\u011funu s\u00f6yleyen Atat\u00fcrk Mahalle Muhtar\u0131 S\u00fcleyman Bolat, \u201cBa\u015fkan\u0131m\u0131z Tarsus\u2019ta olmayan bir park\u0131 bize hediye etti. Bunun i\u00e7in minnettar\u0131z. Yap\u0131lan bu eser bizi \u00e7ok mutlu etti. Say\u0131n Ali Bolta\u00e7\u2019a \u00e7ok te\u015fekk\u00fcr ediyorum.\u201d \u015feklinde konu\u015ftu.<\/p>\n\n\n\n<p><strong>\u201cBA\u015eKANIMIZDAN \u00c7OK MEMNUNUZ\u201d<\/strong><\/p>\n\n\n\n<p>Park a\u00e7\u0131l\u0131\u015f\u0131ndan dolay\u0131 memnuniyetini dile getiren bir vatanda\u015f, \u201cHizmet \u00e7ok g\u00fczel, buraya b\u00f6yle bir park laz\u0131md\u0131. \u00c7ok ho\u015fumuza gitti, \u00e7ocuklar\u0131m\u0131z da e\u011fleniyor. Ba\u015fkan\u0131m\u0131zdan \u00e7ok memnunuz.\u201d dedi.<\/p>\n\n\n\n<p><strong>\u201cAL\u0130 BA\u015eKANIMIZA TE\u015eEKK\u00dcR ED\u0130YORUZ\u201d<\/strong><\/p>\n\n\n\n<p>Park\u0131n e\u011fitici olmas\u0131ndan bahseden bir veli \u201c\u00c7ocuklar\u0131m\u0131z\u0131 parka getirdik. Ali Ba\u015fkan\u0131m\u0131za te\u015fekk\u00fcr ediyoruz, \u00e7ok g\u00fczel bir park olmu\u015f. E\u011fitici bir park. \u00c7ocuklar\u0131m\u0131z d\u00fc\u015ft\u00fc\u011f\u00fcnde zeminden dolay\u0131 yaralanmas\u0131 olmuyor.\u201d diye ifade etti.<\/p>\n\n\n\n<p><strong>\u201cTARSUS\u2019UMUZA HAYIRLI OLSUN \u00c7OK BE\u011eEND\u0130K\u201d<\/strong><\/p>\n\n\n\n<p>Donan\u0131ml\u0131 bir park oldu\u011funu kaydeden bir di\u011fer veli, \u201c\u00c7ocuklar\u0131m\u0131z\u0131n ince motor kaslar\u0131n\u0131 rahat kullanabilmeleri i\u00e7in de alan var. Kaba motor kaslar\u0131 i\u00e7in de ayn\u0131 \u015fekilde. Kayd\u0131rakta \u00e7ok g\u00fczel olmu\u015f. Tarsus\u2019umuza hay\u0131rl\u0131 olsun \u00e7ok be\u011fendik.\u201d \u015feklinde konu\u015ftu.<\/p>\n","protected":false},"excerpt":{"rendered":"<p>Tarsus Belediyesi, Atat\u00fcrk Mahallesi\u2019nde uzun y\u0131llard\u0131r at\u0131l durumda olan alan\u0131 modern bir parka d\u00f6n\u00fc\u015ft\u00fcrerek vatanda\u015flar\u0131n hizmetine sundu. Tarsus Belediye Ba\u015fkan\u0131 Ali Bolta\u00e7\u2019\u0131n kat\u0131l\u0131m\u0131yla ger\u00e7ekle\u015ftirilen Mutlu \u00c7ocuk Park\u0131\u2019n\u0131n a\u00e7\u0131l\u0131\u015f\u0131, mahalle sakinleri ve \u00e7ocuklar\u0131n yo\u011fun ilgisiyle b\u00fcy\u00fck bir co\u015fkuya sahne oldu. A\u00e7\u0131l\u0131\u015fta konu\u015fan Ba\u015fkan Ali Bolta\u00e7, \u00e7evreye duyarl\u0131 ve insan odakl\u0131 projelerle Tarsus\u2019un her k\u00f6\u015fesine de\u011fer katmaya [&hellip;]<\/p>\n","protected":false},"author":2,"featured_media":39017,"comment_status":"closed","ping_status":"closed","sticky":false,"template":"","format":"standard","meta":{"footnotes":""},"categories":[3],"tags":[],"class_list":["post-39016","post","type-post","status-publish","format-standard","has-post-thumbnail","hentry","category-manset"],"views":7,"_links":{"self":[{"href":"https:\/\/mersinkadingazetesi.com\/index.php?rest_route=\/wp\/v2\/posts\/39016"}],"collection":[{"href":"https:\/\/mersinkadingazetesi.com\/index.php?rest_route=\/wp\/v2\/posts"}],"about":[{"href":"https:\/\/mersinkadingazetesi.com\/index.php?rest_route=\/wp\/v2\/types\/post"}],"author":[{"embeddable":true,"href":"https:\/\/mersinkadingazetesi.com\/index.php?rest_route=\/wp\/v2\/users\/2"}],"replies":[{"embeddable":true,"href":"https:\/\/mersinkadingazetesi.com\/index.php?rest_route=%2Fwp%2Fv2%2Fcomments&post=39016"}],"version-history":[{"count":1,"href":"https:\/\/mersinkadingazetesi.com\/index.php?rest_route=\/wp\/v2\/posts\/39016\/revisions"}],"predecessor-version":[{"id":39018,"href":"https:\/\/mersinkadingazetesi.com\/index.php?rest_route=\/wp\/v2\/posts\/39016\/revisions\/39018"}],"wp:featuredmedia":[{"embeddable":true,"href":"https:\/\/mersinkadingazetesi.com\/index.php?rest_route=\/wp\/v2\/media\/39017"}],"wp:attachment":[{"href":"https:\/\/mersinkadingazetesi.com\/index.php?rest_route=%2Fwp%2Fv2%2Fmedia&parent=39016"}],"wp:term":[{"taxonomy":"category","embeddable":true,"href":"https:\/\/mersinkadingazetesi.com\/index.php?rest_route=%2Fwp%2Fv2%2Fcategories&post=39016"},{"taxonomy":"post_tag","embeddable":true,"href":"https:\/\/mersinkadingazetesi.com\/index.php?rest_route=%2Fwp%2Fv2%2Ftags&post=39016"}],"curies":[{"name":"wp","href":"https:\/\/api.w.org\/{rel}","templated":true}]}}