{"id":39019,"date":"2025-01-26T10:38:41","date_gmt":"2025-01-26T07:38:41","guid":{"rendered":"https:\/\/mersinkadingazetesi.com\/?p=39019"},"modified":"2025-01-26T10:38:41","modified_gmt":"2025-01-26T07:38:41","slug":"secer-uzerimize-duseni-yaparak-merkezde-imar-calismalarini-tamamladik","status":"publish","type":"post","link":"https:\/\/mersinkadingazetesi.com\/?p=39019","title":{"rendered":"SE\u00c7ER: &#8220;\u00dcZER\u0130M\u0130ZE D\u00dc\u015eEN\u0130 YAPARAK MERKEZDE \u0130MAR \u00c7ALI\u015eMALARINI TAMAMLADIK&#8221;"},"content":{"rendered":"\n<p>Mersin B\u00fcy\u00fck\u015fehir Belediye Ba\u015fkan\u0131 Vahap Se\u00e7er; Mersin Ekonomi Platformu (MEP) ev sahipli\u011finde d\u00fczenlenen&nbsp;<strong><em>&#8216;\u0130\u015f D\u00fcnyas\u0131 Bulu\u015fmas\u0131&#8217;<\/em><\/strong>na kat\u0131l\u0131m sa\u011flayarak, MEP bile\u015fenleriyle bir araya geldi.<\/p>\n\n\n\n<p><strong>Ba\u015fkan Se\u00e7er, kent bile\u015fenleri ile bir araya gelmenin \u00f6nemine vurgu yapt\u0131<\/strong><\/p>\n\n\n\n<p>Mersin B\u00fcy\u00fck\u015fehir Belediyesi olarak kentin t\u00fcm bile\u015fenleri ile bir araya geldiklerini s\u00f6yleyen Ba\u015fkan Se\u00e7er, bu bilgi ve deneyim payla\u015f\u0131m\u0131 ile i\u015f birli\u011finin kent ad\u0131na \u00f6nemli bir \u015fans oldu\u011funu ifade etti. Se\u00e7er,&nbsp;<strong>&#8220;Kalan g\u00f6rev s\u00fcremizde de bu b\u00f6yle devam edecek<\/strong>&#8221; dedi.<\/p>\n\n\n\n<p>Ba\u015fkan Se\u00e7er, konu\u015fmas\u0131nda Bolu&#8217;da ger\u00e7ekle\u015fen yang\u0131n facias\u0131na da de\u011findi. Yang\u0131nda hayatlar\u0131n\u0131 kaybedenlere rahmet, yaral\u0131lara acil \u015fifalar dileyen Se\u00e7er, B\u00fcy\u00fck\u015fehir Belediyelerinin mevzuatta denetim yetkisinin oldu\u011funu ancak sorumlulu\u011funun olmad\u0131\u011f\u0131n\u0131 ifade etti. 2020 y\u0131l\u0131nda \u0130tfaiye te\u015fkilat\u0131yla alakal\u0131 \u00f6nemli kararlar ald\u0131klar\u0131n\u0131 s\u00f6yleyen Se\u00e7er, denetimler yapt\u0131klar\u0131n\u0131 ve yeni yap\u0131lan binalarda yang\u0131n s\u00f6nd\u00fcrme sistemleri konusunda disiplini en ba\u015ftan sa\u011flamak ad\u0131na t\u00fcm il\u00e7e belediyelerine yaz\u0131 yazd\u0131klar\u0131n\u0131 s\u00f6zlerine ekledi.<\/p>\n\n\n\n<p>Se\u00e7er, il\u00e7e belediyelerinden in\u015faat ruhsat\u0131 a\u015famas\u0131nda yang\u0131n s\u00f6nd\u00fcrme sistemi projelerini B\u00fcy\u00fck\u015fehir Belediyesi&#8217;ne g\u00f6nderilmesini istediklerini s\u00f6zlerine ekleyerek,&nbsp;<strong>&#8220;Yap\u0131 kullanma izni verirken de bu projenin uygulama onay\u0131n\u0131 bizden almalar\u0131 i\u00e7in de yaz\u0131 g\u00f6nderdik. 13 belediyeden 2&#8217;si bunu harfiyen uyguluyor, di\u011ferleri bunu dikkate almadan yap\u0131 kullanma izinlerini veriyorlar&#8221;&nbsp;<\/strong>diye belirtti. Denetimlere yeniden ba\u015flayacaklar\u0131n\u0131 da kaydeden Ba\u015fkan Se\u00e7er,&nbsp;<strong>&#8220;Yetkimizi kullan\u0131yoruz, eksik g\u00f6rd\u00fcklerimizi ilgili kuruma yazar\u0131z, d\u00fczeltmek onlar\u0131n i\u015fi. T\u00fcrkiye&#8217;de yeterli mevzuat var ama uygulamaya gelince \u00e7ok b\u00fcy\u00fck s\u0131k\u0131nt\u0131 var. Bir\u00e7ok belediyede olmayanlar bizde var. En az\u0131ndan daha proje a\u015famas\u0131nda Mersin \u0130tfaiyesi&#8217;nin kontrol\u00fcnden ge\u00e7iyor bunlar. \u0130l\u00e7e belediyelerini yap\u0131 kullanma izni verirken de daha \u00e7ok bask\u0131layaca\u011f\u0131z&#8221;<\/strong>&nbsp;dedi.<\/p>\n\n\n\n<p><strong>&#8220;\u00dczerimize d\u00fc\u015feni yaparak merkezde imar plan\u0131 \u00e7al\u0131\u015fmalar\u0131n\u0131 tamamlad\u0131k&#8221;<\/strong><\/p>\n\n\n\n<p>\u0130\u015f d\u00fcnyas\u0131 i\u00e7in de olduk\u00e7a \u00f6nemli bir konu olan imar planlar\u0131yla ilgili bilgilendirme yapan Ba\u015fkan Se\u00e7er,&nbsp;<strong>&#8220;Biz \u00fczerimize d\u00fc\u015feni yaparak merkezde 1\/5000&#8217;lik imar plan\u0131 \u00e7al\u0131\u015fmalar\u0131n\u0131 tamamlad\u0131k. 1\/1000&#8217;liklerde Mezitli ve Yeni\u015fehir tamamland\u0131. Toroslar&#8217;da sadece bir b\u00f6lge kald\u0131. Yak\u0131n tarihte il\u00e7e belediyesi idaremize g\u00f6nderecek. Akdeniz 1\/1000&#8217;lik planlar\u0131 il\u00e7e belediyesinin uhdesinde. Onu iki etaba b\u00f6ld\u00fck. Demiryolu ile deniz aras\u0131nda ve do\u011fuda Deli\u00e7ay s\u0131n\u0131r\u0131nda kalan b\u00f6l\u00fcm\u00fc tamamland\u0131. Demiryolu \u00fcst\u00fc otoban aras\u0131nda olan k\u0131sm\u0131 ve Deli\u00e7ay-Huzurkent aras\u0131nda olan k\u0131sm\u0131 \u015fu anda Akdeniz Belediyesi&#8217;nin uhdesinde ve \u00e7al\u0131\u015f\u0131l\u0131yor. Biz 3 bin 500 hektar \u00e7al\u0131\u015fma alan\u0131 planlad\u0131k. Bunun \u00e7ok \u00f6nemli bir k\u0131sm\u0131 yeni imara a\u00e7t\u0131\u011f\u0131m\u0131z Akdeniz b\u00f6lgesinde. 400 hektar k\u00fc\u00e7\u00fck sanayi, 1250 hektar<\/strong>&nbsp;<strong>sanayi depolama, enerji depolama, 1300 hektar kentsel servis alan\u0131, 550 hektar lojistik alan\u0131&#8221;&nbsp;<\/strong>ifadelerini kulland\u0131. Se\u00e7er, k\u0131rsalda yaylal\u0131k alanlarda da imar \u00e7al\u0131\u015fmalar\u0131n\u0131n s\u00fcrd\u00fc\u011f\u00fcn\u00fc s\u00f6zlerine ekledi.<\/p>\n\n\n\n<p><strong>B\u00fcy\u00fck\u015fehir ile Mersin 2026 y\u0131l\u0131nda 3 ayr\u0131 katl\u0131 kav\u015fa\u011fa kavu\u015facak<\/strong><\/p>\n\n\n\n<p>2029 y\u0131l\u0131na kadar yapacaklar\u0131 yeni bulvar, yol geni\u015fletme ve yenileme \u00e7al\u0131\u015fmalar\u0131n\u0131 da tek tek anlatan Se\u00e7er,&nbsp;<strong>&#8220;Bu y\u0131l i\u00e7erisinde 38. Cadde&#8217;den 25 metre eninde 1200 metre boyunda yeni bir bulvar a\u00e7\u0131yoruz ve g\u00fcney tarafa t\u00fcp ge\u00e7i\u015fle ba\u011fl\u0131yoruz. Biz hem Sevgi Katl\u0131 Kav\u015fa\u011f\u0131&#8217;n\u0131n hem G\u00f6\u00e7men Katl\u0131 Kav\u015fa\u011f\u0131&#8217;n\u0131n trafik y\u00fck\u00fcn\u00fc azaltmak i\u00e7in bu \u00e7al\u0131\u015fmay\u0131 yap\u0131yoruz. Bu y\u0131l i\u00e7erisinde bitecek. Tarsus&#8217;ta bu y\u0131l Berdan K\u00f6pr\u00fcs\u00fc&#8217;n\u00fc yapaca\u011f\u0131z. Hal Katl\u0131 Kav\u015fa\u011f\u0131&#8217;na ba\u015flad\u0131k. Oras\u0131 en b\u00fcy\u00fck katl\u0131 kav\u015fak projesi. \u015eu anda deplase \u00e7al\u0131\u015fmalar\u0131 yap\u0131l\u0131yor. 2026&#8217;n\u0131n ilk \u00e7eyre\u011finde buray\u0131 bitirece\u011fiz&#8221;<\/strong>&nbsp;diye konu\u015ftu. Mersin B\u00fcy\u00fck\u015fehir olarak katl\u0131 kav\u015fak \u00e7al\u0131\u015fmalar\u0131n\u0131n devam edece\u011fini kaydeden Se\u00e7er,<strong>&nbsp;&#8220;Bir tanesi yeni ba\u015flayan Hal, di\u011feri Mersinli Ahmet Caddesi&#8217;ne ba\u011flanan kav\u015fak ve di\u011feri de Kuyuluk Katl\u0131 Kav\u015fa\u011f\u0131 olmak \u00fczere toplam 3 ayr\u0131 katl\u0131 kav\u015fa\u011f\u0131 2026 y\u0131l\u0131nda sizlerin hizmetine sunaca\u011f\u0131z&#8221;&nbsp;<\/strong>dedi ve B\u00fcy\u00fck\u015fehir&#8217;in yol \u00e7al\u0131\u015fmalar\u0131 hakk\u0131nda detayl\u0131 bilgiler verdi.<\/p>\n\n\n\n<p>2027 y\u0131l\u0131nda ise M\u00fcft\u00fc Viyad\u00fc\u011f\u00fc&#8217;n\u00fcn yap\u0131m\u0131na ba\u015flayacaklar\u0131n\u0131 duyuran Se\u00e7er,&nbsp;<strong>&#8220;Viyad\u00fck kar\u015f\u0131 tarafta yeni a\u00e7aca\u011f\u0131m\u0131z yola saplanacak ve o yol da \u015eehir Hastanesi&#8217;ne kadar gidecek. O b\u00f6lgede toplam 2 bin 700 metrelik yeni yol a\u00e7aca\u011f\u0131z. Bu yol Akbelen Bulvar\u0131&#8217;n\u0131 da kesiyor, oraya da 2027 y\u0131l\u0131nda bir katl\u0131 kav\u015fak yapaca\u011f\u0131z. 20 kilometrelik Yal\u0131nayak OSB yolu; Mersin&#8217;in ilk 50 metre enindeki bulvar\u0131n\u0131 planlad\u0131k. 35 metreydi, gelece\u011fi d\u00fc\u015f\u00fcnerek bunu 50 metreye \u00e7\u0131kard\u0131k. D-400 karayoluna alternatif olacak olan yolumuza, 2027 y\u0131l\u0131nda Akdeniz \u0130l\u00e7esi&#8217;nin 1\/1000&#8217;lik planlar\u0131n\u0131n bitiminin ve 18 uygulamalar\u0131n\u0131n yap\u0131lmas\u0131n\u0131n ard\u0131ndan s\u00fcratle ba\u015flayaca\u011f\u0131z&#8221;&nbsp;<\/strong>diye konu\u015ftu.<\/p>\n\n\n\n<p><strong>Se\u00e7er \u00e7al\u0131\u015fmalar\u0131n siyasi saiklerle yap\u0131lmamas\u0131 gerekti\u011finin alt\u0131n\u0131 \u00e7izdi<\/strong><\/p>\n\n\n\n<p>Akbelen Katl\u0131 Kav\u015fa\u011f\u0131 konusunun b\u00fcy\u00fck bir problem oldu\u011funu kaydeden Se\u00e7er, bu konuda da i\u015f d\u00fcnyas\u0131na b\u00fcy\u00fck g\u00f6rev d\u00fc\u015ft\u00fc\u011f\u00fcn\u00fc ifade etti. Akbelen Katl\u0131 Kav\u015fa\u011f\u0131&#8217;n\u0131n Karayollar\u0131 taraf\u0131ndan yap\u0131lmas\u0131 gerekti\u011fini hat\u0131rlatan Se\u00e7er, \u00e7al\u0131\u015fmalar\u0131n siyasi saiklerle de\u011fil, Mersin&#8217;e yarar sa\u011flayacak proje anlay\u0131\u015f\u0131yla bak\u0131larak yap\u0131lmas\u0131 gerekti\u011finin alt\u0131n\u0131 \u00e7izerek,&nbsp;<strong>&#8220;Yani benim se\u00e7im \u00f6ncesi bu konuyu getirip, iktidar\u0131 s\u0131k\u0131\u015ft\u0131r\u0131p, mecbur kal\u0131p yapt\u0131klar\u0131 i\u00e7in de\u011fil ya da tam tersi sizler bir konuyu bana se\u00e7im \u00f6ncesi g\u00fcndeme getirip,&nbsp;<em>&#8216;Aman ben se\u00e7ime gidiyorum, bunu yerine getireyim&#8217;<\/em>&nbsp;mant\u0131\u011f\u0131yla yapmamam\u0131z laz\u0131m. \u015eehrin menfaati i\u00e7in yapmam\u0131z laz\u0131m. Bunun projelendirilmesi, hukuki alt yap\u0131s\u0131n\u0131n yap\u0131lmas\u0131, b\u00fct\u00e7eye konulmas\u0131, finansman\u0131n\u0131n, kredilerinin bulunmas\u0131 gibi konular son derece \u00f6nemli. Bunlar hep sa\u011flanm\u0131\u015f ki bu kadar rahat konu\u015fuyorum, \u00e7\u00fcnk\u00fc b\u00fct\u00e7emi biliyorum&#8221;&nbsp;<\/strong>dedi.<\/p>\n\n\n\n<p><strong>&#8220;Mali disiplin a\u00e7\u0131s\u0131ndan 30 b\u00fcy\u00fck\u015fehir i\u00e7erisinde en ba\u015fta belediyelerden biriyiz&#8221;<\/strong><\/p>\n\n\n\n<p>B\u00fcy\u00fck\u015fehir Belediyesi olarak mevcut bor\u00e7lar\u0131n\u0131n b\u00fct\u00e7eye oran\u0131n\u0131n y\u00fczde 28 oldu\u011funun alt\u0131n\u0131 \u00e7izen Se\u00e7er,&nbsp;<strong>&#8221;&nbsp;<em>&#8216;Bundan 5 y\u0131l \u00f6nce g\u00f6reve geldi\u011finizde bu oran neydi?&#8217;<\/em>&nbsp;diye bana sorun. Y\u00fczde 158&#8217;di. Yani 100 lira b\u00fct\u00e7eye kar\u015f\u0131 158 lira bu belediyenin borcu vard\u0131. \u015eu anda 100 lira b\u00fct\u00e7esine kar\u015f\u0131 28 lira borca d\u00fc\u015ft\u00fc. Bu bir mucize ise evet mucize. Mersin B\u00fcy\u00fck\u015fehir Belediyesi, mali disiplin a\u00e7\u0131s\u0131ndan 30 b\u00fcy\u00fck\u015fehir i\u00e7erisinde en ba\u015fta olan belediyelerden biridir. Belki de en birinci s\u0131rada gelendir&#8221;&nbsp;<\/strong>dedi.<\/p>\n\n\n\n<p><strong>Se\u00e7er, Cumhurba\u015fkanl\u0131\u011f\u0131 Yat\u0131r\u0131m program\u0131na al\u0131nan ve al\u0131nmayan projeleri tek tek anlatt\u0131<\/strong><\/p>\n\n\n\n<p>Cumhurba\u015fkanl\u0131\u011f\u0131 Yat\u0131r\u0131m Program\u0131 hakk\u0131nda da konu\u015fan Se\u00e7er, Cumhurba\u015fkanl\u0131\u011f\u0131 Strateji B\u00fct\u00e7e Ba\u015fkanl\u0131\u011f\u0131&#8217;n\u0131n bir belediyenin ya da bir kurumun kendisinden yat\u0131r\u0131m program\u0131na al\u0131nmas\u0131n\u0131 istedi\u011fi projeleri teknik ve mali uygunluk a\u00e7\u0131s\u0131ndan de\u011ferlendirdi\u011fini belirterek,&nbsp;<strong>&#8220;Biz bu y\u0131l Yat\u0131r\u0131m Program\u0131&#8217;na al\u0131nmas\u0131 i\u00e7in toplamda 4 milyar liral\u0131k MESK\u0130 yat\u0131r\u0131mlar\u0131n\u0131 Cumhurba\u015fkanl\u0131\u011f\u0131&#8217;na m\u00fcracaat ettik. Bunlar nedir? Deprem sonras\u0131 yo\u011fun n\u00fcfus art\u0131\u015f\u0131ndan kaynakl\u0131, deprem \u00f6ncesi s\u0131\u011f\u0131nmac\u0131 n\u00fcfus art\u0131\u015f\u0131ndan kaynakl\u0131 \u015fehrimizin ilave altyap\u0131 \u00e7al\u0131\u015fmalar\u0131na ihtiya\u00e7 duymas\u0131ndan kaynakl\u0131, finansman\u0131 sa\u011flanm\u0131\u015f projelerdir. Avrupa&#8217;da \u00f6zellikle deprem sonras\u0131 buraya ilgi g\u00f6steren fonlara biz bu konuyu izah ederek ve ikna ederek bunlar\u0131n kredilerini sa\u011flad\u0131k. Toplamda 84 milyon avro&#8221;&nbsp;<\/strong>dedi.<\/p>\n\n\n\n<p>\u015eu anda Mezitli \u0130\u00e7me Suyu \u015eebekesi&#8217;ni yenilediklerinden ve 1 ay \u00f6nce de temelini att\u0131klar\u0131ndan s\u00f6z eden Se\u00e7er, bunun maliyetinin 24 milyon Euro oldu\u011funu kaydetti ve tamam\u0131n\u0131n hibe oldu\u011funu vurgulad\u0131. 29 Ocak \u00c7ar\u015famba g\u00fcn\u00fc Homurlu-Anadolu Mahallesi, Adanal\u0131o\u011flu-Kazanl\u0131 Kanalizasyon \u00e7al\u0131\u015fmalar\u0131n\u0131n temelini atacaklar\u0131n\u0131 da duyuran Se\u00e7er,&nbsp;<strong>&#8220;10 milyon avro, tamam\u0131 hibe. FRIT II kapsam\u0131nda. Biz 6 y\u0131ld\u0131r bu \u00e7al\u0131\u015fmalar\u0131 yapt\u0131k. T\u00f6m\u00fck&#8217;te ihalesini yapt\u0131k, 17 milyon avro. Bu kredi, yine Avrupa&#8217;dan. Bunun d\u0131\u015f\u0131nda da yakla\u015f\u0131k olarak 86 milyon avroluk \u015fu anda ba\u015flad\u0131\u011f\u0131m\u0131z, ba\u015flamak \u00fczere oldu\u011fumuz projeler var ve 170 milyon avroluk altyap\u0131 projelerimiz ba\u015flad\u0131, devam ediliyor ya da ba\u015flayacak. 4 milyar liral\u0131k da yat\u0131r\u0131m program\u0131na al\u0131nm\u0131\u015f. Cumhurba\u015fkanl\u0131\u011f\u0131&#8217;na te\u015fekk\u00fcr ediyoruz. Ama \u015fimdi bunun Hazine ve Maliye Bakanl\u0131\u011f\u0131&#8217;ndan kredi kullan\u0131m izni var, orada da bir problem olmayaca\u011f\u0131n\u0131n s\u00f6z\u00fcn\u00fc daha \u00f6nce Maliye Bakan\u0131m\u0131zla g\u00f6r\u00fc\u015ft\u00fc\u011f\u00fcm\u00fczde ald\u0131k&#8221;&nbsp;<\/strong>diye konu\u015ftu.<\/p>\n\n\n\n<p>Cumhurba\u015fkanl\u0131\u011f\u0131 Yat\u0131r\u0131m Program\u0131&#8217;na al\u0131nmayan projeler hakk\u0131nda da i\u015f d\u00fcnyas\u0131n\u0131 bilgilendiren Se\u00e7er,&nbsp;<strong>&#8221; Bizim yat\u0131r\u0131m program\u0131nda 42 milyarl\u0131k projemiz var. Siyaseti i\u015fin i\u00e7ine katt\u0131\u011f\u0131n\u0131z ve siyaset istemedi\u011fi zaman bu i\u015f olmuyor. Bu bir realite. B\u0131rakal\u0131m \u015fimdi, A Partisi, B Partisi&#8217;ni. Ger\u00e7ekler \u00fczerinden Mersin&#8217;in sorunlar\u0131n\u0131 konu\u015fuyoruz. \u015eimdi bu 42 milyar\u0131n 4&#8217;\u00fc MESK\u0130, kald\u0131 geriye 38 milyar. O da Metro Projesi. Metro Projesi, Yat\u0131r\u0131m Program\u0131&#8217;na al\u0131nd\u0131 ama Hazine ve Maliye Bakanl\u0131\u011f\u0131&#8217;n\u0131n \u00f6n\u00fcnde 3,5 milyarl\u0131k d\u0131\u015f kredi kullan\u0131m iznini bekliyor. Say\u0131n Bakan A\u011fustos 2024&#8217;ten bu yana imzalamad\u0131. Gittim g\u00f6r\u00fc\u015ft\u00fcm. Anlad\u0131\u011f\u0131m \u015fu; T\u00fcrkiye&#8217;nin ve d\u00fcnyan\u0131n i\u00e7inde bulundu\u011fu konjonkt\u00fcr nedeniyle ve Mersin B\u00fcy\u00fck\u015fehir Belediyesi&#8217;nin mali hacmi nedeniyle diyor ki;&nbsp;<em>&#8216;Bu belediye bu projeyi yapmakta zorlanabilir.&#8217;<\/em>&nbsp;B\u00f6lgedeki ve d\u00fcnyadaki konjonkt\u00fcrel de\u011fi\u015fimlere kadar bir\u00e7ok konuyu da analiz ederek d\u00f6viz kuru riski ta\u015f\u0131yan b\u00fcy\u00fck projelerde Bakanl\u0131k olarak sadece Mersin B\u00fcy\u00fck\u015fehir Belediyesi de\u011fil, hangi kurum olursa olsun ince eleyip, s\u0131k dokuduklar\u0131n\u0131 s\u00f6yl\u00fcyorlar&#8221;&nbsp;<\/strong>dedi.<\/p>\n\n\n\n<p>B\u00fcy\u00fck\u015fehir olarak tramvay projeleri oldu\u011fundan ve rayl\u0131 sistem yapmak istediklerinden s\u00f6z eden Se\u00e7er,&nbsp;<strong>&#8220;Yakla\u015f\u0131k 140 milyon avroluk Eski Otogar-\u015eehir Hastanesi-Yeni Otogar aras\u0131 yakla\u015f\u0131k 12 kilometrelik bir projemiz var. Say\u0131n Maliye Bakan\u0131&#8217;na;&nbsp;<em>&#8216;Bunu yat\u0131r\u0131m program\u0131na ben ald\u0131ray\u0131m, siz de onun iznini verin&#8217;<\/em>&nbsp;dedim. S\u0131cak bakt\u0131 bu konuya ama gel gelelim, hem Say\u0131n Cevdet Y\u0131lmaz ile hem \u0130brahim \u015eenel ile yapt\u0131\u011f\u0131m g\u00f6r\u00fc\u015fmelerde size yapt\u0131\u011f\u0131m izah\u0131 onlara da yapt\u0131m.&nbsp;<em>&#8216;Ben \u015fu anda metro projesini bekletebilirim ama hi\u00e7 olmazsa tramvay projesinin kredisini de neredeyse haz\u0131r ettik, s\u00f6z\u00fcn\u00fc ald\u0131k. EBRD ve AFD 50&#8217;\u015fer milyon avro s\u00f6z\u00fc verdi. Biz buna ba\u015flayal\u0131m&#8217;<\/em>&nbsp;dedik ama al\u0131nmam\u0131\u015f. 42 milyar kotam dolmu\u015f, 38 milyar i\u015fime yaramaz ve ihtiyac\u0131m olan rayl\u0131 sistem al\u0131nmam\u0131\u015f&#8221;&nbsp;<\/strong>ifadelerine yer verdi.<\/p>\n\n\n\n<p>Elektrikli Otob\u00fcs konusunun da Cumhurba\u015fkanl\u0131\u011f\u0131 Yat\u0131r\u0131m Program\u0131&#8217;na al\u0131nmad\u0131\u011f\u0131ndan s\u00f6z eden Se\u00e7er,&nbsp;<strong>&#8220;Biz bu 272 otob\u00fcs\u00fcn yakla\u015f\u0131k olarak 110 tanesini EBRD&#8217;den bir k\u0131sm\u0131n\u0131 hibe ile ald\u0131k. \u015eimdi bize dediler ki;&nbsp;<em>&#8217;19 milyon avro tutar\u0131nda bir proje yapal\u0131m, bunun 7 milyonunu hibe edelim, 2 milyonunu siz verin, 10 milyonunu da size kredi verece\u011fiz&#8217;<\/em>. 25 otob\u00fcse denk geliyor ve elektrikli. 3.4 megawatt&#8217;l\u0131k GES kurun diyor ve 34 tane \u015farj istasyonu da bu projenin i\u00e7erisinde. 25 otob\u00fcs oradan, 17 otob\u00fcs de yine \u00c7evre, \u015eehircilik ve \u0130klim De\u011fi\u015fikli\u011fi Bakanl\u0131\u011f\u0131 \u00fczerinden olmak \u00fczere toplam 42 adet yeni nesil elektrikli otob\u00fcs\u00fc, 2026 sonuna kadar filomuza katacakt\u0131k. Ancak bu da Yat\u0131r\u0131m Program\u0131&#8217;na al\u0131nmad\u0131, bizim bu durumu \u00e7\u00f6zmemiz laz\u0131m. Bu projeyi yerine getiremezsek 7 milyon avro hibe geri gidecek&#8221;&nbsp;<\/strong>dedi.<\/p>\n\n\n\n<p><strong>&#8220;Pamukluk Baraj\u0131 Projesi, Mersin&#8217;in daha ucuz su t\u00fcketmesi i\u00e7in \u00f6nemli&#8221;<\/strong><\/p>\n\n\n\n<p>Pamukluk Baraj\u0131 konusuna da de\u011finen Se\u00e7er, proje tutar\u0131n\u0131n toplam 8 milyar 268 milyon lira oldu\u011funu ifade etti. Se\u00e7er,&nbsp;<strong>&#8220;DS\u0130 ge\u00e7en y\u0131l ba\u015flad\u0131. Biz de ar\u0131tma i\u00e7in EBRD&#8217;nin deprem paketinden 100 milyon avro hibe bulduk. Ancak EBRD dedi ki;&nbsp;<em>&#8216;Biz bunu 1,5 milyar avroluk deprem paketinden verece\u011fimiz i\u00e7in sizi ya Afet B\u00f6lgesi ilan edecekler ya da Genel Hayata Etkili Afet B\u00f6lgesi ilan edecekler.&#8217;<\/em>&nbsp;Ayr\u0131 stat\u00fcler. Hat\u0131rlay\u0131n Ni\u011fde&#8217;den Tunceli&#8217;ye kadar ilan ettiler ama Mersin&#8217;i ilan etmediler. Oysa bizim de genel hayat\u0131m\u0131za etkili bir afet ya\u015fad\u0131k. N\u00fcfus geldi buraya, ancak bizi almad\u0131lar. B\u00f6yle olunca bize;&nbsp;<em>&#8216;Israrc\u0131 olmay\u0131n, bunu yapamay\u0131z!<\/em>&nbsp;<em>DS\u0130 bunu size yaps\u0131n, sizi bor\u00e7land\u0131rs\u0131n&#8217;<\/em>&nbsp;dediler. Yani bizim 4 milyar lira hibe olmayacak. Biz de vars\u0131n olsun dedik. Bu proje Mersin&#8217;in daha ucuz su t\u00fcketmesi ve yo\u011fun n\u00fcfus art\u0131\u015f\u0131ndan kaynakl\u0131 ileride su s\u0131k\u0131nt\u0131s\u0131 ya\u015famamas\u0131 ad\u0131na son derece \u00f6nemli. Bunun da h\u0131zla yap\u0131lmas\u0131 gerekiyor. Bu y\u0131l 1 milyar lira \u00f6denek koymu\u015flar ama ge\u00e7en y\u0131l 100 milyon konmu\u015ftu. Hi\u00e7 olmazsa birka\u00e7 milyarl\u0131k harcama yap\u0131ls\u0131n ki 2-3 y\u0131l i\u00e7erisinde bitsin&#8221;&nbsp;<\/strong>dedi.<\/p>\n\n\n\n<p><strong>Se\u00e7er, kent bile\u015fenlerinin sorular\u0131n\u0131 yan\u0131tlad\u0131<\/strong><\/p>\n\n\n\n<p>Programda Ba\u015fkan Se\u00e7er, MEP bile\u015fenlerinin kent hakk\u0131ndaki sorular\u0131na yan\u0131t verdi. B\u00fcy\u00fck\u015fehir olarak yerinde d\u00f6n\u00fc\u015f\u00fcm \u00e7al\u0131\u015fmalar\u0131n\u0131 ba\u015flatt\u0131klar\u0131na de\u011finen Se\u00e7er,&nbsp;<strong>&#8220;\u015eu anda \u0130hsaniye Mahallesi&#8217;nde 2 b\u00f6lgede ba\u015far\u0131l\u0131 da yol al\u0131yoruz. \u00d6n\u00fcm\u00fczdeki g\u00fcnlerde de bunu ete kemi\u011fe b\u00fcr\u00fcnd\u00fcrebiliriz, temel atabiliriz. Orada ya\u015fayan hak sahipleriyle de g\u00f6r\u00fc\u015fmelerimiz \u00e7ok iyi gidiyor. Yine eski kent merkezinde kentsel d\u00f6n\u00fc\u015f\u00fcm \u00e7al\u0131\u015fmalar\u0131m\u0131z da var&#8221;&nbsp;<\/strong>dedi.<\/p>\n\n\n\n<p>B\u00fcy\u00fck\u015fehir&#8217;in Sosyal Konut \u00e7al\u0131\u015fmalar\u0131 hakk\u0131nda kat\u0131l\u0131mc\u0131lar\u0131 bilgilendiren Se\u00e7er, \u015fu anda proje revizyonunu yapt\u0131klar\u0131ndan bahsederek, Tarsus&#8217;a 320 konutluk, Toroslar&#8217;a 150 konutluk ve Silifke&#8217;ye de 100 konutluk bir Sosyal Konut \u00e7al\u0131\u015fmalar\u0131n\u0131n oldu\u011fundan bahsetti.<\/p>\n\n\n\n<p><strong>&#8220;Bizim g\u00f6revimiz rant beklemek de\u011fil&#8221;<\/strong><\/p>\n\n\n\n<p>Kent merkezinde ger\u00e7ekle\u015ftirdikleri yenileme \u00e7al\u0131\u015fmalar\u0131n\u0131 anlatan Ba\u015fkan Se\u00e7er, bunlar\u0131 kendi \u00f6z kaynaklar\u0131yla yapt\u0131klar\u0131n\u0131 ifade ederek,&nbsp;<strong>&#8220;Bize kimse bir \u015fey tahsis etmiyor. Bizim yapt\u0131\u011f\u0131m\u0131z restorasyonlarda da bize hi\u00e7 kimse bir delikli kuru\u015f hibe vermiyor. Karamanc\u0131lar Kona\u011f\u0131&#8217;n\u0131n restorasyonunu bitiriyoruz, Ta\u015f Bina&#8217;y\u0131 restore ediyoruz, Kasaplar \u00c7ar\u015f\u0131s\u0131&#8217;n\u0131 kamula\u015ft\u0131rd\u0131k, restore edece\u011fiz ve bunlar\u0131 kendi \u00f6z kaynaklar\u0131m\u0131zla yap\u0131yoruz. K\u0131rm\u0131z\u0131-Lacivert \u0130\u015f Han\u0131&#8217;n\u0131, \u00d6zel \u0130dare \u0130\u015f Han\u0131&#8217;n\u0131 y\u0131k\u0131yoruz, Zafer \u00c7ar\u015f\u0131s\u0131&#8217;n\u0131 y\u0131kaca\u011f\u0131z. Oray\u0131 Kent Meydan\u0131 yapaca\u011f\u0131z, \u00f6z kaynaklar\u0131m\u0131zla yap\u0131yoruz. Bizim g\u00f6revimiz rant beklemek de\u011fil, \u015fehir nefes alm\u0131yor. Bak\u0131n oraya bir ayd\u0131nl\u0131k geldi. Biz oralar\u0131 temizliyoruz, kenti p\u0131r\u0131l p\u0131r\u0131l yap\u0131yoruz, bize destek olman\u0131z laz\u0131m&#8221;<\/strong>&nbsp;dedi.<\/p>\n\n\n\n<p><strong>&#8220;12 milyon TEU&#8217;luk Ana Konteyner Liman\u0131&#8217;n\u0131n Mersin&#8217;e yap\u0131lmayaca\u011f\u0131 netle\u015fti&#8221;<\/strong><\/p>\n\n\n\n<p>Se\u00e7er, uzun y\u0131llard\u0131r Mersin&#8217;e yap\u0131lmas\u0131 beklenen ve kamuoyunda tart\u0131\u015fma konusu olan Ana Konteyner Liman\u0131 ile ilgili ya\u015fanan geli\u015fmeleri de hat\u0131rlatarak de\u011ferlendirmelerde bulundu. Se\u00e7er,&nbsp;<strong>&#8220;Say\u0131n Cumhurba\u015fkan\u0131&#8217;n\u0131 Adana ve Mersin&#8217;de \u00e7ok dikkatli dinledim. Adana&#8217;daki konu\u015fmas\u0131nda Mersin&#8217;le ilgili;&nbsp;<em>&#8216;Adana&#8217;da yap\u0131lacak olan Ana Konteyner Liman\u0131 Adana&#8217;ya, Mersin&#8217;e ve T\u00fcrkiye&#8217;ye hay\u0131rl\u0131 olsun&#8217;<\/em>&nbsp;dedi. Biz Mersin B\u00fcy\u00fck\u015fehir Belediyesi olarak Liman&#8217;a ne diye dava a\u00e7t\u0131k ve y\u00fcr\u00fctmeyi durdurduk. Biz yat\u0131r\u0131m olmas\u0131n demiyoruz ama yat\u0131r\u0131m yaparken de bir sonraki ad\u0131m\u0131 d\u00fc\u015f\u00fcnmekte yarar var. 1 milyon TEU elle\u00e7leme kapasitesi artt\u0131. Bunu alk\u0131\u015flamak m\u0131 gerekiyor yoksa \u00fcz\u00fclmek mi gerekiyor? 12 milyon TEU nereye gitti? 1 ald\u0131k 12 milyon verdik. Burada tabiri caizse gol yedik. Buraya lojistik liman yap\u0131lacak ama 12 milyon TEU&#8217;luk Ana Konteyner Liman\u0131&#8217;n\u0131n yap\u0131lmayaca\u011f\u0131 netle\u015fti&#8221;&nbsp;<\/strong>ifadelerine yer verdi.<\/p>\n\n\n\n<p><strong>&#8220;Deniz denetimi konusunda \u00e7ok hassas\u0131z&#8221;<\/strong><\/p>\n\n\n\n<p>Denizi kirleten gemilere kar\u015f\u0131 \u00e7ok ciddi cezalar uygulad\u0131klar\u0131n\u0131 s\u00f6yleyen Se\u00e7er,&nbsp;<strong>&nbsp;&#8220;Deniz kirlili\u011fi konusunda hassas\u0131z. 100 milyon lira harcayarak Elektronik Gemi Denetleme Sistemi kurduk. Sadece 2024&#8217;te 96 milyon lira ceza tahakkuk ettik. 6 y\u0131lda 16 milyon dolar ceza kestik. Biz bu konuda \u00e7ok sertiz. \u015eu anda dijital termal kameralarla bunlar\u0131 izliyoruz. Bize ait olan b\u00f6lgelerde ku\u015f u\u00e7urmuyoruz. Biz t\u00fcm k\u0131y\u0131lar\u0131 denetleyelim istiyoruz, bu yat\u0131r\u0131ma var\u0131z. Bu konuda \u00c7evre, \u015eehircilik ve \u0130klim De\u011fi\u015fikli\u011fi Bakanl\u0131\u011f\u0131&#8217;na bask\u0131s\u0131n\u0131 yapal\u0131m. Biz i\u015fimizi bu anlamda iyi yap\u0131yoruz. Deniz kirlili\u011fi denetimle \u00f6nlenir&#8221;&nbsp;<\/strong>dedi.<\/p>\n\n\n\n<p><strong>Se\u00e7er, SGK bor\u00e7lar\u0131na ili\u015fkin konu\u015ftu<\/strong><\/p>\n\n\n\n<p>Kat\u0131l\u0131mc\u0131lardan gelen bir soru \u00fczerine SGK ve vergi bor\u00e7lar\u0131 hakk\u0131nda bilgilendirme yapan Se\u00e7er, Mersin B\u00fcy\u00fck\u015fehir Belediyesi&#8217;nin vergi borcunun olmad\u0131\u011f\u0131n\u0131 SGK&#8217;ye ise toplamda 2 milyar TL borcu oldu\u011funu s\u00f6yledi. B\u00fcy\u00fck\u015fehir Belediyesi ve i\u015ftiraklerinin toplam 45 milyar TL tutar\u0131ndaki b\u00fct\u00e7esi i\u00e7erisinde 10 milyar TL borcu oldu\u011funu ve bu 10 milyar TL&#8217;nin de 2 milyar TL&#8217;sinin SGK&#8217;ye oldu\u011funu aktaran Se\u00e7er,&nbsp;<strong>&#8220;Bu bor\u00e7lar mali disiplinsizlikten dolay\u0131 de\u011fil. Bilindi\u011fi \u00fczere ge\u00e7en d\u00f6nem Meclisten bor\u00e7lanma yetkisi alam\u0131yorduk. 45 milyar TL b\u00fct\u00e7e i\u00e7erisinde 10 milyar bor\u00e7luyuz, bunun i\u00e7inde de 2 milyar TL SGK borcu var. Bize y\u0131lba\u015f\u0131 \u00f6ncesi&nbsp;<em>&#8216;y\u00fczde 10 tutar\u0131nda para g\u00f6nderin&#8217;&nbsp;<\/em>dediler, g\u00f6nderdik. G\u00fcvence istediler, onu da verdik. Herhangi bir sorunumuz yok. Bizim T\u00fcrkiye&#8217;de konu\u015fulmam\u0131z ger\u00e7ekten \u00e7ok abs\u00fcrt bir durum&#8221;<\/strong>&nbsp;dedi.<\/p>\n\n\n\n<p><strong>&#8220;Sosyal politikalar bizim \u00f6nemsedi\u011fimiz bir konu&#8221;<\/strong><\/p>\n\n\n\n<p>B\u00fcy\u00fck\u015fehir Belediyesi olarak sosyal politikalar\u0131 \u00f6nemsediklerini ve bu alanda da yap\u0131lan t\u00fcm hizmetlerin&nbsp;<strong><em>&#8216;Yapm\u0131\u015f olmak i\u00e7in de\u011fil, olmas\u0131 gerekti\u011fi gibi yap\u0131ld\u0131\u011f\u0131&#8217;<\/em><\/strong>n\u0131n alt\u0131n\u0131 \u00e7izen Se\u00e7er,&nbsp;<strong>&#8220;Biz dostlar al\u0131\u015fveri\u015fte g\u00f6rs\u00fcn diye bir program yapm\u0131yoruz. Biz bu i\u015fi yapm\u0131\u015f olmak i\u00e7in de\u011fil, ger\u00e7ekten olmas\u0131 gerekti\u011fi gibi yap\u0131yoruz. Bundan yana emin olun. \u015eu anda 5 TL&#8217;ye ekmek sat\u0131yoruz. 25 TL&#8217;ye 3 \u00e7e\u015fit yemek veriyoruz. G\u00fcnde 10 bin ki\u015fiye yemek \u00e7\u0131kart\u0131yoruz. 25 TL kar\u015f\u0131l\u0131\u011f\u0131nda alan da var ama evlerine kadar bilabedel \u00f6zellikle kimsesiz ya\u015fl\u0131lara g\u00f6t\u00fcrd\u00fc\u011f\u00fcm\u00fcz yemekler de var. Sosyal politikalar bizim \u00f6nemsedi\u011fimiz bir konu. Ge\u00e7ti\u011fimiz y\u0131l 830 milyon TL harcamam\u0131z oldu, bu b\u00fct\u00e7emizi y\u00fczde 80 art\u0131rd\u0131k ve 2025 y\u0131l\u0131 i\u00e7in 1,5 milyar TL sosyal politikalara b\u00fct\u00e7e ay\u0131rd\u0131k&#8221;<\/strong>&nbsp;dedi.<\/p>\n\n\n\n<p>Kentlerin g\u00f6rsel g\u00fczelli\u011finin \u00e7ok \u00f6nemli oldu\u011funu ve uzun y\u0131llar boyunca toplumun t\u00fcm kesimleri taraf\u0131ndan ele\u015ftirilen Liman yolunda yap\u0131lan iyile\u015ftirme \u00e7al\u0131\u015fmalar\u0131n\u0131n Mersin&#8217;e yak\u0131\u015f\u0131r nitelikte oldu\u011funu s\u00f6yleyen Se\u00e7er,&nbsp;<strong>&#8220;Biz oran\u0131n kesintisiz bir yol olmas\u0131n\u0131 istiyoruz. Biz gelene kadar kimse oraya bakm\u0131yordu. Kentimizin giri\u015f kap\u0131s\u0131 bizim \u015fan\u0131m\u0131za yak\u0131\u015f\u0131r bir kap\u0131 oldu. Liman kar\u015f\u0131s\u0131 alan \u00f6zel proje alan\u0131, imar \u00e7al\u0131\u015fmalar\u0131 son a\u015famas\u0131nda. Oras\u0131 turizm, ticaret, konut ve yeni yap\u0131la\u015fma alan\u0131 olacak. Son derece g\u00fczel yap\u0131lar olacak. Kentin giri\u015fi farkl\u0131 bir yer olacak. Ticaret merkezleri olacak. Kentimizin her yeri, oran\u0131n stat\u00fcs\u00fcne uygun \u015fekilde kullan\u0131labilir. Benim kentim \u00e7\u00f6pl\u00fck de\u011fildir. G\u00f6r\u00fcnt\u00fc ve g\u00f6rsellik bir kent i\u00e7in \u00f6nemlidir&#8221;<\/strong>&nbsp;ifadelerini kulland\u0131.<\/p>\n\n\n\n<p>Konu\u015fmas\u0131n\u0131n sonunda kentin geli\u015fimi ve hak etti\u011fi yat\u0131r\u0131mlar\u0131 alabilmesi i\u00e7in ilgili t\u00fcm di\u011fer kurumlarla yap\u0131lmas\u0131 gereken g\u00f6r\u00fc\u015fmelerde i\u015f d\u00fcnyas\u0131 temsilcileri ile birlikte hareket etmeye haz\u0131r oldu\u011funu yineleyen Se\u00e7er,&nbsp;<strong>&#8220;Burada yapt\u0131\u011f\u0131m\u0131z konu\u015fmalar burada kalmas\u0131n, ete kemi\u011fe b\u00fcr\u00fcnd\u00fcrelim. Ben di\u011fer kurumlarla g\u00f6r\u00fc\u015fme yapmak i\u00e7in bu \u015fehrin emrindeyim. Ben her zaman, her yere gelirim, hatta organize eder sizleri g\u00f6t\u00fcr\u00fcr\u00fcm, hi\u00e7 mesele de\u011fil. Belediyemizle ilgili konularda da ayn\u0131 hassasiyeti sizlerin g\u00f6sterece\u011fine inan\u0131yorum. Biz kentimizi ger\u00e7ekten kendi evlad\u0131m\u0131z gibi g\u00f6r\u00fcyoruz&#8221;&nbsp;<\/strong>dedi.<\/p>\n\n\n\n<p><strong>\u00d6zkaya: &#8220;Yapt\u0131\u011f\u0131n\u0131z \u00e7al\u0131\u015fmalar, hepimiz taraf\u0131ndan memnuniyetle kar\u015f\u0131lanmaktad\u0131r&#8221;<\/strong><\/p>\n\n\n\n<p>MEP Ba\u015fkan\u0131 Servet \u00d6zkaya ise konu\u015fmas\u0131nda, Ba\u015fkan Se\u00e7er&#8217;in kentteki sivil toplum temsilcileri ile s\u00fcrd\u00fcrd\u00fc\u011f\u00fc iyi diyaloglar\u0131n kent ad\u0131na \u00e7ok \u00f6nemli oldu\u011funu belirterek,&nbsp;<strong>&#8220;Demokratik yap\u0131s\u0131 \u00e7ok geni\u015f olan kentimizde her kesimle iyi bir ileti\u015fim kurarak yapt\u0131\u011f\u0131n\u0131z \u00e7al\u0131\u015fmalar, \u00f6zellikle gen\u00e7lere ve kad\u0131nlara y\u00f6nelik projeler, altyap\u0131 yat\u0131r\u0131mlar\u0131 ve vizyonel projelerle vesile oldu\u011funuz hizmetler hepimiz taraf\u0131ndan memnuniyetle ve takdirle kar\u015f\u0131lanmaktad\u0131r. \u00d6zellikle y\u0131llard\u0131r \u00e7\u00f6z\u00fclemeyen imar planlar\u0131 konusunda g\u00f6sterdi\u011finiz \u00e7aba ve \u015feffafl\u0131k, 1\/5000&#8217;lik planlar\u0131n tamamlanmas\u0131 ile birlikte kentimiz i\u00e7in \u00f6nemli bir kazan\u0131m olmu\u015ftur. Mersin B\u00fcy\u00fck\u015fehir Belediyesi&#8217;nin sadece sosyal projelerle de\u011fil, i\u015f ve ekonomi alan\u0131nda da ba\u015far\u0131l\u0131 ad\u0131mlar att\u0131\u011f\u0131na \u015fahitlik ediyoruz&#8221;&nbsp;<\/strong>dedi ve Kariyer Merkezi&#8217;nin i\u015f d\u00fcnyas\u0131na sunmu\u015f oldu\u011fu katk\u0131lar i\u00e7in de te\u015fekk\u00fcrlerini iletti. \u00d6zkaya son olarak ise,&nbsp;<strong>&#8220;Hepimizin ortak hedefi; daha ya\u015fan\u0131labilir ve s\u00fcrd\u00fcr\u00fclebilir bir kent i\u00e7in katk\u0131 sunmakt\u0131r&#8221;&nbsp;<\/strong>diye konu\u015ftu.<\/p>\n","protected":false},"excerpt":{"rendered":"<p>Mersin B\u00fcy\u00fck\u015fehir Belediye Ba\u015fkan\u0131 Vahap Se\u00e7er; Mersin Ekonomi Platformu (MEP) ev sahipli\u011finde d\u00fczenlenen&nbsp;&#8216;\u0130\u015f D\u00fcnyas\u0131 Bulu\u015fmas\u0131&#8217;na kat\u0131l\u0131m sa\u011flayarak, MEP bile\u015fenleriyle bir araya geldi. Ba\u015fkan Se\u00e7er, kent bile\u015fenleri ile bir araya gelmenin \u00f6nemine vurgu yapt\u0131 Mersin B\u00fcy\u00fck\u015fehir Belediyesi olarak kentin t\u00fcm bile\u015fenleri ile bir araya geldiklerini s\u00f6yleyen Ba\u015fkan Se\u00e7er, bu bilgi ve deneyim payla\u015f\u0131m\u0131 ile i\u015f birli\u011finin [&hellip;]<\/p>\n","protected":false},"author":2,"featured_media":39020,"comment_status":"closed","ping_status":"closed","sticky":false,"template":"","format":"standard","meta":{"footnotes":""},"categories":[8,34,3,5],"tags":[],"class_list":["post-39019","post","type-post","status-publish","format-standard","has-post-thumbnail","hentry","category-ekonomi","category-flas-haber","category-manset","category-mersin"],"views":6,"_links":{"self":[{"href":"https:\/\/mersinkadingazetesi.com\/index.php?rest_route=\/wp\/v2\/posts\/39019"}],"collection":[{"href":"https:\/\/mersinkadingazetesi.com\/index.php?rest_route=\/wp\/v2\/posts"}],"about":[{"href":"https:\/\/mersinkadingazetesi.com\/index.php?rest_route=\/wp\/v2\/types\/post"}],"author":[{"embeddable":true,"href":"https:\/\/mersinkadingazetesi.com\/index.php?rest_route=\/wp\/v2\/users\/2"}],"replies":[{"embeddable":true,"href":"https:\/\/mersinkadingazetesi.com\/index.php?rest_route=%2Fwp%2Fv2%2Fcomments&post=39019"}],"version-history":[{"count":1,"href":"https:\/\/mersinkadingazetesi.com\/index.php?rest_route=\/wp\/v2\/posts\/39019\/revisions"}],"predecessor-version":[{"id":39021,"href":"https:\/\/mersinkadingazetesi.com\/index.php?rest_route=\/wp\/v2\/posts\/39019\/revisions\/39021"}],"wp:featuredmedia":[{"embeddable":true,"href":"https:\/\/mersinkadingazetesi.com\/index.php?rest_route=\/wp\/v2\/media\/39020"}],"wp:attachment":[{"href":"https:\/\/mersinkadingazetesi.com\/index.php?rest_route=%2Fwp%2Fv2%2Fmedia&parent=39019"}],"wp:term":[{"taxonomy":"category","embeddable":true,"href":"https:\/\/mersinkadingazetesi.com\/index.php?rest_route=%2Fwp%2Fv2%2Fcategories&post=39019"},{"taxonomy":"post_tag","embeddable":true,"href":"https:\/\/mersinkadingazetesi.com\/index.php?rest_route=%2Fwp%2Fv2%2Ftags&post=39019"}],"curies":[{"name":"wp","href":"https:\/\/api.w.org\/{rel}","templated":true}]}}