{"id":39022,"date":"2025-01-26T10:42:07","date_gmt":"2025-01-26T07:42:07","guid":{"rendered":"https:\/\/mersinkadingazetesi.com\/?p=39022"},"modified":"2025-01-26T10:42:07","modified_gmt":"2025-01-26T07:42:07","slug":"ozel-egitimde-simdiye-kadar-3-bin-500-seans-hizmeti-verildi","status":"publish","type":"post","link":"https:\/\/mersinkadingazetesi.com\/?p=39022","title":{"rendered":"\u00d6ZEL E\u011e\u0130T\u0130MDE \u015e\u0130MD\u0130YE KADAR 3 B\u0130N 500 SEANS H\u0130ZMET\u0130 VER\u0130LD\u0130"},"content":{"rendered":"\n<p>Mersin B\u00fcy\u00fck\u015fehir Belediyesi Sa\u011fl\u0131k \u0130\u015fleri Dairesi b\u00fcnyesinde faaliyetlerini s\u00fcrd\u00fcren Otizm Aile Dan\u0131\u015fma Merkezi&#8217;nde Otizm Spektrum Bozuklu\u011fu tan\u0131l\u0131 0-72 ay aral\u0131\u011f\u0131ndaki bireylere y\u00f6nelik verilen \u00f6zel e\u011fitim dersleri devam ediyor. Merkezden yararlanan \u00e7ocuklar, ald\u0131klar\u0131 \u00f6zel e\u011fitim dersleriyle \u00f6nemli ilerleme kaydediyor.<\/p>\n\n\n\n<p><strong>\u015eimdiye kadar 3 bin 500 seans \u00f6zel e\u011fitim dersi verildi<\/strong><\/p>\n\n\n\n<p>Otizm Aile Dan\u0131\u015fma Merkezi&#8217;nde \u00f6zel e\u011fitim dersleri kapsam\u0131nda kan\u0131ta dayal\u0131 bir y\u00f6ntem olan Uygulamal\u0131 Davran\u0131\u015f Analizi metodolojisi kullan\u0131l\u0131yor. Bu y\u00f6ntem ile kazand\u0131r\u0131lmak ya da azalt\u0131lmak istenen davran\u0131\u015flar g\u00f6zlemlenerek kaydediliyor. \u00d6zel e\u011fitim dersleri alan \u00e7ocuklar ayn\u0131 zamanda psikolojik dan\u0131\u015fmanl\u0131k ve geli\u015fim de\u011ferlendirmesi, duyu b\u00fct\u00fcnleme terapisi, grup e\u011fitimi ve bah\u00e7e aktiviteleri hizmetlerinden de faydalanabiliyor. Otizm Spektrum Bozuklu\u011fu tan\u0131l\u0131 bireyler \u00f6zel e\u011fitim derslerinden haftal\u0131k 2 ders olacak \u015fekilde \u00fccretsiz \u015fekilde faydalan\u0131yor.<\/p>\n\n\n\n<p>Otizm Aile Dan\u0131\u015fma Merkezi&#8217;ne kay\u0131tl\u0131 bireyler bu hizmetten \u015fimdiye kadar 3 bin 500 seans faydaland\u0131. Merkezden yararlan\u0131p geli\u015fim g\u00f6steren \u00e7ocuklardan biri de Asel Deniz \u015eeng\u00fc\u00e7. Asel, bug\u00fcne kadar 46 seans \u00f6zel e\u011fitim, 12 seans duyu b\u00fct\u00fcnleme, 8 seans grup e\u011fitimi ald\u0131. Yap\u0131lan \u00e7al\u0131\u015fmalar ile Asel&#8217;in ince motor, s\u0131ra alma, konu\u015fmay\u0131 planlama ile bir konu \u00fczerinde sohbet edebilme gibi becerilerinde art\u0131\u015f, problem davran\u0131\u015flar\u0131nda ise azalma g\u00f6zlemlendi.<\/p>\n\n\n\n<p><strong>S\u00f6nmez: &#8220;Do\u011fru e\u011fitimle \u00e7ocuklar\u0131n \u00e7ok g\u00fczel yere gelece\u011fine inan\u0131yoruz&#8221;<\/strong><\/p>\n\n\n\n<p>Otizm Aile Dan\u0131\u015fma Merkezi&#8217;nde \u00d6zel E\u011fitim \u00d6\u011fretmeni Aysu S\u00f6nmez, \u00e7ocuklarla ABA(Applied Behavior Analysis) y\u00f6ntemiyle masa ba\u015f\u0131nda \u00e7al\u0131\u015ft\u0131klar\u0131n\u0131 anlatarak, &#8220;<strong>Buradaki amac\u0131m\u0131z \u00e7ocuklar\u0131m\u0131z\u0131 hayata kazand\u0131rabilmek, onlara sorumluluk verebilmek ve okula haz\u0131rlamak. Kayna\u015ft\u0131rma olarak okullara gitmelerini istiyoruz. Burada 2,5 ya\u015f\u0131nda da \u00e7ocu\u011fumuz var, 6 ya\u015f\u0131nda da \u00e7ocu\u011fumuz var. Her zaman \u00e7ocuklar\u0131m\u0131z\u0131n destek\u00e7isiyiz. Do\u011fru e\u011fitimle \u00e7ocuklar\u0131n \u00e7ok g\u00fczel yerlere gelece\u011fine inan\u0131yoruz. Otizm \u00e7ok hassas bir konu. O y\u00fczden \u00e7ok do\u011fru e\u011fitime ihtiya\u00e7 duyuluyor ve bu konuda bizim kurumumuz ger\u00e7ekten \u00e7ok do\u011fru ad\u0131mlar at\u0131yor. Bu \u00e7ocuklara destek olabilmek i\u00e7in her zaman kap\u0131m\u0131z a\u00e7\u0131k&#8221;<\/strong>&nbsp;dedi.<\/p>\n\n\n\n<p><strong>Yaz\u0131c\u0131tun\u00e7: &#8220;Bu merkezi herkesin duymas\u0131 gerekiyor&#8221;<\/strong><\/p>\n\n\n\n<p>Velilerden Hicran Yaz\u0131c\u0131tun\u00e7, 4 ya\u015f\u0131ndaki k\u0131z\u0131 Asel Deniz&#8217;e atipik otizm te\u015fhisi konuldu\u011funu ve \u00e7ok erken fark ettiklerini anlatt\u0131. B\u00fcy\u00fck\u015fehir Otizm Aile Dan\u0131\u015fma Merkezi&#8217;nden \u00e7ok destek ald\u0131klar\u0131n\u0131 ifade eden Yaz\u0131c\u0131tun\u00e7,&nbsp;<strong>&#8220;Rapor ald\u0131ktan sonra \u00f6zel e\u011fitimlere ba\u015flad\u0131k. B\u00fcy\u00fck\u015fehir Belediyesi&#8217;nin b\u00f6yle bir kurumu oldu\u011funu, buradan faydalanabilece\u011fimi \u00f6\u011frendim. Buradaki arkada\u015flar \u00e7ok yard\u0131mc\u0131 oldular. Bilge \u00f6\u011fretmenim ger\u00e7ekten \u00e7ocuklarla birebir ilgileniyor ve bu i\u015fi ger\u00e7ekten severek yap\u0131yor. Raporumuz oldu\u011fu s\u00fcrece ben k\u0131z\u0131m\u0131n burada olmas\u0131n\u0131 istiyorum. \u015eu andaki ya\u015f grubu \u00e7ok kritik bir zaman. Biraz daha burada onlarla ilerlemek istiyorum. Bu merkezi herkesin duymas\u0131 gerekiyor&#8221;&nbsp;<\/strong>dedi.<\/p>\n\n\n\n<p>Yaz\u0131c\u0131tun\u00e7, k\u0131z\u0131 Asel&#8217;in \u00f6zel e\u011fitim dersleriyle \u00e7ok ilerleme kaydetti\u011fini anlatarak,&nbsp;<strong>&#8220;Asel&#8217;in birebirde de\u011fil ama ekip i\u00e7inde s\u0131k\u0131nt\u0131s\u0131 vard\u0131. Grup i\u00e7i kayna\u015fmas\u0131nda bu merkezin \u00e7ok faydas\u0131 oldu. Aysu hoca ile birlikte ince motor becerileri ilerledi. D\u0131\u015far\u0131da \u00fccretler \u00e7ok y\u00fcksek. Ger\u00e7ekten bu konuda B\u00fcy\u00fck\u015fehir Belediyesi&#8217;ne \u00e7ok te\u015fekk\u00fcr ediyorum. Hangi aktivitede bo\u015fluk varsa bizi bilgilendiriyorlar. Hepimizi tek tek ar\u0131yorlar. B\u00fct\u00fcn \u00f6\u011frencilerin arkas\u0131ndalar ve eksi\u011fimizi bize s\u00f6yl\u00fcyorlar&#8221;&nbsp;<\/strong>diye konu\u015ftu.<\/p>\n","protected":false},"excerpt":{"rendered":"<p>Mersin B\u00fcy\u00fck\u015fehir Belediyesi Sa\u011fl\u0131k \u0130\u015fleri Dairesi b\u00fcnyesinde faaliyetlerini s\u00fcrd\u00fcren Otizm Aile Dan\u0131\u015fma Merkezi&#8217;nde Otizm Spektrum Bozuklu\u011fu tan\u0131l\u0131 0-72 ay aral\u0131\u011f\u0131ndaki bireylere y\u00f6nelik verilen \u00f6zel e\u011fitim dersleri devam ediyor. Merkezden yararlanan \u00e7ocuklar, ald\u0131klar\u0131 \u00f6zel e\u011fitim dersleriyle \u00f6nemli ilerleme kaydediyor. \u015eimdiye kadar 3 bin 500 seans \u00f6zel e\u011fitim dersi verildi Otizm Aile Dan\u0131\u015fma Merkezi&#8217;nde \u00f6zel e\u011fitim dersleri [&hellip;]<\/p>\n","protected":false},"author":2,"featured_media":39023,"comment_status":"closed","ping_status":"closed","sticky":false,"template":"","format":"standard","meta":{"footnotes":""},"categories":[3,9],"tags":[],"class_list":["post-39022","post","type-post","status-publish","format-standard","has-post-thumbnail","hentry","category-manset","category-saglik"],"views":6,"_links":{"self":[{"href":"https:\/\/mersinkadingazetesi.com\/index.php?rest_route=\/wp\/v2\/posts\/39022"}],"collection":[{"href":"https:\/\/mersinkadingazetesi.com\/index.php?rest_route=\/wp\/v2\/posts"}],"about":[{"href":"https:\/\/mersinkadingazetesi.com\/index.php?rest_route=\/wp\/v2\/types\/post"}],"author":[{"embeddable":true,"href":"https:\/\/mersinkadingazetesi.com\/index.php?rest_route=\/wp\/v2\/users\/2"}],"replies":[{"embeddable":true,"href":"https:\/\/mersinkadingazetesi.com\/index.php?rest_route=%2Fwp%2Fv2%2Fcomments&post=39022"}],"version-history":[{"count":1,"href":"https:\/\/mersinkadingazetesi.com\/index.php?rest_route=\/wp\/v2\/posts\/39022\/revisions"}],"predecessor-version":[{"id":39024,"href":"https:\/\/mersinkadingazetesi.com\/index.php?rest_route=\/wp\/v2\/posts\/39022\/revisions\/39024"}],"wp:featuredmedia":[{"embeddable":true,"href":"https:\/\/mersinkadingazetesi.com\/index.php?rest_route=\/wp\/v2\/media\/39023"}],"wp:attachment":[{"href":"https:\/\/mersinkadingazetesi.com\/index.php?rest_route=%2Fwp%2Fv2%2Fmedia&parent=39022"}],"wp:term":[{"taxonomy":"category","embeddable":true,"href":"https:\/\/mersinkadingazetesi.com\/index.php?rest_route=%2Fwp%2Fv2%2Fcategories&post=39022"},{"taxonomy":"post_tag","embeddable":true,"href":"https:\/\/mersinkadingazetesi.com\/index.php?rest_route=%2Fwp%2Fv2%2Ftags&post=39022"}],"curies":[{"name":"wp","href":"https:\/\/api.w.org\/{rel}","templated":true}]}}