{"id":39026,"date":"2025-01-26T12:19:07","date_gmt":"2025-01-26T09:19:07","guid":{"rendered":"https:\/\/mersinkadingazetesi.com\/?p=39026"},"modified":"2025-01-26T12:19:07","modified_gmt":"2025-01-26T09:19:07","slug":"baskan-yildiz-toroslar-icin-yatirimlarimiz-devam-edecek","status":"publish","type":"post","link":"https:\/\/mersinkadingazetesi.com\/?p=39026","title":{"rendered":"BA\u015eKAN YILDIZ: TOROSLAR \u0130\u00c7\u0130N YATIRIMLARIMIZ DEVAM EDECEK"},"content":{"rendered":"\n<p>Toroslar Belediyesi, il\u00e7enin ilk bal\u0131k pazar\u0131n\u0131 kendi olanaklar\u0131yla yaparak hizmete a\u00e7t\u0131. Toroslar Belediye Ba\u015fkan\u0131 Abdurrahman Y\u0131ld\u0131z, belediyenin \u00f6n\u00fcm\u00fczdeki g\u00fcnlerde sanayi sitesi, al\u0131\u015fveri\u015f merkezi, akaryak\u0131t istasyonu ve yeni bir bal\u0131k pazar\u0131 yapaca\u011f\u0131n\u0131 belirterek &#8220;Toroslar art\u0131k ticaretin merkezi olacak. Toroslar art\u0131k sanayinin merkezi olacak. Toroslar&#8217;\u0131n insanlar\u0131 art\u0131k ba\u015fka il\u00e7eye gitmeyecekler. Ba\u015fka il\u00e7elerden insanlar Toroslar\u0131m\u0131za gelecekler&#8221; dedi.<\/p>\n\n\n\n<p>Toroslar Belediyesi, \u00f6nceki d\u00f6nemde yap\u0131m\u0131na ba\u015flanan ancak kaderine terk edilen, son y\u0131llarda yak\u0131larak zarar verilen bal\u0131k pazar\u0131n\u0131 kendi olanaklar\u0131 ve kendi i\u015f\u00e7isiyle ba\u015ftan a\u015fa\u011f\u0131 yeniden yapt\u0131, d\u00fczenledi ve il\u00e7enin ilk bal\u0131k pazar\u0131n\u0131 halk\u0131n hizmetine sundu. Portakal Mahallesi H. Okan Merzeci Bulvar\u0131 \u00fczerindeki bal\u0131k pazar\u0131nda Mersin&#8217;in tan\u0131nm\u0131\u015f 5 bal\u0131k\u00e7\u0131 esnaf\u0131 g\u00fcnl\u00fck taze bal\u0131k sat\u0131\u015f\u0131 yaparken 1 d\u00fckk\u00e2n manav malzemeleri sat\u0131\u015f\u0131 hizmeti verecek. Pazarda ayr\u0131ca bir de pi\u015firim \u00fcnitesi bulunuyor.<\/p>\n\n\n\n<p>Toroslar Belediyesi Bal\u0131k Pazar\u0131 hem \u00e7evre sakinlerinin hem de H. Okan Merzeci Bulvar\u0131&#8217;n\u0131 kullanarak b\u00f6lgeden ge\u00e7en vatanda\u015flar\u0131n park ve duraklama sorunu olmadan rahat\u00e7a al\u0131\u015fveri\u015f ve pi\u015firim yapt\u0131rabilece\u011fi bir konumda yer al\u0131yor.<\/p>\n\n\n\n<p><strong>&#8220;BU YAPIYI KEND\u0130 OLANAKLARIMIZLA YAPTIK&#8221;<\/strong><\/p>\n\n\n\n<p>A\u00e7\u0131l\u0131\u015f t\u00f6reninde yurtta\u015flara seslenen Toroslar Belediye Ba\u015fkan\u0131 Abdurrahman Y\u0131ld\u0131z, &#8220;Toroslar ger\u00e7ekten b\u00fcy\u00fck bir il\u00e7e. Co\u011frafi olarak b\u00fcy\u00fck bir il\u00e7e, n\u00fcfus olarak kalabal\u0131k bir il\u00e7e, b\u00fct\u00e7e olarak g\u00fc\u00e7l\u00fc bir il\u00e7e, ekonomisi de kuvvetli bir il\u00e7e. Fakat tek problemi bug\u00fcne kadar Toroslar&#8217;\u0131n bu imkanlar\u0131, Toroslar halk\u0131 i\u00e7in kullan\u0131lmam\u0131\u015f. Bu tesiste ba\u015fta olmak \u00fczere bunun gibi onlarca yer belki d\u00fc\u015f\u00fcn\u00fclm\u00fc\u015f, kimisinin temeli at\u0131lm\u0131\u015f kimisi k\u00e2\u011f\u0131t \u00fczerinde kalm\u0131\u015f ama tamamlanmam\u0131\u015f bitirilmemi\u015f ve Toroslar halk\u0131n\u0131n hizmetine sunulmam\u0131\u015f.&nbsp; Buras\u0131 biz geldi\u011fimizde \u00e7\u00fcr\u00fcmeye terk edilmi\u015f, i\u00e7inde kriminal tiplerin art\u0131k boy g\u00f6sterdi\u011fi, yat\u0131p kalkt\u0131\u011f\u0131 hatta bir k\u0131sm\u0131n\u0131n yak\u0131ld\u0131\u011f\u0131 bir bina idi buras\u0131. Dedim ki ne zaman ba\u015flat\u0131lm\u0131\u015f ne kadar para harcanm\u0131\u015f, bunu \u00e7\u0131kart\u0131n. Bizim buray\u0131 yap\u0131p bitirdi\u011fimiz bedelin bug\u00fcnk\u00fc de\u011feri ile s\u00f6yl\u00fcyorum en az \u00fc\u00e7 kat\u0131 kadar para harcanm\u0131\u015ft\u0131 ve o para \u00e7\u00fcr\u00fcmeye terk edilmi\u015fti. Ger\u00e7ekten de \u00e7\u00fcr\u00fcm\u00fc\u015ft\u00fc. Yeniden in\u015fa ettik buray\u0131 biz. Ve bunu biz belediyemizin kendi olanaklar\u0131 ile in\u015fa ettik. Kendi marangozlar\u0131m\u0131z, kald\u0131r\u0131mc\u0131lar\u0131m\u0131z, tesisat\u00e7\u0131lar\u0131m\u0131z, elektrik\u00e7ilerimiz, kaynak\u00e7\u0131lar\u0131m\u0131z bu g\u00f6rm\u00fc\u015f oldu\u011funuz b\u00fct\u00fcn yap\u0131y\u0131 Toroslar Belediyesi&#8217;nin kendi i\u015f\u00e7ileri yapt\u0131. Huzurlar\u0131n\u0131zda ben bir kez daha mesai arkada\u015flar\u0131ma te\u015fekk\u00fcr ediyorum, elinize eme\u011finize sa\u011fl\u0131k diyorum&#8221; dedi.<\/p>\n\n\n\n<p><strong>&#8220;TOROSLAR T\u0130CARET\u0130N MERKEZ\u0130 OLACAK&#8221;<\/strong><\/p>\n\n\n\n<p>Toroslar&#8217;da 1 Nisan 2024&#8217;ten sonra yeni bir takvimin i\u015flemeye ba\u015flad\u0131\u011f\u0131na de\u011finen Ba\u015fkan Y\u0131ld\u0131z, &#8220;Toroslar bundan sonra ger\u00e7ekten kendi g\u00fcc\u00fcn\u00fc g\u00f6steren potansiyelini a\u00e7\u0131\u011fa \u00e7\u0131karan bir il\u00e7e olacak.&nbsp; Umuyorum ki bu senenin sonunda 300 d\u00f6n\u00fcml\u00fck bir sanayi alan\u0131n\u0131n temelini ataca\u011f\u0131z. Yine Toroslar Belediyesi kendi imkanlar\u0131yla, 300 d\u00f6n\u00fcme belki 3 bin d\u00fckk\u00e2n yapacak. Ve Toroslar&#8217;da her g\u00fcn 30 bin ki\u015finin girip \u00e7\u0131kt\u0131\u011f\u0131, \u00e7al\u0131\u015ft\u0131\u011f\u0131 yeni istihdam alanlar\u0131n\u0131n yarat\u0131ld\u0131\u011f\u0131 bir sanayi a\u00e7aca\u011f\u0131z. Toroslar&#8217;da yeni ticaret ve al\u0131\u015fveri\u015f merkezleri i\u00e7in, g\u00f6r\u00fc\u015fmelerimiz var. Art\u0131k biz de ceketimizi pantolonumuzu vesairemizi almak i\u00e7in ba\u015fka bir il\u00e7eye gitmek zorunda kalmayaca\u011f\u0131z. Toroslar&#8217;da bizim d\u00f6nemimizde bu dolayl\u0131 yat\u0131r\u0131mlardan kaynakl\u0131 en 50 bin hem\u015fehrimizin yeni i\u015f olana\u011f\u0131 yakalamas\u0131n\u0131 sa\u011flayabilece\u011fini d\u00fc\u015f\u00fcn\u00fcyorum ben. Kendi \u00f6z g\u00fcc\u00fcm\u00fczle Toroslar Belediyesi&#8217;nin \u00f6z g\u00fcc\u00fcyle, kente hem ciddi bir al\u0131\u015fveri\u015f merkezi kazand\u0131raca\u011f\u0131z, yeri belli \u015fimdi plan \u00e7al\u0131\u015fmas\u0131 yap\u0131l\u0131yor. Bu kentte belediye petrol istasyonu kazand\u0131raca\u011f\u0131z. Yeri belli \u015fimdi \u00e7al\u0131\u015fmas\u0131n\u0131 yap\u0131yoruz. Bu kentte 300 d\u00f6n\u00fcml\u00fck bir sanayi alan\u0131 kazand\u0131raca\u011f\u0131z. Yeri belli \u015fimdi plan \u00e7al\u0131\u015fmas\u0131 yap\u0131yoruz. Toroslar art\u0131k ticaretin merkezi olacak, Toroslar art\u0131k sanayinin merkezi olacak. Toroslar&#8217;\u0131n insanlar\u0131 art\u0131k ba\u015fka il\u00e7eye gitmeyecekler. Ba\u015fka il\u00e7eden art\u0131k Toroslar\u0131m\u0131za gelecekler&#8221; ifadelerini kulland\u0131.<\/p>\n\n\n\n<p>Ba\u015fkan Y\u0131ld\u0131z, \u00f6n\u00fcm\u00fczdeki g\u00fcnlerde Sel\u00e7uklar Mahallesinde ikinci okuma salonunu, Demirta\u015f ve G\u00fcneykent&#8217;teki taziye evini a\u00e7acaklar\u0131n\u0131 belirterek yurtta\u015flar\u0131 a\u00e7\u0131l\u0131\u015fa davet etti.<\/p>\n\n\n\n<p>Portakal Mahallesi Muhtar\u0131 Burhan Bozkurt da &#8220;Ba\u015fta Say\u0131n Belediye ba\u015fkan\u0131m\u0131z Abdurrahman Y\u0131ld\u0131z olmak \u00fczere bu tesisi belediyemize kazand\u0131ran b\u00fct\u00fcn eme\u011fi ge\u00e7enlere te\u015fekk\u00fcr ediyorum&#8221; dedi.<\/p>\n\n\n\n<p>A\u00e7\u0131l\u0131\u015f t\u00f6renine CHP Mersin Milletvekilleri G\u00fclcan K\u0131\u015f, Talat Din\u00e7er ve Hasan Ufuk \u00c7ak\u0131r, Mersin B\u00fcy\u00fck\u015fehir Belediye Ba\u015fkanvekili Hamit Mert Avc\u0131, CHP Mersin \u0130l Ba\u015fkan\u0131 Koral \u00d6m\u00fcr, DEM Parti Mersin \u0130l E\u015f Ba\u015fkan\u0131 Hasan Cide, CHP Toroslar \u0130l\u00e7e Ba\u015fkan\u0131 Cumali Akba\u015f, belediye meclisi \u00fcyeleri, siyasi parti, sendika ve dernek temsilcileriyle \u00e7ok say\u0131da yurtta\u015f kat\u0131ld\u0131.<\/p>\n","protected":false},"excerpt":{"rendered":"<p>Toroslar Belediyesi, il\u00e7enin ilk bal\u0131k pazar\u0131n\u0131 kendi olanaklar\u0131yla yaparak hizmete a\u00e7t\u0131. Toroslar Belediye Ba\u015fkan\u0131 Abdurrahman Y\u0131ld\u0131z, belediyenin \u00f6n\u00fcm\u00fczdeki g\u00fcnlerde sanayi sitesi, al\u0131\u015fveri\u015f merkezi, akaryak\u0131t istasyonu ve yeni bir bal\u0131k pazar\u0131 yapaca\u011f\u0131n\u0131 belirterek &#8220;Toroslar art\u0131k ticaretin merkezi olacak. Toroslar art\u0131k sanayinin merkezi olacak. Toroslar&#8217;\u0131n insanlar\u0131 art\u0131k ba\u015fka il\u00e7eye gitmeyecekler. Ba\u015fka il\u00e7elerden insanlar Toroslar\u0131m\u0131za gelecekler&#8221; dedi. Toroslar [&hellip;]<\/p>\n","protected":false},"author":2,"featured_media":39027,"comment_status":"closed","ping_status":"closed","sticky":false,"template":"","format":"standard","meta":{"footnotes":""},"categories":[3,5],"tags":[],"class_list":["post-39026","post","type-post","status-publish","format-standard","has-post-thumbnail","hentry","category-manset","category-mersin"],"views":5,"_links":{"self":[{"href":"https:\/\/mersinkadingazetesi.com\/index.php?rest_route=\/wp\/v2\/posts\/39026"}],"collection":[{"href":"https:\/\/mersinkadingazetesi.com\/index.php?rest_route=\/wp\/v2\/posts"}],"about":[{"href":"https:\/\/mersinkadingazetesi.com\/index.php?rest_route=\/wp\/v2\/types\/post"}],"author":[{"embeddable":true,"href":"https:\/\/mersinkadingazetesi.com\/index.php?rest_route=\/wp\/v2\/users\/2"}],"replies":[{"embeddable":true,"href":"https:\/\/mersinkadingazetesi.com\/index.php?rest_route=%2Fwp%2Fv2%2Fcomments&post=39026"}],"version-history":[{"count":1,"href":"https:\/\/mersinkadingazetesi.com\/index.php?rest_route=\/wp\/v2\/posts\/39026\/revisions"}],"predecessor-version":[{"id":39028,"href":"https:\/\/mersinkadingazetesi.com\/index.php?rest_route=\/wp\/v2\/posts\/39026\/revisions\/39028"}],"wp:featuredmedia":[{"embeddable":true,"href":"https:\/\/mersinkadingazetesi.com\/index.php?rest_route=\/wp\/v2\/media\/39027"}],"wp:attachment":[{"href":"https:\/\/mersinkadingazetesi.com\/index.php?rest_route=%2Fwp%2Fv2%2Fmedia&parent=39026"}],"wp:term":[{"taxonomy":"category","embeddable":true,"href":"https:\/\/mersinkadingazetesi.com\/index.php?rest_route=%2Fwp%2Fv2%2Fcategories&post=39026"},{"taxonomy":"post_tag","embeddable":true,"href":"https:\/\/mersinkadingazetesi.com\/index.php?rest_route=%2Fwp%2Fv2%2Ftags&post=39026"}],"curies":[{"name":"wp","href":"https:\/\/api.w.org\/{rel}","templated":true}]}}