{"id":39068,"date":"2025-01-27T13:05:16","date_gmt":"2025-01-27T10:05:16","guid":{"rendered":"https:\/\/mersinkadingazetesi.com\/?p=39068"},"modified":"2025-01-27T13:05:16","modified_gmt":"2025-01-27T10:05:16","slug":"ekmen-okullarda-psikolojik-destek-ve-rehberlik-hizmetleri-arttirilsin","status":"publish","type":"post","link":"https:\/\/mersinkadingazetesi.com\/?p=39068","title":{"rendered":"EKMEN: OKULLARDA PS\u0130KOLOJ\u0130K DESTEK VE REHBERL\u0130K H\u0130ZMETLER\u0130 ARTTIRILSIN!"},"content":{"rendered":"\n<p><strong>DEVA Partisi Genel Ba\u015fkan Yard\u0131mc\u0131s\u0131 Mehmet Emin Ekmen, e\u011fitim kurumlar\u0131nda \u00f6\u011frencilere y<\/strong><strong>\u00f6<\/strong><strong>nelik psikolojik ve sosyal destek hizmetlerinin artt\u0131r\u0131lmas\u0131 konusunu Milli E\u011fitim Bakan\u0131 Yusuf Tekin<\/strong><strong>\u2019<\/strong><strong>e sordu.<\/strong><strong><\/strong><\/p>\n\n\n\n<p><strong>Psikolojik ve sosyal destek hizmetlerinin \u00f6\u011frencilerin kar\u015f\u0131la\u015ft\u0131klar\u0131 zorluklarla ba\u015fa \u00e7\u0131kmalar\u0131 konusunda <\/strong><strong>\u00f6<\/strong><strong>nemli oldu\u011funu vurgulan Ekmen s<\/strong><strong>\u00f6<\/strong><strong>z konusu deste\u011f<\/strong><strong>in T<\/strong><strong>\u00fcrkiye genelindeki okullarda yayg\u0131nl\u0131k ve eri\u015filebilirlik d\u00fczeyinin s\u0131n\u0131rl\u0131 oldu\u011funu ifade etti. Milli E\u011fitim Bakan\u0131 Tekin<\/strong><strong>\u2019<\/strong><strong>e soru y<\/strong><strong>\u00f6<\/strong><strong>nelten Ekmen, <\/strong><strong>\u201c<\/strong><strong>Psikolojik ve sosyal destek hizmetlerinin yayg\u0131nla\u015ft\u0131r\u0131lmas\u0131 noktas\u0131nda Bakanl\u0131\u011f\u0131n\u0131zca hangi projeler y\u00fcr\u00fct\u00fclmektedir?\u201d diye sordu.<\/strong><strong><\/strong><\/p>\n\n\n\n<p>DEVA Partisi Genel Ba\u015fkan Yard\u0131mc\u0131s\u0131 ve Mersin Milletvekili Mehmet Emin Ekmen, e\u011fitim kurumlar\u0131nda \u00f6\u011frencilere y\u00f6nelik psikolojik ve sosyal destek hizmetlerinin artt\u0131r\u0131lmas\u0131 konusunu T\u00fcrkiye B\u00fcy\u00fck Millet Meclisi (TBMM) g\u00fcndemine ta\u015f\u0131d\u0131. Milli E\u011fitim Bakan\u0131 Yusuf Tekin\u2019in yan\u0131tlamas\u0131 istemiyle TBMM Ba\u015fkanl\u0131\u011f\u0131\u2019na soru \u00f6nergesi veren Ekmen, bakanl\u0131\u011f\u0131n sosyal destek hizmetleri kapsam\u0131nda yapt\u0131\u011f\u0131 \u00e7al\u0131\u015fmalar\u0131n son durumunu sordu.<\/p>\n\n\n\n<p><strong>SOSYAL DESTEK H\u0130<\/strong><strong>ZMETLER<\/strong><strong>\u0130 <\/strong><strong>ARTIRILMALI<\/strong><strong><\/strong><\/p>\n\n\n\n<p>E\u011fitim kurumlar\u0131nda \u00f6\u011frencilere y\u00f6nelik psikolojik ve sosyal destek hizmetlerinin e\u011fitimin kalitesini art\u0131ran en \u00f6nemli unsurlardan biri oldu\u011funu ifade eden Ekmen, \u201cPsikolojik ve sosyal destek hizmetleri, \u00f6\u011frencilerin kar\u015f\u0131la\u015ft\u0131klar\u0131 zorluklarla ba\u015fa \u00e7\u0131kmalar\u0131n\u0131 sa\u011flaman\u0131n yan\u0131 s\u0131ra onlar\u0131n akademik ba\u015far\u0131lar\u0131n\u0131 ve ki\u015fisel geli\u015fimlerini desteklemektedir. Ancak bu t\u00fcr hizmetlerin T\u00fcrkiye genelindeki okullarda yayg\u0131nl\u0131k ve eri\u015filebilirlik d\u00fczeyi hakk\u0131nda s\u0131n\u0131rl\u0131 bilgi bulunmaktad\u0131r. Bu durum, \u00f6zellikle dezavantajl\u0131 b\u00f6lgelerdeki \u00e7ocuklar i\u00e7in daha fazla \u00f6nlem al\u0131nmas\u0131n\u0131 gerektirmektedir\u201d de\u011ferlendirmesinde bulundu.<\/p>\n\n\n\n<p><strong>EKMEN: SOSYAL DESTEK H\u0130<\/strong><strong>ZMETLER<\/strong><strong>\u0130 KAPSAMINDA HANG\u0130 <\/strong><strong>PROJELER Y\u00dc<\/strong><strong>R<\/strong><strong>\u00dc<\/strong><strong>T<\/strong><strong>\u00dc<\/strong><strong>L<\/strong><strong>\u00dc<\/strong><strong>YOR?<\/strong><strong><\/strong><\/p>\n\n\n\n<p>Ekmen, Milli E\u011fitimi Bakan\u0131 Tekin\u2019e 4 soru y\u00f6neltti;<\/p>\n\n\n\n<p><br>1.\u200bT\u00fcrkiye genelinde Milli E\u011fitim Bakanl\u0131\u011f\u0131\u2019na ba\u011fl\u0131 ilk, orta, lise seviyesinde e\u011fitim veren hizmet binalar\u0131n\u0131n say\u0131s\u0131 ka\u00e7t\u0131r?<\/p>\n\n\n\n<p>2.\u200b En az bir psikolog, sosyolog veya rehber \u00f6\u011fretmen bulunan bina say\u0131s\u0131 ka\u00e7t\u0131r?<\/p>\n\n\n\n<p>3.\u200bPsikolog, sosyolog, rehber \u00f6\u011fretmen arac\u0131l\u0131\u011f\u0131yla y\u00fcr\u00fct\u00fclen rehberlik hizmetleri a\u00e7\u0131s\u0131ndan \u00f6\u011frenci ba\u015f\u0131na d\u00fc\u015fen \u00f6\u011fretmen say\u0131s\u0131n\u0131n illere g\u00f6re da\u011f\u0131l\u0131m\u0131 nedir?<\/p>\n\n\n\n<p>4.\u200bPsikolojik ve sosyal destek hizmetlerinin yayg\u0131nla\u015ft\u0131r\u0131lmas\u0131 i\u00e7in Bakanl\u0131\u011f\u0131n\u0131zca hangi projeler y\u00fcr\u00fct\u00fclmektedir?<\/p>\n","protected":false},"excerpt":{"rendered":"<p>DEVA Partisi Genel Ba\u015fkan Yard\u0131mc\u0131s\u0131 Mehmet Emin Ekmen, e\u011fitim kurumlar\u0131nda \u00f6\u011frencilere y\u00f6nelik psikolojik ve sosyal destek hizmetlerinin artt\u0131r\u0131lmas\u0131 konusunu Milli E\u011fitim Bakan\u0131 Yusuf Tekin\u2019e sordu. Psikolojik ve sosyal destek hizmetlerinin \u00f6\u011frencilerin kar\u015f\u0131la\u015ft\u0131klar\u0131 zorluklarla ba\u015fa \u00e7\u0131kmalar\u0131 konusunda \u00f6nemli oldu\u011funu vurgulan Ekmen s\u00f6z konusu deste\u011fin T\u00fcrkiye genelindeki okullarda yayg\u0131nl\u0131k ve eri\u015filebilirlik d\u00fczeyinin s\u0131n\u0131rl\u0131 oldu\u011funu ifade etti. Milli [&hellip;]<\/p>\n","protected":false},"author":2,"featured_media":38861,"comment_status":"closed","ping_status":"closed","sticky":false,"template":"","format":"standard","meta":{"footnotes":""},"categories":[3],"tags":[],"class_list":["post-39068","post","type-post","status-publish","format-standard","has-post-thumbnail","hentry","category-manset"],"views":8,"_links":{"self":[{"href":"https:\/\/mersinkadingazetesi.com\/index.php?rest_route=\/wp\/v2\/posts\/39068"}],"collection":[{"href":"https:\/\/mersinkadingazetesi.com\/index.php?rest_route=\/wp\/v2\/posts"}],"about":[{"href":"https:\/\/mersinkadingazetesi.com\/index.php?rest_route=\/wp\/v2\/types\/post"}],"author":[{"embeddable":true,"href":"https:\/\/mersinkadingazetesi.com\/index.php?rest_route=\/wp\/v2\/users\/2"}],"replies":[{"embeddable":true,"href":"https:\/\/mersinkadingazetesi.com\/index.php?rest_route=%2Fwp%2Fv2%2Fcomments&post=39068"}],"version-history":[{"count":1,"href":"https:\/\/mersinkadingazetesi.com\/index.php?rest_route=\/wp\/v2\/posts\/39068\/revisions"}],"predecessor-version":[{"id":39069,"href":"https:\/\/mersinkadingazetesi.com\/index.php?rest_route=\/wp\/v2\/posts\/39068\/revisions\/39069"}],"wp:featuredmedia":[{"embeddable":true,"href":"https:\/\/mersinkadingazetesi.com\/index.php?rest_route=\/wp\/v2\/media\/38861"}],"wp:attachment":[{"href":"https:\/\/mersinkadingazetesi.com\/index.php?rest_route=%2Fwp%2Fv2%2Fmedia&parent=39068"}],"wp:term":[{"taxonomy":"category","embeddable":true,"href":"https:\/\/mersinkadingazetesi.com\/index.php?rest_route=%2Fwp%2Fv2%2Fcategories&post=39068"},{"taxonomy":"post_tag","embeddable":true,"href":"https:\/\/mersinkadingazetesi.com\/index.php?rest_route=%2Fwp%2Fv2%2Ftags&post=39068"}],"curies":[{"name":"wp","href":"https:\/\/api.w.org\/{rel}","templated":true}]}}