{"id":39108,"date":"2025-01-29T11:15:54","date_gmt":"2025-01-29T08:15:54","guid":{"rendered":"https:\/\/mersinkadingazetesi.com\/?p=39108"},"modified":"2025-01-29T11:15:55","modified_gmt":"2025-01-29T08:15:55","slug":"akp-adaletinin-iki-yuzu-suclular-disarida-hak-arayanlar-cezaevinde","status":"publish","type":"post","link":"https:\/\/mersinkadingazetesi.com\/?p=39108","title":{"rendered":"&#8216;AKP ADALET\u0130N\u0130N \u0130K\u0130 Y\u00dcZ\u00dc: SU\u00c7LULAR DI\u015eARIDA, HAK ARAYANLAR CEZAEV\u0130NDE!&#8217;"},"content":{"rendered":"\n<p><strong>CHP Mersin Milletvekili&nbsp;<a href=\"https:\/\/www.cumhuriyet.com.tr\/haberleri\/gulcan-kis\" target=\"_blank\" rel=\"noreferrer noopener\">G\u00fclcan K\u0131\u015f<\/a><\/strong>, resmi verilere g\u00f6re AKP\u2019nin 22 y\u0131ll\u0131k iktidarl\u0131\u011f\u0131 d\u00f6neminde kaza, yang\u0131n ya da do\u011fal afet sonucunda 53 bin 319 yurtta\u015f\u0131m\u0131z\u0131n ya\u015fam\u0131n\u0131 yitirdi\u011fini belirtti. Konuya ili\u015fkin K\u0131\u015f; \u201cBu \u00f6l\u00fcmler birer kader de\u011fildi, g\u00f6z g\u00f6re g\u00f6re geldi! Bu \u00f6l\u00fcmlerin ard\u0131ndan, su\u00e7lular\u0131n hesap verece\u011fi bir adalet d\u00fczeni de\u011fil, AKP\u2019nin iki y\u00fczl\u00fc adalet sistemi devreye girdi. Su\u00e7suz insanlar tutuklan\u0131rken, felaketlerin ger\u00e7ek sorumlular\u0131 elini kolunu sallayarak d\u0131\u015far\u0131da gezmeye devam etti\u201d dedi.<\/p>\n\n\n\n<p>Ya\u015fanan can kay\u0131plar\u0131n\u0131n ard\u0131ndan sorumlular\u0131n hukuk \u00f6n\u00fcnde hesap vermeden kayr\u0131lmalar\u0131, ancak ma\u011fdurlar\u0131n davalarla ya\u015famlar\u0131n\u0131n daha da zorla\u015ft\u0131r\u0131ld\u0131\u011f\u0131n\u0131 vurgulayan K\u0131\u015f, \u201cSoma\u2019da 301 madencimiz \u00f6ld\u00fc. Maden sahipleri ve y\u00f6neticileri birka\u00e7 y\u0131l yat\u0131p serbest kald\u0131, d\u00f6nemin Enerji Bakan\u0131 Taner Y\u0131ld\u0131z, \u00c7al\u0131\u015fma Bakan\u0131 Faruk \u00c7elik ve AKP\u2019nin b\u00fcrokratlar\u0131 hesap vermedi. \u00dcstelik madenciyi tekmeleyen Ba\u015fbakanl\u0131k M\u00fc\u015faviri Yusuf Yerkel, Frankfurt\u2019a ate\u015fe olarak atand\u0131, \u015fimdi de TFF\u2019de koordinat\u00f6r! Peki bu davada madencinin hakk\u0131n\u0131 arayan Can Atalay\u2019a ne oldu? Hatay\u2019dan milletvekili se\u00e7ilmesine ra\u011fmen h\u00e2l\u00e2 cezaevinde.<\/p>\n\n\n\n<p>Alada\u011f\u2019da S\u00fcleymanc\u0131lar cemaatine ait ka\u00e7ak yurtta 12 \u00e7ocuk diri diri yanarak \u00f6ld\u00fc. Yang\u0131n merdiveni kilitliydi, \u00e7ocuklar camlardan atlad\u0131. Yurt m\u00fcd\u00fcr\u00fc ve baz\u0131 g\u00f6revliler tutukland\u0131 ama d\u00f6nemin Aile Bakan\u0131 Fatma Bet\u00fcl Sayan Kaya, \u00c7al\u0131\u015fma Bakan\u0131 Mehmet M\u00fcezzino\u011flu, Milli E\u011fitim Bakan\u0131 \u0130smet Y\u0131lmaz tek bir g\u00fcn bile hesap vermedi. Tarikat yurtlar\u0131 h\u00e2l\u00e2 a\u00e7\u0131k, devlet deste\u011fi almaya devam ediyor. \u00c7orlu\u2019da 25 vatanda\u015f\u0131m\u0131z hayat\u0131n\u0131 kaybetti. Raylar\u0131n alt\u0131 bo\u015ftu, bak\u0131m yap\u0131lmam\u0131\u015ft\u0131, tren devrildi. Sorumlular m\u0131? 9 ki\u015fi tutukland\u0131 ama d\u00f6nemin Ula\u015ft\u0131rma Bakan\u0131 Cahit Turhan\u2019a dokunulmad\u0131. Yetmezmi\u015f gibi, o\u011flunu kaybeden M\u0131sra \u00d6z, Bolu yang\u0131n\u0131yla ilgili att\u0131\u011f\u0131 bir tweet y\u00fcz\u00fcnden soru\u015fturmaya maruz kald\u0131. Katiller d\u0131\u015far\u0131da, evlad\u0131n\u0131 kaybeden anne ise yarg\u0131lan\u0131yor. \u0130\u015fte AKP\u2019nin adalet d\u00fczeni\u201d ifadelerini kulland\u0131.<\/p>\n\n\n\n<p>6 \u015eubat depremlerinin arkas\u0131ndan ya\u015fananlara da de\u011finen K\u0131\u015f, \u201c6 \u015eubat\u2019ta 53 bin insan\u0131m\u0131z\u0131 kaybettik. Devlet yoktu, AFAD yoktu, K\u0131z\u0131lay \u00e7ad\u0131r satt\u0131. \u0130haleler yanda\u015flara gitti, binalar kum gibi da\u011f\u0131ld\u0131, binlerce insan enkaz alt\u0131nda \u00f6ld\u00fc. Hastaneler \u00e7\u00f6kt\u00fc, \u00e7\u00fcr\u00fck binalar\u0131n m\u00fcteahhitleri serbest b\u0131rak\u0131ld\u0131, devlet ihaleleri alan AKP\u2019ye yak\u0131n \u015firketlere dokunulmad\u0131. Peki d\u00f6nemin \u00c7evre Bakan\u0131 Murat Kurum, \u0130\u00e7i\u015fleri Bakan\u0131 S\u00fcleyman Soylu, Ula\u015ft\u0131rma Bakan\u0131 Adil Karaismailo\u011flu, Sa\u011fl\u0131k Bakan\u0131 Fahrettin Koca ne yapt\u0131? \u0130stifa m\u0131 ettiler? Hay\u0131r. Sorumluluk mu ald\u0131lar? Hay\u0131r. Koltuklar\u0131na s\u0131k\u0131 s\u0131k\u0131 tutundular. Erzincan \u0130li\u00e7\u2019teki \u00c7\u00f6pler Alt\u0131n Madeni\u2019nde 9 i\u015f\u00e7imiz g\u00f6\u00e7\u00fck alt\u0131nda kald\u0131, 116 g\u00fcn sonra cesetlerine ula\u015f\u0131ld\u0131. Sorumlular m\u0131? 12 ki\u015fi tutukland\u0131 ama \u00c7ED olumlu raporu veren d\u00f6nemin \u00c7evre Bakan\u0131 Murat Kurum\u2019a yine kimse dokunmad\u0131. Katliam\u0131n onay\u0131 devlet eliyle verildi, bedelini i\u015f\u00e7iler can\u0131yla \u00f6dedi\u201d diye konu\u015ftu.<\/p>\n\n\n\n<p>Son olarak Bolu\u2019da 78 vatanda\u015f\u0131m\u0131z \u00f6ld\u00fc, 35 \u00e7ocu\u011fumuz topra\u011fa verildi. 30 aile yok oldu. Devlet ne yapt\u0131? \u00d6nce belediyeyi su\u00e7lad\u0131, sonra \u0130l \u00d6zel \u0130daresi\u2019ni sorumlu tuttu\u201d diyen K\u0131\u015f, \u015fu ifadeleri kulland\u0131:<\/p>\n\n\n\n<p>\u201c Turizm Bakanl\u0131\u011f\u0131\u2019n\u0131n yetkisinde olan otelin, bakan\u0131n sahibi oldu\u011fu ETS Tur taraf\u0131ndan listelendi\u011fi ortaya \u00e7\u0131kt\u0131. Yine kimse istifa etmedi, kimse yarg\u0131lanmad\u0131. B\u00fct\u00fcn bu felaketlerin ard\u0131ndan AKP\u2019nin adaleti hep ayn\u0131 \u015fekilde i\u015fledi. \u00d6l\u00fcm sa\u00e7an patronlar, AKP m\u00fcteahhitleri d\u0131\u015far\u0131da. Bakanlar, b\u00fcrokratlar hesap vermiyor. Ama adalet isteyenler, evlad\u0131n\u0131 kaybeden anneler, madenci haklar\u0131n\u0131 savunanlar yarg\u0131lan\u0131yor. \u0130\u015fte AKP\u2019nin adalet d\u00fczeni budur. T\u00fcrkiye\u2019de bir felaket oldu\u011funda, ilk ceza ger\u00e7ekleri s\u00f6yleyen gazetecilere, adalet isteyen avukatlara, evlad\u0131n\u0131 kaybeden annelere kesiliyor.<\/p>\n\n\n\n<p>Su\u00e7lu AKP\u2019ye yak\u0131nsa ceza alm\u0131yor. AKP\u2019li bir bakan, m\u00fcteahhit ya da b\u00fcrokratsa b\u0131rak\u0131n yarg\u0131lanmay\u0131, \u00f6d\u00fcllendiriliyor. Bu d\u00fczen de\u011fi\u015fecek. Bu \u00e7\u00fcr\u00fcm\u00fc\u015f d\u00fczeni de\u011fi\u015ftirmek i\u00e7in, adaleti savunan herkesin yan\u0131nda olaca\u011f\u0131z. T\u00fcrkiye\u2019de ger\u00e7ek adalet sa\u011flanana kadar m\u00fccadelemiz s\u00fcrecek.\u201d<\/p>\n","protected":false},"excerpt":{"rendered":"<p>CHP Mersin Milletvekili&nbsp;G\u00fclcan K\u0131\u015f, resmi verilere g\u00f6re AKP\u2019nin 22 y\u0131ll\u0131k iktidarl\u0131\u011f\u0131 d\u00f6neminde kaza, yang\u0131n ya da do\u011fal afet sonucunda 53 bin 319 yurtta\u015f\u0131m\u0131z\u0131n ya\u015fam\u0131n\u0131 yitirdi\u011fini belirtti. Konuya ili\u015fkin K\u0131\u015f; \u201cBu \u00f6l\u00fcmler birer kader de\u011fildi, g\u00f6z g\u00f6re g\u00f6re geldi! Bu \u00f6l\u00fcmlerin ard\u0131ndan, su\u00e7lular\u0131n hesap verece\u011fi bir adalet d\u00fczeni de\u011fil, AKP\u2019nin iki y\u00fczl\u00fc adalet sistemi devreye girdi. [&hellip;]<\/p>\n","protected":false},"author":2,"featured_media":38716,"comment_status":"closed","ping_status":"closed","sticky":false,"template":"","format":"standard","meta":{"footnotes":""},"categories":[2,3,6],"tags":[],"class_list":["post-39108","post","type-post","status-publish","format-standard","has-post-thumbnail","hentry","category-gundem","category-manset","category-siyaset-2"],"views":11,"_links":{"self":[{"href":"https:\/\/mersinkadingazetesi.com\/index.php?rest_route=\/wp\/v2\/posts\/39108"}],"collection":[{"href":"https:\/\/mersinkadingazetesi.com\/index.php?rest_route=\/wp\/v2\/posts"}],"about":[{"href":"https:\/\/mersinkadingazetesi.com\/index.php?rest_route=\/wp\/v2\/types\/post"}],"author":[{"embeddable":true,"href":"https:\/\/mersinkadingazetesi.com\/index.php?rest_route=\/wp\/v2\/users\/2"}],"replies":[{"embeddable":true,"href":"https:\/\/mersinkadingazetesi.com\/index.php?rest_route=%2Fwp%2Fv2%2Fcomments&post=39108"}],"version-history":[{"count":1,"href":"https:\/\/mersinkadingazetesi.com\/index.php?rest_route=\/wp\/v2\/posts\/39108\/revisions"}],"predecessor-version":[{"id":39109,"href":"https:\/\/mersinkadingazetesi.com\/index.php?rest_route=\/wp\/v2\/posts\/39108\/revisions\/39109"}],"wp:featuredmedia":[{"embeddable":true,"href":"https:\/\/mersinkadingazetesi.com\/index.php?rest_route=\/wp\/v2\/media\/38716"}],"wp:attachment":[{"href":"https:\/\/mersinkadingazetesi.com\/index.php?rest_route=%2Fwp%2Fv2%2Fmedia&parent=39108"}],"wp:term":[{"taxonomy":"category","embeddable":true,"href":"https:\/\/mersinkadingazetesi.com\/index.php?rest_route=%2Fwp%2Fv2%2Fcategories&post=39108"},{"taxonomy":"post_tag","embeddable":true,"href":"https:\/\/mersinkadingazetesi.com\/index.php?rest_route=%2Fwp%2Fv2%2Ftags&post=39108"}],"curies":[{"name":"wp","href":"https:\/\/api.w.org\/{rel}","templated":true}]}}