{"id":39131,"date":"2025-01-29T16:40:34","date_gmt":"2025-01-29T13:40:34","guid":{"rendered":"https:\/\/mersinkadingazetesi.com\/?p=39131"},"modified":"2025-01-29T16:40:35","modified_gmt":"2025-01-29T13:40:35","slug":"mezitli-belediyesinden-yangin-bilinclendirme-semineri","status":"publish","type":"post","link":"https:\/\/mersinkadingazetesi.com\/?p=39131","title":{"rendered":"MEZ\u0130TL\u0130 BELED\u0130YES\u0130&#8217;NDEN YANGIN B\u0130L\u0130N\u00c7LEND\u0130RME SEM\u0130NER\u0130"},"content":{"rendered":"\n<p>Mezitli Belediyesi, son g\u00fcnlerde T\u00fcrkiye g\u00fcndeminde yer alan yang\u0131n olaylar\u0131 nedeniyle vatanda\u015flar\u0131 bilin\u00e7lendirmek amac\u0131yla yang\u0131n semineri d\u00fczenledi. Mersin \u0130tfaiyesi i\u015f birli\u011fiyle ger\u00e7ekle\u015ftirilen seminerde, yang\u0131n an\u0131nda do\u011fru m\u00fcdahale y\u00f6ntemleri ve al\u0131nmas\u0131 gereken \u00f6nlemler detayl\u0131 bir \u015fekilde anlat\u0131ld\u0131.<\/p>\n\n\n\n<p>Vatanda\u015flara, yang\u0131n konusunda do\u011fru bilinen yanl\u0131\u015flar, yang\u0131n t\u00fcplerinin kullan\u0131m\u0131, yang\u0131n s\u00f6nd\u00fcrme teknikleri, panik an\u0131nda yap\u0131lmas\u0131 gerekenler ve kurtar\u0131lma s\u00fcre\u00e7leri hakk\u0131nda hem teorik hem de uygulamal\u0131 e\u011fitim verildi. E\u011fitimin ard\u0131ndan Mezitli Belediyesi binas\u0131 \u00f6n\u00fcnde yang\u0131n tatbikat\u0131 yap\u0131ld\u0131. Mersin \u0130tfaiyesi ekipleri, kontroll\u00fc olarak \u00e7\u0131kar\u0131lan yang\u0131n\u0131 s\u00f6nd\u00fcrme i\u015flemini vatanda\u015flarla birlikte ger\u00e7ekle\u015ftirdi.<\/p>\n\n\n\n<p>Belediye Ba\u015fkan\u0131 Ahmet Serkan Tuncer&#8217;in de kat\u0131ld\u0131\u011f\u0131 tatbikatta, yang\u0131na kar\u015f\u0131 bilin\u00e7lenmenin ve h\u0131zl\u0131 m\u00fcdahalenin \u00f6nemine dikkat \u00e7ekildi. Ba\u015fkan Tuncer, yang\u0131nlara kar\u015f\u0131 al\u0131nmas\u0131 gereken tedbirlerin hayati \u00f6nem ta\u015f\u0131d\u0131\u011f\u0131n\u0131 vurgulayarak, bu t\u00fcr bilin\u00e7lendirme \u00e7al\u0131\u015fmalar\u0131n\u0131n devam edece\u011fini belirtti.<\/p>\n","protected":false},"excerpt":{"rendered":"<p>Mezitli Belediyesi, son g\u00fcnlerde T\u00fcrkiye g\u00fcndeminde yer alan yang\u0131n olaylar\u0131 nedeniyle vatanda\u015flar\u0131 bilin\u00e7lendirmek amac\u0131yla yang\u0131n semineri d\u00fczenledi. Mersin \u0130tfaiyesi i\u015f birli\u011fiyle ger\u00e7ekle\u015ftirilen seminerde, yang\u0131n an\u0131nda do\u011fru m\u00fcdahale y\u00f6ntemleri ve al\u0131nmas\u0131 gereken \u00f6nlemler detayl\u0131 bir \u015fekilde anlat\u0131ld\u0131. Vatanda\u015flara, yang\u0131n konusunda do\u011fru bilinen yanl\u0131\u015flar, yang\u0131n t\u00fcplerinin kullan\u0131m\u0131, yang\u0131n s\u00f6nd\u00fcrme teknikleri, panik an\u0131nda yap\u0131lmas\u0131 gerekenler ve kurtar\u0131lma s\u00fcre\u00e7leri [&hellip;]<\/p>\n","protected":false},"author":2,"featured_media":39132,"comment_status":"closed","ping_status":"closed","sticky":false,"template":"","format":"standard","meta":{"footnotes":""},"categories":[3],"tags":[],"class_list":["post-39131","post","type-post","status-publish","format-standard","has-post-thumbnail","hentry","category-manset"],"views":3,"_links":{"self":[{"href":"https:\/\/mersinkadingazetesi.com\/index.php?rest_route=\/wp\/v2\/posts\/39131"}],"collection":[{"href":"https:\/\/mersinkadingazetesi.com\/index.php?rest_route=\/wp\/v2\/posts"}],"about":[{"href":"https:\/\/mersinkadingazetesi.com\/index.php?rest_route=\/wp\/v2\/types\/post"}],"author":[{"embeddable":true,"href":"https:\/\/mersinkadingazetesi.com\/index.php?rest_route=\/wp\/v2\/users\/2"}],"replies":[{"embeddable":true,"href":"https:\/\/mersinkadingazetesi.com\/index.php?rest_route=%2Fwp%2Fv2%2Fcomments&post=39131"}],"version-history":[{"count":1,"href":"https:\/\/mersinkadingazetesi.com\/index.php?rest_route=\/wp\/v2\/posts\/39131\/revisions"}],"predecessor-version":[{"id":39133,"href":"https:\/\/mersinkadingazetesi.com\/index.php?rest_route=\/wp\/v2\/posts\/39131\/revisions\/39133"}],"wp:featuredmedia":[{"embeddable":true,"href":"https:\/\/mersinkadingazetesi.com\/index.php?rest_route=\/wp\/v2\/media\/39132"}],"wp:attachment":[{"href":"https:\/\/mersinkadingazetesi.com\/index.php?rest_route=%2Fwp%2Fv2%2Fmedia&parent=39131"}],"wp:term":[{"taxonomy":"category","embeddable":true,"href":"https:\/\/mersinkadingazetesi.com\/index.php?rest_route=%2Fwp%2Fv2%2Fcategories&post=39131"},{"taxonomy":"post_tag","embeddable":true,"href":"https:\/\/mersinkadingazetesi.com\/index.php?rest_route=%2Fwp%2Fv2%2Ftags&post=39131"}],"curies":[{"name":"wp","href":"https:\/\/api.w.org\/{rel}","templated":true}]}}