{"id":39134,"date":"2025-01-29T17:47:56","date_gmt":"2025-01-29T14:47:56","guid":{"rendered":"https:\/\/mersinkadingazetesi.com\/?p=39134"},"modified":"2025-01-29T17:47:56","modified_gmt":"2025-01-29T14:47:56","slug":"uysal-sosyal-medya-bagimliliyla-ilgili-meclis-arastirma-komisyonu-kurulmali","status":"publish","type":"post","link":"https:\/\/mersinkadingazetesi.com\/?p=39134","title":{"rendered":"UYSAL: SOSYAL MEDYA BA\u011eIMLILIYLA \u0130LG\u0130L\u0130 \u2018MECL\u0130S ARA\u015eTIRMA KOM\u0130SYONU\u2019 KURULMALI"},"content":{"rendered":"\n<p>TBMM Dijital Mecralar Komisyonu \u00fcyesi Milliyet\u00e7i Hareket Partisi Mersin Milletvekili Dr. Levent Uysal Meclis\u2019te g\u00fcndem d\u0131\u015f\u0131 s\u00f6z alarak sosyal medya ba\u011f\u0131ml\u0131l\u0131\u011f\u0131n\u0131n \u00f6zellikle gen\u00e7leri tehdit alt\u0131nda b\u0131rakt\u0131\u011f\u0131n\u0131 s\u00f6yledi. Milletvekili Uysal TBMM\u2019de konuyla ilgili meclis ara\u015ft\u0131rma komisyonu kurulmas\u0131n\u0131 talep ederek <strong>\u201cSon bir ayda \u00c7ukurova b\u00f6lgesinde bin gencimiz sosyal medyan\u0131n sanal alemine \u00f6zenerek evden ka\u00e7t\u0131. Aile de\u011ferlerimizin zedelenmemesi ve gen\u00e7lerimizin yanl\u0131\u015fa sevk olmamas\u0131 i\u00e7in meclis ara\u015ft\u0131rma komisyonu kural\u0131m.\u201d<\/strong> \u015feklinde konu\u015ftu.<\/p>\n\n\n\n<p>Sosyal medya ba\u011f\u0131ml\u0131l\u0131\u011f\u0131 g\u00fcnden g\u00fcne d\u00fcnyada yayg\u0131nla\u015fan ve \u00f6zellikle gen\u00e7leri etkileyen evrensel bir sorun haline geldi. T\u00fcrkiye B\u00fcy\u00fck Millet Meclisi Dijital Mecralar Komisyonu \u00dcyesi ve Milliyet\u00e7i Hareket Partisi Mersin Milletvekili Dr. Levent Uysal Meclis\u2019te g\u00fcndem d\u0131\u015f\u0131 konu\u015farak sosyal medya ba\u011f\u0131ml\u0131l\u0131\u011f\u0131 ile etkin m\u00fccadele edilmesi gerekti\u011fini vurgulad\u0131. Gen\u00e7lerin l\u00fcks hayatlara \u00f6zenerek evlerini dahi terk ettiklerinin alt\u0131n\u0131 \u00e7izen Uysal, bu durumun T\u00fcrk toplum yap\u0131s\u0131na zarar verdi\u011fini belirterek <strong>\u201cGe\u00e7ti\u011fimiz birka\u00e7 ay i\u00e7erisinde sadece \u00c7ukurova b\u00f6lgesinde binin \u00fczerinde \u00e7ocu\u011fumuz, sosyal medya \u00fcnl\u00fclerine \u00f6zenerek, daha l\u00fcks bir hayat ya\u015fayacaklar\u0131n\u0131 d\u00fc\u015f\u00fcnerek, evden ka\u00e7t\u0131lar. T\u00fcrkiye \u00e7ap\u0131nda bu say\u0131n\u0131n ne kadar olabilece\u011fini tahmin edin. Bu durum, \u00fclkemizin gelece\u011fi, g\u00fc\u00e7l\u00fc aile yap\u0131s\u0131 i\u00e7in b\u00fcy\u00fck bir tehdittir.\u201d<\/strong> a\u00e7\u0131klamas\u0131nda bulundu.<\/p>\n\n\n\n<p><strong>MHP MERS\u0130N M\u0130LLETVEK\u0130L\u0130 UYSAL: SOSYAL MEDYA BA\u011eIMLILI\u011eI ULUSAL B\u0130R SORUNDUR<\/strong><\/p>\n\n\n\n<p>Uzun y\u0131llar teknoloji \u015firketlerinde y\u00f6neticilik yapan Mersin Milletvekili Dr. Levent Uysal, teknolojinin \u00fclkeye katma de\u011fer sa\u011flad\u0131\u011f\u0131na, toplumun gelece\u011fini \u015fekillendirmesindeki yerine dikkat \u00e7ekti ancak artan sosyal medya ba\u011f\u0131ml\u0131l\u0131\u011f\u0131n\u0131n da g\u00f6z ard\u0131 edilmemesini istedi. Milletvekili Uysal <strong>\u201cHepimizin hayat\u0131nda b\u00fcy\u00fck yeri olan teknoloji ve sosyal medya, elbette bir\u00e7ok kolayl\u0131k ve f\u0131rsat sa\u011fl\u0131yor. Sosyal medya sayesinde \u00f6zellikle biz siyaset\u00e7iler, ula\u015famad\u0131\u011f\u0131m\u0131z kitlelere ula\u015ft\u0131k ve fikirlerimizin, h\u0131zla yay\u0131lmas\u0131n\u0131 sa\u011flad\u0131k. Uzun y\u0131llar teknoloji \u015firketlerinde y\u00f6neticilik yapt\u0131m ve teknolojinin \u00fclkemiz i\u00e7in katma de\u011ferine, gelece\u011fimizi kurmaktaki \u00f6nemine, e\u011fitim ve teknoloji odakl\u0131 \u00e7al\u0131\u015fmalar\u0131na can\u0131 g\u00f6n\u00fclden inan\u0131yorum. Ancak; giderek artan sosyal medya ba\u011f\u0131ml\u0131l\u0131\u011f\u0131, art\u0131k bizim i\u00e7in ulusal bir sorundur. Gen\u00e7ler i\u00e7in ya\u015fam alan\u0131 haline gelen sosyal medya, maalesef ba\u011f\u0131ml\u0131l\u0131k sorununa d\u00f6n\u00fc\u015fm\u00fc\u015ft\u00fcr.\u201d<\/strong> dedi.&nbsp;<\/p>\n\n\n\n<p><strong>\u201cSANAL VE ALDATICI ALEM \u00d6ZELL\u0130KLE GEN\u00c7LER\u0130M\u0130Z\u0130N AHLAKINI VE DE\u011eERLER\u0130M\u0130Z\u0130 ZEDEL\u0130YOR\u201d<\/strong><\/p>\n\n\n\n<p>Sanal ve aldat\u0131c\u0131 alemin sadece insanlar\u0131n ruhsal dengelerini bozmakla kalmad\u0131\u011f\u0131n\u0131; toplumun ahlak\u0131n\u0131, de\u011ferlerini ve aile yap\u0131s\u0131n\u0131 da zedeledi\u011fini ifade eden TBMM Dijital Mecralar Komisyonu \u00dcyesi ve MHP Mersin Milletvekili Dr. Levent Uysal <strong>\u201cNe yaz\u0131k ki bug\u00fcn sosyal medya dedi\u011fimiz kontrolden \u00e7\u0131kan, bu sanal d\u00fcnya, bu aldat\u0131c\u0131 alem, sadece insanlar\u0131n ruhsal dengelerini bozmuyor; ahlak\u0131m\u0131z\u0131, de\u011ferlerimizi ve aile yap\u0131m\u0131z\u0131 zedeliyor. Bu ba\u011f\u0131ml\u0131l\u0131\u011f\u0131n bedelini de \u00e7ocuklar, gen\u00e7ler ve aileler \u00f6d\u00fcyor. Yani t\u00fcm toplum. Sosyal medyada bir payla\u015f\u0131m yapt\u0131\u011f\u0131m\u0131zda ald\u0131\u011f\u0131m\u0131z be\u011feniler bize mutluluk an\u0131 ya\u015fat\u0131yor de\u011fil mi? Bu his, beynimizin \u00f6d\u00fcl mekanizmas\u0131n\u0131 tetikleyen bir d\u00f6ng\u00fc. \u0130\u015fte, o \u201canl\u0131k mutluluklar\u0131\u201d tekrar tekrar ya\u015famak i\u00e7in sosyal medyaya bak\u0131yoruz.\u201d<\/strong> \u015feklinde konu\u015ftu.<\/p>\n\n\n\n<p><strong>T\u00dcRK\u0130YE\u2019DE \u0130NSANLAR HER G\u00dcN SOSYAL MEDYADA YAKLA\u015eIK 3 SAAT GE\u00c7\u0130R\u0130YOR\u201d<\/strong><\/p>\n\n\n\n<p>T\u00fcrkiye\u2019de insanlar\u0131n sosyal medyada g\u00fcnl\u00fck yakla\u015f\u0131k 3 saat zaman harcad\u0131\u011f\u0131n\u0131 ve bu rakam\u0131n d\u00fcnya ortalamas\u0131n\u0131n \u00e7ok \u00fczerinde oldu\u011funu s\u00f6yleyen Milletvekili Uysal, d\u00fcnyan\u0131n bir\u00e7ok \u00fclkesinde sosyal medya ba\u011f\u0131ml\u0131l\u0131\u011f\u0131 ile ilgili adeta sava\u015f ba\u015flat\u0131ld\u0131\u011f\u0131n\u0131 kaydetti. <strong>Uysal \u201cT\u00fcrkiye\u2019de sosyal medyada ge\u00e7irilen zaman g\u00fcnde yakla\u015f\u0131k 3 saat. D\u00fcnya ortalamas\u0131n\u0131n da \u00fczerinde. Sosyal medya m\u0131? Sevdiklerimiz mi? sorusunun cevab\u0131 maalesef sosyal medya. En ac\u0131s\u0131 ise sosyal medyadaki s\u00f6z\u00fcm ona \u201cm\u00fckemmel hayatlar\u201d \u00f6zg\u00fcvenimizi zedeliyor, kendimizi ba\u015fkalar\u0131yla k\u0131yaslamam\u0131za neden oluyor. \u0130\u015fte bu durum, insanlarda ama \u00f6zellikle de gen\u00e7lerimizde ciddi bir psikolojik y\u0131pranmaya yol a\u00e7\u0131yor. Art\u0131k sosyal medya ba\u011f\u0131ml\u0131l\u0131\u011f\u0131, evrensel bir sorundur. D\u00fcnyan\u0131n bir\u00e7ok \u00fclkesinde de bununla ilgili sava\u015f ba\u015flat\u0131lm\u0131\u015ft\u0131r. Aile ve Sosyal Hizmetler Bakanl\u0131\u011f\u0131m\u0131z\u0131n 16 ya\u015f alt\u0131 i\u00e7in sosyal medya ve dijital oyun platformlar\u0131n\u0131 d\u00fczenleyen mevzuat \u00e7al\u0131\u015fmas\u0131na da g\u00f6n\u00fclden destek veriyor gerek dijital mecralar komisyonundaki g\u00f6revim gerekse bir baba olarak elimden gelen deste\u011fi vermek i\u00e7in haz\u0131r oldu\u011fumu belirtiyorum.\u201d<\/strong> ifadelerine yer verdi.&nbsp;<\/p>\n\n\n\n<p>Milliyet\u00e7i Hareket Partisi Lideri Dr. Devlet Bah\u00e7eli\u2019nin <strong>\u2018T\u00fcrk aile yap\u0131s\u0131 bug\u00fcn, kitle haberle\u015fme ara\u00e7lar\u0131n\u0131n sald\u0131r\u0131s\u0131 alt\u0131ndad\u0131r.\u2019<\/strong> s\u00f6z\u00fcn\u00fc hat\u0131rlatarak sosyal medya ba\u011f\u0131ml\u0131l\u0131\u011f\u0131 ile m\u00fccadele noktas\u0131nda Meclis\u2019te ara\u015ft\u0131rma komisyonu kurulmas\u0131n\u0131 talep eden Mersin Milletvekili Dr. Levent Uysal <strong>\u201cBir a\u011fa\u00e7 gibi \u00e7ocuklar\u0131m\u0131z\u0131n k\u00f6kleri ailede, dallar\u0131 vatanda, meyveleri de de\u011ferlerimizde b\u00fcy\u00fcr. Ne yaz\u0131k ki sosyal medya, T\u00fcrk aile yap\u0131s\u0131n\u0131 de\u011fi\u015ftirmekte ve bozmakta. Genel Ba\u015fkan\u0131m\u0131z Say\u0131n Devlet Bah\u00e7eli Beyefendinin dedi\u011fi gibi \u2018T\u00fcrk aile yap\u0131s\u0131 bug\u00fcn, kitle haberle\u015fme ara\u00e7lar\u0131n\u0131n sald\u0131r\u0131s\u0131 alt\u0131ndad\u0131r.\u2019 D\u00fcnyan\u0131n bir\u00e7ok \u00fclkesinde yasaklanan ama T\u00fcrkiye de hala yay\u0131nlanan baz\u0131 sosyal medya platformlar\u0131 T\u00fcrk aile de\u011ferlerinin kaybolmas\u0131na neden oluyor. Bu durum \u00f6zellikle de art\u0131k, mahremiyet alan\u0131m\u0131z\u0131 da daralt\u0131yor! \u00d6z de\u011ferlerimizi korumak, birinci g\u00f6revimizdir.&nbsp; Gelin, sosyal medya ba\u011f\u0131ml\u0131l\u0131\u011f\u0131n\u0131n aileye verdi\u011fi zarar\u0131 \u00f6nlemek i\u00e7in, bir \u201cmeclis ara\u015ft\u0131rma komisyonu\u201d kural\u0131m. Toplumdaki t\u00fcm payda\u015flar\u0131m\u0131zla hep birlikte \u00e7al\u0131\u015fal\u0131m. Aziz Atat\u00fcrk \u2019\u00fcn dedi\u011fi gibi \u2018Medeniyetin esas\u0131, ilerlemenin ve kuvvetin temeli, aile hayat\u0131ndad\u0131r. Biz birlikte g\u00fc\u00e7l\u00fcy\u00fcz.\u201d <\/strong>\u015feklinde konu\u015ftu.<\/p>\n","protected":false},"excerpt":{"rendered":"<p>TBMM Dijital Mecralar Komisyonu \u00fcyesi Milliyet\u00e7i Hareket Partisi Mersin Milletvekili Dr. Levent Uysal Meclis\u2019te g\u00fcndem d\u0131\u015f\u0131 s\u00f6z alarak sosyal medya ba\u011f\u0131ml\u0131l\u0131\u011f\u0131n\u0131n \u00f6zellikle gen\u00e7leri tehdit alt\u0131nda b\u0131rakt\u0131\u011f\u0131n\u0131 s\u00f6yledi. Milletvekili Uysal TBMM\u2019de konuyla ilgili meclis ara\u015ft\u0131rma komisyonu kurulmas\u0131n\u0131 talep ederek \u201cSon bir ayda \u00c7ukurova b\u00f6lgesinde bin gencimiz sosyal medyan\u0131n sanal alemine \u00f6zenerek evden ka\u00e7t\u0131. Aile de\u011ferlerimizin zedelenmemesi [&hellip;]<\/p>\n","protected":false},"author":2,"featured_media":39135,"comment_status":"closed","ping_status":"closed","sticky":false,"template":"","format":"standard","meta":{"footnotes":""},"categories":[3,6],"tags":[],"class_list":["post-39134","post","type-post","status-publish","format-standard","has-post-thumbnail","hentry","category-manset","category-siyaset-2"],"views":6,"_links":{"self":[{"href":"https:\/\/mersinkadingazetesi.com\/index.php?rest_route=\/wp\/v2\/posts\/39134"}],"collection":[{"href":"https:\/\/mersinkadingazetesi.com\/index.php?rest_route=\/wp\/v2\/posts"}],"about":[{"href":"https:\/\/mersinkadingazetesi.com\/index.php?rest_route=\/wp\/v2\/types\/post"}],"author":[{"embeddable":true,"href":"https:\/\/mersinkadingazetesi.com\/index.php?rest_route=\/wp\/v2\/users\/2"}],"replies":[{"embeddable":true,"href":"https:\/\/mersinkadingazetesi.com\/index.php?rest_route=%2Fwp%2Fv2%2Fcomments&post=39134"}],"version-history":[{"count":1,"href":"https:\/\/mersinkadingazetesi.com\/index.php?rest_route=\/wp\/v2\/posts\/39134\/revisions"}],"predecessor-version":[{"id":39136,"href":"https:\/\/mersinkadingazetesi.com\/index.php?rest_route=\/wp\/v2\/posts\/39134\/revisions\/39136"}],"wp:featuredmedia":[{"embeddable":true,"href":"https:\/\/mersinkadingazetesi.com\/index.php?rest_route=\/wp\/v2\/media\/39135"}],"wp:attachment":[{"href":"https:\/\/mersinkadingazetesi.com\/index.php?rest_route=%2Fwp%2Fv2%2Fmedia&parent=39134"}],"wp:term":[{"taxonomy":"category","embeddable":true,"href":"https:\/\/mersinkadingazetesi.com\/index.php?rest_route=%2Fwp%2Fv2%2Fcategories&post=39134"},{"taxonomy":"post_tag","embeddable":true,"href":"https:\/\/mersinkadingazetesi.com\/index.php?rest_route=%2Fwp%2Fv2%2Ftags&post=39134"}],"curies":[{"name":"wp","href":"https:\/\/api.w.org\/{rel}","templated":true}]}}