{"id":39162,"date":"2025-01-30T13:38:01","date_gmt":"2025-01-30T10:38:01","guid":{"rendered":"https:\/\/mersinkadingazetesi.com\/?p=39162"},"modified":"2025-01-30T13:38:02","modified_gmt":"2025-01-30T10:38:02","slug":"chp-milletvekili-talat-dincer-mersine-verilen-sozler-unutuldu","status":"publish","type":"post","link":"https:\/\/mersinkadingazetesi.com\/?p=39162","title":{"rendered":"CHP Milletvekili Talat Din\u00e7er: Mersin&#8217;e Verilen S\u00f6zler Unutuldu!"},"content":{"rendered":"\n<p>Mersin Milletvekili Talat Din\u00e7er, TBMM Genel Kurulu&#8217;nda yapt\u0131\u011f\u0131 konu\u015fmada Mersin\u2019in \u00e7\u00f6z\u00fcm bekleyen sorunlar\u0131n\u0131 g\u00fcndeme getirdi. Konu\u015fmas\u0131na Mersin\u2019in co\u011frafi ve ekonomik \u00f6nemine vurgu yaparak ba\u015flayan Din\u00e7er, &#8220;Mersin, \u00fclkemizin en g\u00fcneyinde yer alan, farkl\u0131 k\u00fclt\u00fcrlerin bir arada ya\u015fad\u0131\u011f\u0131, t\u00fcm vatanda\u015flar\u0131m\u0131za kucak a\u00e7an bir \u015fehirdir. 321 kilometrelik sahil \u015feridi, do\u011fal g\u00fczellikleri ve verimli topraklar\u0131yla \u00f6nemli bir konuma sahiptir. \u00dclke ekonomisine ve gayrisafi mill\u00ee has\u0131laya 6&#8217;nc\u0131 s\u0131rada katk\u0131 sa\u011flayan i\u015f almaya geldi\u011finde de 24&#8217;\u00fcnc\u00fc s\u0131rada pay alabilen <a>bir ilimizden bahsediyorum.<\/a>&#8221; ifadeleriyle kentin ya\u015fad\u0131\u011f\u0131 adaletsizli\u011fe dikkat \u00e7ekti.<\/p>\n\n\n\n<p><strong>Y\u0131llard\u0131r Tamamlanamayan Projeler<\/strong><\/p>\n\n\n\n<p>Milletvekili Din\u00e7er, \u00f6zellikle H\u00fck\u00fcmetin Mersin\u2019e s\u00f6z verdi\u011fi ancak bir t\u00fcrl\u00fc tamamlanamayan projelere dikkat \u00e7ekti. &#8220;Akdeniz Sahil Yolu, yirmi yedi y\u0131ld\u0131r yap\u0131m\u0131 bekliyor. G\u00fcya Antalya&#8217;dan ba\u015flay\u0131p Mersin \u00fczerinden Tarsus&#8217;u, Adana&#8217;y\u0131, Gaziantep&#8217;i birbirine ba\u011flayacak olan otoyol maalesef yirmi yedi y\u0131ld\u0131r bir t\u00fcrl\u00fc tamamlanamad\u0131. Bunun \u00fczerine \u00fclkemizde Karadeniz Sahil Yolu ka\u00e7 defa yap\u0131ld\u0131 hepinizin malumu.&#8221; dedi.<\/p>\n\n\n\n<p>Ayr\u0131ca, Ana Konteyner Liman\u0131 projesinin Adana\u2019ya kayd\u0131r\u0131ld\u0131\u011f\u0131n\u0131 belirterek &#8220;Cumhurba\u015fkan\u0131 Yard\u0131mc\u0131s\u0131 bizzat geldi, s\u00f6z verdi: &#8216;Mersin\u2019e yap\u0131lacak.&#8217; dedi. Sonras\u0131nda bir manevrayla &#8216;Kusura bakmay\u0131n, bunu da sizden ald\u0131k Adana&#8217;ya yap\u0131yoruz.&#8217; dediler.&#8221; ifadelerini kulland\u0131.<\/p>\n\n\n\n<p>Kazanl\u0131 Turizm Alan\u0131 projesine de de\u011finen Din\u00e7er, &#8220;Buras\u0131 i\u00e7in &#8216;5 y\u0131ld\u0131zl\u0131 oteller yap\u0131lacak, \u00f6nemli bir b\u00f6lge olacak.&#8217; denildi ancak \u015fu ana kadar bir \u00e7ivi bile \u00e7ak\u0131lmad\u0131.&#8221; diyerek verilen s\u00f6zlerin tutulmad\u0131\u011f\u0131n\u0131 belirtti. Lojistik k\u00f6y projesiyle ilgili olarak ise &#8220;Ne yeri belli ne yolu belli, b\u00f6yle bir proje ortada yok.&#8221; \u015feklinde ele\u015ftiride bulundu.<\/p>\n\n\n\n<p>E\u011fitim konusunda da b\u00fcy\u00fck sorunlar ya\u015fand\u0131\u011f\u0131n\u0131 vurgulayan Din\u00e7er, &#8220;110 okulumuzu &#8216;depreme dayan\u0131ks\u0131z&#8217; diye y\u0131kt\u0131n\u0131z, yerine 36 tanesini zor yapt\u0131n\u0131z. \u00d6\u011frencilerimiz s\u0131n\u0131flarda \u00fcst \u00fcste oturuyor, e\u011fitim g\u00f6remez h\u00e2le geldiler.&#8221; dedi.<\/p>\n\n\n\n<p><strong>Mersin\u2019in Turizm ve \u00c7evre Sorunlar\u0131<\/strong><\/p>\n\n\n\n<p>Mersin\u2019in turizm kenti olma vizyonunun zarar g\u00f6rd\u00fc\u011f\u00fcn\u00fc belirten Din\u00e7er, &#8220;Mersin&#8217;i turizm kenti yapaca\u011f\u0131z.&#8217; dediniz, Akkuyu N\u00fckleer Santrali&#8217;ni getirdiniz. &#8216;Denizlerimizi kirletmeyelim.&#8217; dedik, bal\u0131k \u00e7iftliklerini getirdiniz. Mersinlilerin t\u00fcm itirazlar\u0131na ra\u011fmen liman geni\u015fletme faaliyetlerine ba\u015flad\u0131n\u0131z. Dedik ki: &#8216;Bunu ba\u015fka bir yere yap\u0131n, denizin i\u00e7ine yapmay\u0131n.&#8217; Ama getirdiniz, i\u015fleticisi daha fazla para kazans\u0131n diye denizi doldurdunuz, Atat\u00fcrk Park\u0131&#8217;n\u0131 \u00f6ld\u00fcrd\u00fcn\u00fcz.&#8221; ifadeleriyle \u00e7evresel tahribata dikkat \u00e7ekti.<\/p>\n\n\n\n<p><strong>Mersin\u2019in N\u00fcfus Yo\u011funlu\u011fu ve Konut Krizi<\/strong><\/p>\n\n\n\n<p>Mersin\u2019in artan n\u00fcfus y\u00fck\u00fc alt\u0131nda ezildi\u011fini belirten Din\u00e7er, \u00f6zellikle Suriyeli s\u0131\u011f\u0131nmac\u0131lar ve depremzedeler nedeniyle kentte ya\u015fanan yo\u011funlu\u011fa dikkat \u00e7ekti. &#8220;Mersin\u2019in normal n\u00fcfusu 1 milyon 900 bin olmas\u0131na ra\u011fmen, 400 binin \u00fczerinde Suriyeli s\u0131\u011f\u0131nmac\u0131y\u0131 ve yine 400 binin \u00fczerinde depremzedeyi bar\u0131nd\u0131r\u0131yor. Ne trafik kald\u0131r\u0131yor, ne altyap\u0131 yeterli geliyor, ne de konut ihtiyac\u0131 kar\u015f\u0131lanabiliyor.&#8221; dedi.<\/p>\n\n\n\n<p>Konut fiyatlar\u0131n\u0131n fahi\u015f \u015fekilde artt\u0131\u011f\u0131n\u0131 vurgulayan Din\u00e7er, &#8220;Konut fiyatlar\u0131 ald\u0131 ba\u015f\u0131n\u0131 gitti. Kiralar inan\u0131lmaz rakamlara ula\u015ft\u0131. Mersin, s\u0131\u011f\u0131nmac\u0131 kenti g\u00f6r\u00fcn\u00fcm\u00fcne b\u00fcr\u00fcnd\u00fc. Sosyal yap\u0131y\u0131, ekonomiyi, hatta g\u00fcvenli\u011fi olumsuz etkileyen bu duruma acilen \u00e7\u00f6z\u00fcm \u00fcretilmelidir.&#8221; diyerek yetkilileri g\u00f6reve \u00e7a\u011f\u0131rd\u0131.<\/p>\n\n\n\n<p><strong>Altyap\u0131 ve Baraj Sorunlar\u0131<\/strong><\/p>\n\n\n\n<p>K\u00fcresel iklim krizinin etkileriyle birlikte Mersin\u2019de su sorununun artt\u0131\u011f\u0131na dikkat \u00e7eken Din\u00e7er, &#8220;Art\u0131k&nbsp; \u00fcretici sulama suyu bulam\u0131yor, kentte ya\u015fayanlar i\u00e7me suyu bulam\u0131yor. Pamukluk Baraj\u0131 2009&#8217;dan beri yap\u0131m a\u015famas\u0131nda, bir t\u00fcrl\u00fc \u00f6denek ayr\u0131lmad\u0131\u011f\u0131ndan tamamlanamad\u0131. \u015eimdi, Pamukluk Baraj\u0131 1,3 milyar metrek\u00fcp rezervi olan bir Berdan Baraj\u0131&#8217;n\u0131n \u00fczerine yap\u0131l\u0131yor. Baraj su tutmaya ba\u015flad\u0131 ancak buradan ne sulamada ne i\u00e7me suyunda isale hatlar\u0131 tamamlanmad\u0131.&#8221; dedi.<\/p>\n\n\n\n<p>Mersin\u2019de narenciye \u00fcretimi yap\u0131lan 360 bin dekarl\u0131k ekili alan\u0131n oldu\u011funu belirten Din\u00e7er, &#8220;Bu baraj devreye girseydi, 184 bin dekar daha alan sulanabilecek, alternatif tar\u0131m \u00fcr\u00fcnlerine y\u00f6nelme imk\u00e2n\u0131 do\u011facakt\u0131. Bu y\u00fczden Berdan Baraj\u0131\u2019n\u0131n sulama ve i\u00e7me suyu ihalelerinin bir an \u00f6nce tamamlanmas\u0131 \u00fclkemiz ve \u00fcreticiler i\u00e7in son derece \u00f6nemlidir.&#8221; diyerek yetkililere \u00e7a\u011fr\u0131da bulundu.<\/p>\n\n\n\n<p>Son olarak, Mersin\u2019in ekonomik, sosyal ve \u00e7evresel sorunlar\u0131n\u0131n ciddiyetle ele al\u0131nmas\u0131n\u0131 talep eden Din\u00e7er, yetkilileri verdikleri s\u00f6zleri yerine getirmeye davet etti.<\/p>\n","protected":false},"excerpt":{"rendered":"<p>Mersin Milletvekili Talat Din\u00e7er, TBMM Genel Kurulu&#8217;nda yapt\u0131\u011f\u0131 konu\u015fmada Mersin\u2019in \u00e7\u00f6z\u00fcm bekleyen sorunlar\u0131n\u0131 g\u00fcndeme getirdi. Konu\u015fmas\u0131na Mersin\u2019in co\u011frafi ve ekonomik \u00f6nemine vurgu yaparak ba\u015flayan Din\u00e7er, &#8220;Mersin, \u00fclkemizin en g\u00fcneyinde yer alan, farkl\u0131 k\u00fclt\u00fcrlerin bir arada ya\u015fad\u0131\u011f\u0131, t\u00fcm vatanda\u015flar\u0131m\u0131za kucak a\u00e7an bir \u015fehirdir. 321 kilometrelik sahil \u015feridi, do\u011fal g\u00fczellikleri ve verimli topraklar\u0131yla \u00f6nemli bir konuma sahiptir. [&hellip;]<\/p>\n","protected":false},"author":2,"featured_media":39163,"comment_status":"closed","ping_status":"closed","sticky":false,"template":"","format":"standard","meta":{"footnotes":""},"categories":[3],"tags":[],"class_list":["post-39162","post","type-post","status-publish","format-standard","has-post-thumbnail","hentry","category-manset"],"views":2,"_links":{"self":[{"href":"https:\/\/mersinkadingazetesi.com\/index.php?rest_route=\/wp\/v2\/posts\/39162"}],"collection":[{"href":"https:\/\/mersinkadingazetesi.com\/index.php?rest_route=\/wp\/v2\/posts"}],"about":[{"href":"https:\/\/mersinkadingazetesi.com\/index.php?rest_route=\/wp\/v2\/types\/post"}],"author":[{"embeddable":true,"href":"https:\/\/mersinkadingazetesi.com\/index.php?rest_route=\/wp\/v2\/users\/2"}],"replies":[{"embeddable":true,"href":"https:\/\/mersinkadingazetesi.com\/index.php?rest_route=%2Fwp%2Fv2%2Fcomments&post=39162"}],"version-history":[{"count":1,"href":"https:\/\/mersinkadingazetesi.com\/index.php?rest_route=\/wp\/v2\/posts\/39162\/revisions"}],"predecessor-version":[{"id":39164,"href":"https:\/\/mersinkadingazetesi.com\/index.php?rest_route=\/wp\/v2\/posts\/39162\/revisions\/39164"}],"wp:featuredmedia":[{"embeddable":true,"href":"https:\/\/mersinkadingazetesi.com\/index.php?rest_route=\/wp\/v2\/media\/39163"}],"wp:attachment":[{"href":"https:\/\/mersinkadingazetesi.com\/index.php?rest_route=%2Fwp%2Fv2%2Fmedia&parent=39162"}],"wp:term":[{"taxonomy":"category","embeddable":true,"href":"https:\/\/mersinkadingazetesi.com\/index.php?rest_route=%2Fwp%2Fv2%2Fcategories&post=39162"},{"taxonomy":"post_tag","embeddable":true,"href":"https:\/\/mersinkadingazetesi.com\/index.php?rest_route=%2Fwp%2Fv2%2Ftags&post=39162"}],"curies":[{"name":"wp","href":"https:\/\/api.w.org\/{rel}","templated":true}]}}