{"id":39167,"date":"2025-01-31T11:59:45","date_gmt":"2025-01-31T08:59:45","guid":{"rendered":"https:\/\/mersinkadingazetesi.com\/?p=39167"},"modified":"2025-01-31T11:59:45","modified_gmt":"2025-01-31T08:59:45","slug":"yariyil-tatili-buyuksehirle-daha-da-renklendi","status":"publish","type":"post","link":"https:\/\/mersinkadingazetesi.com\/?p=39167","title":{"rendered":"YARIYIL TAT\u0130L\u0130 B\u00dcY\u00dcK\u015eEH\u0130R&#8217;LE DAHA DA RENKLEND\u0130"},"content":{"rendered":"\n<p>Mersin B\u00fcy\u00fck\u015fehir Belediyesi, 2024-2025 e\u011fitim \u00f6\u011fretim d\u00f6nemine ara tatilinde, \u00e7ocuklar\u0131n yar\u0131y\u0131l tatilini verimli bir \u015fekilde de\u011ferlendirmesi i\u00e7in ger\u00e7ekle\u015ftirdi\u011fi etkinlik serisini s\u00fcrd\u00fcr\u00fcyor. Yo\u011fun bir okul temposunun ard\u0131ndan \u00e7ocuklar\u0131n nefes almas\u0131 ve rahatlamas\u0131 amac\u0131yla etkinliklere devam eden B\u00fcy\u00fck\u015fehir, e\u011flenceli i\u00e7eriklerle \u00e7ocuklar\u0131 bulu\u015fturmay\u0131 s\u00fcrd\u00fcr\u00fcyor.<\/p>\n\n\n\n<p><strong>Meydan, \u00e7ocuk ne\u015fesi ve enerjisi ile daha da renklendi<\/strong><\/p>\n\n\n\n<p>B\u00fcy\u00fck\u015fehir, Kad\u0131n ve Aile Hizmetleri Dairesi Ba\u015fkanl\u0131\u011f\u0131 koordinesinde \u00d6zgecan Aslan Bar\u0131\u015f Meydan\u0131&#8217;n\u0131 \u00e7ocuklar i\u00e7in adeta bir \u015fenlik alan\u0131na \u00e7evirdi. Miniklerin enerjilerini atmas\u0131 i\u00e7in alanda \u015fi\u015fme oyun gruplar\u0131 olu\u015fturan B\u00fcy\u00fck\u015fehir, okul \u00e7a\u011f\u0131ndaki \u00e7ocuklar\u0131n e\u015fli oyun k\u00fclt\u00fcr\u00fcn\u00fc ve tak\u0131m \u00e7al\u0131\u015fmas\u0131n\u0131 peki\u015ftirmesi amac\u0131yla halat \u00e7ekme, \u00e7uval giyme, ka\u015f\u0131kla yumurta ta\u015f\u0131ma gibi geleneksel oyunlarla, \u00e7ocuklara do\u011fal ve e\u011flenceli bir ortam sundu.<\/p>\n\n\n\n<p>\u00c7ocuklar\u0131n fiziksel aktivite yapmalar\u0131n\u0131n yan\u0131 s\u0131ra resim, tak\u0131 tasar\u0131m gibi at\u00f6lyelerle de yeni beceriler kazanmas\u0131 sa\u011fland\u0131. \u00c7ocuklara hayvan sevgisini a\u015f\u0131lamak ve patili dostlarla temas etmelerini sa\u011flamak amac\u0131yla, Veteriner \u0130\u015fleri Dairesi Ba\u015fkanl\u0131\u011f\u0131 ekipleri can dostlar\u0131 sahiplendirme alan\u0131 olu\u015fturdu.&nbsp;&nbsp;Do\u011fal ve el yap\u0131m\u0131 \u00fcr\u00fcnlerin yer ald\u0131\u011f\u0131 \u00fcretici kad\u0131n stantlar\u0131nda \u00e7ocuklar i\u00e7in pek \u00e7ok oyuncak ve okul e\u015fyas\u0131 yer al\u0131rken, aileler \u00e7ocuklar\u0131na karne hediyesi vermeyi ihmal etmedi. Her ya\u015f grubuna hitap eden etkinliklerle meydan, \u00e7ocuk sesleri ile dolup ta\u015ft\u0131.<\/p>\n\n\n\n<p><strong>Dursun: &#8220;\u00c7ocuklar\u0131m\u0131z\u0131n yo\u011fun bir temponun ard\u0131ndan e\u011flenmeleri i\u00e7in etkinlik alan\u0131 olu\u015fturduk&#8221;<\/strong><\/p>\n\n\n\n<p>\u00c7ocuklar\u0131n yar\u0131y\u0131l tatilini ne\u015fe i\u00e7inde ge\u00e7irmesi i\u00e7in \u00d6zgecan Aslan Bar\u0131\u015f Meydan\u0131&#8217;nda etkinlik alan\u0131 ve at\u00f6lyeler olu\u015fturarak ho\u015f\u00e7a vakit ge\u00e7irmelerini sa\u011flad\u0131klar\u0131n\u0131 ifade eden Kad\u0131n ve Aile Hizmetleri Dairesi Ba\u015fkanl\u0131\u011f\u0131&#8217;nda g\u00f6rev yapan Psikolog Nazl\u0131 Cemre Dursun,&nbsp;<strong>&#8220;\u00c7ocuklar yo\u011fun bir e\u011fitim ve \u00f6\u011fretim program\u0131ndan \u00e7\u0131kt\u0131lar. Aileler de bu s\u00fcreci onlarla birlikte ya\u015fad\u0131. \u00c7ocuklar\u0131n en \u00e7ok ihtiyac\u0131 olan \u015feylerden biri, doyas\u0131ya e\u011flence ve etkinlik. Biz de onlar\u0131 \u00e7ok iyi anlad\u0131\u011f\u0131m\u0131z ve sosyal belediyecilik anlay\u0131\u015f\u0131yla destek olmak istedi\u011fimiz i\u00e7in, at\u00f6lyeler d\u00fczenlemeye karar verdik. Bu at\u00f6lyelerle hem psikoe\u011fitim, hem de psikososyal geli\u015fimlerini g\u00fc\u00e7lendirecek e\u011fitim veriyoruz. Ayn\u0131 zamanda \u00e7ocuklar\u0131m\u0131z\u0131n, kendi akran gruplar\u0131yla e\u011flenceli vakit ge\u00e7irmelerini sa\u011flad\u0131k. Aileler de burada yer alan \u00fcretici kad\u0131n stantlar\u0131ndan al\u0131\u015fveri\u015f yaparken, \u00fcreten kad\u0131nlara destek olma imkan\u0131 buluyorlar&#8221;<\/strong>&nbsp;dedi.<\/p>\n\n\n\n<p><strong>\u00c7ocuklar e\u011flenceli etkinliklerle keyifli zaman ge\u00e7irdi<\/strong><\/p>\n\n\n\n<p>Birinci s\u0131n\u0131fa giden Zeli\u015f Tu\u011fba Bilgi\u00e7, etkinlik alan\u0131nda \u00e7ok e\u011flendi\u011fini belirterek,&nbsp;<strong>&#8220;Y\u00fcz\u00fcme g\u00f6kku\u015fa\u011f\u0131 \u00e7izdirdim. \u015ei\u015fme oyununda oynad\u0131m. Bug\u00fcn fazla mutlu oldum&#8221;<\/strong>&nbsp;diye konu\u015ftu. Torunu ile gezmeye gelen Ay\u015fe Kara\u00f6\u011fen,&nbsp;<strong>&#8220;Gayet g\u00fczel d\u00fc\u015f\u00fcn\u00fclm\u00fc\u015f. Tesad\u00fcfen g\u00f6rd\u00fck, ama ho\u015fumuza gitti&#8221; derken, torunu Tanem Akta\u015f da &#8220;\u00c7ok g\u00fczeldi. Stantlar\u0131 gezdim, oyun alan\u0131nda oynad\u0131m. Mutlu oldum ve keyifli bir g\u00fcn ge\u00e7irdim&#8221;<\/strong>&nbsp;\u015feklinde konu\u015ftu.<\/p>\n\n\n\n<p>4. s\u0131n\u0131fa giden Hatice Su Do\u011fac\u0131 da keyifli bir g\u00fcn ge\u00e7irdi\u011fini anlatarak,&nbsp;<strong>&#8220;\u015ei\u015fme oyun alan\u0131nda oynad\u0131m. K\u00f6peklere bakt\u0131m. Buras\u0131 e\u011flenmek i\u00e7in g\u00fczel bir yer. Bileklik yapt\u0131m. \u00dccretsiz olmas\u0131 da \u00e7ok g\u00fczel&#8221;<\/strong>&nbsp;ifadelerine yer verirken, hen\u00fcz kre\u015fe giden miniklerden Melek Ba\u011fc\u0131o\u011flu,&nbsp;<strong>&#8220;\u00c7ok e\u011flendim. Ablalar y\u00fcz\u00fcme tav\u015fan \u00e7izdi. Z\u0131pz\u0131pa bindim&#8221;<\/strong>&nbsp;dedi.&nbsp;<\/p>\n\n\n\n<p>\u00c7ocu\u011funu etkinliklere getiren velilerden \u00d6zlem \u00d6zkan,&nbsp;<strong>&#8220;Ortam\u0131 \u00e7ok be\u011fendik. Ba\u015fkan\u0131m\u0131za \u00e7ok te\u015fekk\u00fcr ediyoruz. \u00c7ocuklar i\u00e7in \u00e7ok e\u011flenceli bir g\u00fcn oldu. \u00c7uval yar\u0131\u015f\u0131 ve halat \u00e7ekme yar\u0131\u015f\u0131nda \u00e7ok e\u011flendiler. \u00c7ok mutlu olduk. Kad\u0131n \u00fcreticilerimiz de var. Onlar da \u00e7ok g\u00fczel \u015feyler \u00fcretmi\u015fler ve \u00fcrettiklerini sergiliyorlar. G\u00fczel olmu\u015f, ho\u015fumuza gitti&#8221;<\/strong>&nbsp;dedi.<\/p>\n\n\n\n<p>7 ya\u015f\u0131ndaki \u00d6mer Asaf F\u0131nd\u0131k, ailesinin yer ald\u0131\u011f\u0131 \u00fcretici kad\u0131n stand\u0131nda hem \u00fcr\u00fcn tan\u0131t\u0131m\u0131 yap\u0131yor hem de e\u011fleniyor. E\u011flenmek isteyen \u00e7ocuklar\u0131 etkinlik alan\u0131na \u00e7a\u011f\u0131ran minik \u00d6mer,&nbsp;<strong>&#8220;Yar\u0131y\u0131l tatilindeyiz. Annemlerin bal stand\u0131 var. Hem annemlerin yan\u0131nda duruyor ve bal sat\u0131yorum, hem de oyun alan\u0131nda oynuyorum. Buras\u0131 \u00e7ok g\u00fczel. Bileklik, t\u0131rt\u0131l, kedi yapt\u0131m. Oyuncaklarla da oynad\u0131m. \u00c7uval yar\u0131\u015f\u0131nda hi\u00e7 d\u00fc\u015fmedim&#8221;<\/strong>&nbsp;ifadelerine yer verdi.&nbsp;<\/p>\n\n\n\n<p>\u00c7ocuklardan R\u00fcmeysa Berra Gezer ise,&nbsp;<strong>&#8220;Burada e\u011fleniyorum. Tatilimi yap\u0131yorum. Buraya e\u011flenceler kuruldu\u011fu i\u00e7in \u00e7ok mutluyuz. \u0130lk ba\u015fta \u00e7uval yar\u0131\u015f\u0131 yapt\u0131m. Sonra halat \u00e7ektim. \u00c7uval yar\u0131\u015f\u0131 ile top ta\u015f\u0131ma yar\u0131\u015f\u0131n\u0131 kazand\u0131m.&nbsp;&nbsp;\u00c7ok g\u00fczel olmu\u015f, te\u015fekk\u00fcr ederiz&#8221;<\/strong>&nbsp;diye konu\u015ftu.<\/p>\n\n\n\n<p>\u00d6zgecan Aslan Bar\u0131\u015f Meydan\u0131&#8217;nda d\u00fczenlenen etkinlikler 2 \u015eubat Pazar g\u00fcn\u00fcne kadar devam edecek.<\/p>\n","protected":false},"excerpt":{"rendered":"<p>Mersin B\u00fcy\u00fck\u015fehir Belediyesi, 2024-2025 e\u011fitim \u00f6\u011fretim d\u00f6nemine ara tatilinde, \u00e7ocuklar\u0131n yar\u0131y\u0131l tatilini verimli bir \u015fekilde de\u011ferlendirmesi i\u00e7in ger\u00e7ekle\u015ftirdi\u011fi etkinlik serisini s\u00fcrd\u00fcr\u00fcyor. Yo\u011fun bir okul temposunun ard\u0131ndan \u00e7ocuklar\u0131n nefes almas\u0131 ve rahatlamas\u0131 amac\u0131yla etkinliklere devam eden B\u00fcy\u00fck\u015fehir, e\u011flenceli i\u00e7eriklerle \u00e7ocuklar\u0131 bulu\u015fturmay\u0131 s\u00fcrd\u00fcr\u00fcyor. Meydan, \u00e7ocuk ne\u015fesi ve enerjisi ile daha da renklendi B\u00fcy\u00fck\u015fehir, Kad\u0131n ve Aile Hizmetleri [&hellip;]<\/p>\n","protected":false},"author":2,"featured_media":39168,"comment_status":"closed","ping_status":"closed","sticky":false,"template":"","format":"standard","meta":{"footnotes":""},"categories":[3],"tags":[],"class_list":["post-39167","post","type-post","status-publish","format-standard","has-post-thumbnail","hentry","category-manset"],"views":3,"_links":{"self":[{"href":"https:\/\/mersinkadingazetesi.com\/index.php?rest_route=\/wp\/v2\/posts\/39167"}],"collection":[{"href":"https:\/\/mersinkadingazetesi.com\/index.php?rest_route=\/wp\/v2\/posts"}],"about":[{"href":"https:\/\/mersinkadingazetesi.com\/index.php?rest_route=\/wp\/v2\/types\/post"}],"author":[{"embeddable":true,"href":"https:\/\/mersinkadingazetesi.com\/index.php?rest_route=\/wp\/v2\/users\/2"}],"replies":[{"embeddable":true,"href":"https:\/\/mersinkadingazetesi.com\/index.php?rest_route=%2Fwp%2Fv2%2Fcomments&post=39167"}],"version-history":[{"count":1,"href":"https:\/\/mersinkadingazetesi.com\/index.php?rest_route=\/wp\/v2\/posts\/39167\/revisions"}],"predecessor-version":[{"id":39169,"href":"https:\/\/mersinkadingazetesi.com\/index.php?rest_route=\/wp\/v2\/posts\/39167\/revisions\/39169"}],"wp:featuredmedia":[{"embeddable":true,"href":"https:\/\/mersinkadingazetesi.com\/index.php?rest_route=\/wp\/v2\/media\/39168"}],"wp:attachment":[{"href":"https:\/\/mersinkadingazetesi.com\/index.php?rest_route=%2Fwp%2Fv2%2Fmedia&parent=39167"}],"wp:term":[{"taxonomy":"category","embeddable":true,"href":"https:\/\/mersinkadingazetesi.com\/index.php?rest_route=%2Fwp%2Fv2%2Fcategories&post=39167"},{"taxonomy":"post_tag","embeddable":true,"href":"https:\/\/mersinkadingazetesi.com\/index.php?rest_route=%2Fwp%2Fv2%2Ftags&post=39167"}],"curies":[{"name":"wp","href":"https:\/\/api.w.org\/{rel}","templated":true}]}}