{"id":39176,"date":"2025-01-31T12:03:58","date_gmt":"2025-01-31T09:03:58","guid":{"rendered":"https:\/\/mersinkadingazetesi.com\/?p=39176"},"modified":"2025-01-31T12:03:59","modified_gmt":"2025-01-31T09:03:59","slug":"silifkede-ormanlarin-korunmasi-icin-onleme-aramasi-yapildi","status":"publish","type":"post","link":"https:\/\/mersinkadingazetesi.com\/?p=39176","title":{"rendered":"Silifke\u2019de Ormanlar\u0131n Korunmas\u0131 \u0130\u00e7in \u00d6nleme Aramas\u0131 Yap\u0131ld\u0131"},"content":{"rendered":"\n<p>Mersin Orman B\u00f6lge M\u00fcd\u00fcrl\u00fc\u011f\u00fcm\u00fcze ba\u011fl\u0131 Silifke Orman \u0130\u015fletme M\u00fcd\u00fcrl\u00fc\u011f\u00fc taraf\u0131ndan, ormanlar\u0131m\u0131z\u0131n kanun d\u0131\u015f\u0131 m\u00fcdahalelerden korunmas\u0131 ve olas\u0131 usuls\u00fczl\u00fcklerin \u00f6n\u00fcne ge\u00e7ilmesi amac\u0131yla \u201c\u00d6nleme Aramas\u0131\u201d ger\u00e7ekle\u015ftirildi.<\/p>\n\n\n\n<p>Silifke Orman \u0130\u015fletme M\u00fcd\u00fcrl\u00fc\u011f\u00fc ekipleri, \u0130l\u00e7e Jandarma Komutanl\u0131\u011f\u0131 ile koordineli \u015fekilde belirlenen noktalarda ve farkl\u0131 saatlerde denetimler yapt\u0131. \u0130\u015fletme \u015eefi, Orman Muhafaza Memurlar\u0131 ve Jandarma ekiplerinin kat\u0131l\u0131m\u0131yla ger\u00e7ekle\u015ftirilen bu aramalar, orman su\u00e7lar\u0131yla m\u00fccadelede etkinli\u011fi art\u0131rmay\u0131 ve koruma-kontrol faaliyetlerini g\u00fc\u00e7lendirmeyi ama\u00e7l\u0131yor.<\/p>\n\n\n\n<p>Ormanlar\u0131m\u0131z\u0131n g\u00fcvenli\u011fini sa\u011flamak ve yasa d\u0131\u015f\u0131 m\u00fcdahaleleri \u00f6nlemek ad\u0131na \u201c\u00d6nleme Aramas\u0131\u201d uygulamalar\u0131, Silifke Orman \u0130\u015fletme M\u00fcd\u00fcrl\u00fc\u011f\u00fcne ba\u011fl\u0131 t\u00fcm \u0130\u015fletme \u015eefliklerinde d\u00fczenli olarak devam edecektir.<\/p>\n","protected":false},"excerpt":{"rendered":"<p>Mersin Orman B\u00f6lge M\u00fcd\u00fcrl\u00fc\u011f\u00fcm\u00fcze ba\u011fl\u0131 Silifke Orman \u0130\u015fletme M\u00fcd\u00fcrl\u00fc\u011f\u00fc taraf\u0131ndan, ormanlar\u0131m\u0131z\u0131n kanun d\u0131\u015f\u0131 m\u00fcdahalelerden korunmas\u0131 ve olas\u0131 usuls\u00fczl\u00fcklerin \u00f6n\u00fcne ge\u00e7ilmesi amac\u0131yla \u201c\u00d6nleme Aramas\u0131\u201d ger\u00e7ekle\u015ftirildi. Silifke Orman \u0130\u015fletme M\u00fcd\u00fcrl\u00fc\u011f\u00fc ekipleri, \u0130l\u00e7e Jandarma Komutanl\u0131\u011f\u0131 ile koordineli \u015fekilde belirlenen noktalarda ve farkl\u0131 saatlerde denetimler yapt\u0131. \u0130\u015fletme \u015eefi, Orman Muhafaza Memurlar\u0131 ve Jandarma ekiplerinin kat\u0131l\u0131m\u0131yla ger\u00e7ekle\u015ftirilen bu aramalar, orman [&hellip;]<\/p>\n","protected":false},"author":2,"featured_media":39177,"comment_status":"closed","ping_status":"closed","sticky":false,"template":"","format":"standard","meta":{"footnotes":""},"categories":[3],"tags":[],"class_list":["post-39176","post","type-post","status-publish","format-standard","has-post-thumbnail","hentry","category-manset"],"views":0,"_links":{"self":[{"href":"https:\/\/mersinkadingazetesi.com\/index.php?rest_route=\/wp\/v2\/posts\/39176"}],"collection":[{"href":"https:\/\/mersinkadingazetesi.com\/index.php?rest_route=\/wp\/v2\/posts"}],"about":[{"href":"https:\/\/mersinkadingazetesi.com\/index.php?rest_route=\/wp\/v2\/types\/post"}],"author":[{"embeddable":true,"href":"https:\/\/mersinkadingazetesi.com\/index.php?rest_route=\/wp\/v2\/users\/2"}],"replies":[{"embeddable":true,"href":"https:\/\/mersinkadingazetesi.com\/index.php?rest_route=%2Fwp%2Fv2%2Fcomments&post=39176"}],"version-history":[{"count":1,"href":"https:\/\/mersinkadingazetesi.com\/index.php?rest_route=\/wp\/v2\/posts\/39176\/revisions"}],"predecessor-version":[{"id":39178,"href":"https:\/\/mersinkadingazetesi.com\/index.php?rest_route=\/wp\/v2\/posts\/39176\/revisions\/39178"}],"wp:featuredmedia":[{"embeddable":true,"href":"https:\/\/mersinkadingazetesi.com\/index.php?rest_route=\/wp\/v2\/media\/39177"}],"wp:attachment":[{"href":"https:\/\/mersinkadingazetesi.com\/index.php?rest_route=%2Fwp%2Fv2%2Fmedia&parent=39176"}],"wp:term":[{"taxonomy":"category","embeddable":true,"href":"https:\/\/mersinkadingazetesi.com\/index.php?rest_route=%2Fwp%2Fv2%2Fcategories&post=39176"},{"taxonomy":"post_tag","embeddable":true,"href":"https:\/\/mersinkadingazetesi.com\/index.php?rest_route=%2Fwp%2Fv2%2Ftags&post=39176"}],"curies":[{"name":"wp","href":"https:\/\/api.w.org\/{rel}","templated":true}]}}