{"id":39188,"date":"2025-01-31T12:09:04","date_gmt":"2025-01-31T09:09:04","guid":{"rendered":"https:\/\/mersinkadingazetesi.com\/?p=39188"},"modified":"2025-01-31T12:09:05","modified_gmt":"2025-01-31T09:09:05","slug":"mersinde-orman-kadastrosu-ve-2-b-egitimi-duzenlendi","status":"publish","type":"post","link":"https:\/\/mersinkadingazetesi.com\/?p=39188","title":{"rendered":"Mersin\u2019de Orman Kadastrosu ve 2\/B E\u011fitimi D\u00fczenlendi"},"content":{"rendered":"\n<p>Mersin Orman B\u00f6lge M\u00fcd\u00fcrl\u00fc\u011f\u00fc Kadastro ve M\u00fclkiyet \u015eube M\u00fcd\u00fcrl\u00fc\u011f\u00fc taraf\u0131ndan, Orman Kadastrosu ve 2\/B kullan\u0131m y\u00f6netmeli\u011fi kapsam\u0131nda 2025 y\u0131l\u0131 hizmet i\u00e7i e\u011fitimleri ger\u00e7ekle\u015ftirildi. E\u011fitimler, B\u00f6lge M\u00fcd\u00fcrl\u00fc\u011f\u00fcm\u00fcze ba\u011fl\u0131 Orman \u0130\u015fletme M\u00fcd\u00fcrl\u00fcklerinde d\u00fczenlendi.<\/p>\n\n\n\n<p>Kadastro ve M\u00fclkiyet \u015eube M\u00fcd\u00fcr\u00fc H\u00fcseyin \u00c7ak\u0131c\u0131o\u011flu, Harita M\u00fchendisi Emrah Karacabey ve Tekniker Ert\u00fcrk \u0130slam G\u00f6k\u00e7e taraf\u0131ndan verilen e\u011fitime, i\u015fletme m\u00fcd\u00fcrleri, i\u015fletme m\u00fcd\u00fcr yard\u0131mc\u0131lar\u0131, orman i\u015fletme \u015fefleri ve memurlar kat\u0131ld\u0131.<\/p>\n\n\n\n<p>Mersin Orman B\u00f6lge M\u00fcd\u00fcrl\u00fc\u011f\u00fc toplant\u0131 salonunda yap\u0131lan e\u011fitimde, Orman Kadastrosu ve 2\/B kullan\u0131m y\u00f6netmelikleri, 6831 say\u0131l\u0131 Orman Kanunu, 5304 say\u0131l\u0131 yasa uygulamalar\u0131, 22\/a ve Ek:8 uygulamalar\u0131, 5831 ve 4999 say\u0131l\u0131 yasa uygulamalar\u0131, y\u00f6netmeli\u011fin 30. maddesi kapsam\u0131ndaki uygulamalar, 2020\/1 say\u0131l\u0131 tamim uygulamalar\u0131, tapulu kesim uygulamalar\u0131, Ek:16 uygulamalar\u0131, 6495 say\u0131l\u0131 yasa uygulamalar\u0131 ve mahkeme kararlar\u0131na g\u00f6re s\u0131n\u0131r d\u00fczeltme i\u015flemleri gibi konular ele al\u0131nd\u0131. Ayr\u0131ca, hususi ormanlar ile h\u00fckmi \u015fahsiyeti haiz amme m\u00fcesseselerine ait ormanlar hakk\u0131nda \u0130\u015fletme M\u00fcd\u00fcrl\u00fcklerinin g\u00f6rev ve sorumluluklar\u0131 detayl\u0131 olarak anlat\u0131ld\u0131.<\/p>\n\n\n\n<p>E\u011fitimlerin, kat\u0131l\u0131mc\u0131lar\u0131n mevzuat hakk\u0131nda bilgi sahibi olmalar\u0131n\u0131 sa\u011flamak ve uygulamalardaki etkinli\u011fi art\u0131rmak amac\u0131yla d\u00fczenli olarak devam edece\u011fi belirtildi.<\/p>\n","protected":false},"excerpt":{"rendered":"<p>Mersin Orman B\u00f6lge M\u00fcd\u00fcrl\u00fc\u011f\u00fc Kadastro ve M\u00fclkiyet \u015eube M\u00fcd\u00fcrl\u00fc\u011f\u00fc taraf\u0131ndan, Orman Kadastrosu ve 2\/B kullan\u0131m y\u00f6netmeli\u011fi kapsam\u0131nda 2025 y\u0131l\u0131 hizmet i\u00e7i e\u011fitimleri ger\u00e7ekle\u015ftirildi. E\u011fitimler, B\u00f6lge M\u00fcd\u00fcrl\u00fc\u011f\u00fcm\u00fcze ba\u011fl\u0131 Orman \u0130\u015fletme M\u00fcd\u00fcrl\u00fcklerinde d\u00fczenlendi. Kadastro ve M\u00fclkiyet \u015eube M\u00fcd\u00fcr\u00fc H\u00fcseyin \u00c7ak\u0131c\u0131o\u011flu, Harita M\u00fchendisi Emrah Karacabey ve Tekniker Ert\u00fcrk \u0130slam G\u00f6k\u00e7e taraf\u0131ndan verilen e\u011fitime, i\u015fletme m\u00fcd\u00fcrleri, i\u015fletme m\u00fcd\u00fcr yard\u0131mc\u0131lar\u0131, [&hellip;]<\/p>\n","protected":false},"author":2,"featured_media":39189,"comment_status":"closed","ping_status":"closed","sticky":false,"template":"","format":"standard","meta":{"footnotes":""},"categories":[3],"tags":[],"class_list":["post-39188","post","type-post","status-publish","format-standard","has-post-thumbnail","hentry","category-manset"],"views":11,"_links":{"self":[{"href":"https:\/\/mersinkadingazetesi.com\/index.php?rest_route=\/wp\/v2\/posts\/39188"}],"collection":[{"href":"https:\/\/mersinkadingazetesi.com\/index.php?rest_route=\/wp\/v2\/posts"}],"about":[{"href":"https:\/\/mersinkadingazetesi.com\/index.php?rest_route=\/wp\/v2\/types\/post"}],"author":[{"embeddable":true,"href":"https:\/\/mersinkadingazetesi.com\/index.php?rest_route=\/wp\/v2\/users\/2"}],"replies":[{"embeddable":true,"href":"https:\/\/mersinkadingazetesi.com\/index.php?rest_route=%2Fwp%2Fv2%2Fcomments&post=39188"}],"version-history":[{"count":1,"href":"https:\/\/mersinkadingazetesi.com\/index.php?rest_route=\/wp\/v2\/posts\/39188\/revisions"}],"predecessor-version":[{"id":39190,"href":"https:\/\/mersinkadingazetesi.com\/index.php?rest_route=\/wp\/v2\/posts\/39188\/revisions\/39190"}],"wp:featuredmedia":[{"embeddable":true,"href":"https:\/\/mersinkadingazetesi.com\/index.php?rest_route=\/wp\/v2\/media\/39189"}],"wp:attachment":[{"href":"https:\/\/mersinkadingazetesi.com\/index.php?rest_route=%2Fwp%2Fv2%2Fmedia&parent=39188"}],"wp:term":[{"taxonomy":"category","embeddable":true,"href":"https:\/\/mersinkadingazetesi.com\/index.php?rest_route=%2Fwp%2Fv2%2Fcategories&post=39188"},{"taxonomy":"post_tag","embeddable":true,"href":"https:\/\/mersinkadingazetesi.com\/index.php?rest_route=%2Fwp%2Fv2%2Ftags&post=39188"}],"curies":[{"name":"wp","href":"https:\/\/api.w.org\/{rel}","templated":true}]}}