{"id":39191,"date":"2025-01-31T12:12:32","date_gmt":"2025-01-31T09:12:32","guid":{"rendered":"https:\/\/mersinkadingazetesi.com\/?p=39191"},"modified":"2025-01-31T12:12:32","modified_gmt":"2025-01-31T09:12:32","slug":"mersin-barosu-aym-katliam-yasasini-iptal-et","status":"publish","type":"post","link":"https:\/\/mersinkadingazetesi.com\/?p=39191","title":{"rendered":"MERS\u0130N BAROSU: &#8220;AYM, KATL\u0130AM YASASINI \u0130PTAL ET !&#8221;"},"content":{"rendered":"\n<p>Hayvanlar\u0131n Ya\u015fam Hakk\u0131 Konfederasyonu&#8217;nun (HAYKONFED) T\u00fcrkiye genelinde d\u00fczenledi\u011fi ortak bas\u0131n a\u00e7\u0131klamas\u0131na kat\u0131lan Mersin Barosu Hayvan Haklar\u0131 Komisyonu ve hayvan haklar\u0131 savunucular\u0131, sokak hayvanlar\u0131n\u0131n \u00f6ld\u00fcr\u00fclmesine ve hapsedilmesine yol a\u00e7an 7527 say\u0131l\u0131 yasan\u0131n iptali i\u00e7in toplanarak &#8220;AYM, yasay\u0131 iptal et&#8221; dedi.<\/p>\n\n\n\n<p>&#8220;N\u0130YET HAYVANLARI KORUMAK DE\u011e\u0130L&#8221;<\/p>\n\n\n\n<p>Mersin Barosu Hayvan Haklar\u0131 Komisyonu \u00fcyeleri, HAYKONFED ve hayvan haklar\u0131 savunucular\u0131n\u0131n kat\u0131l\u0131m\u0131yla \u00d6zgecan Aslan Meydan\u0131&#8217;nda d\u00fczenlenen bas\u0131n a\u00e7\u0131klamas\u0131nda konu\u015fma yapan Mersin Barosu Hayvan Haklar\u0131 Komisyonu Ba\u015fkan\u0131 Av. Buse Ta\u015fer, &#8220;Kanundan daha a\u011f\u0131r h\u00fck\u00fcmler i\u00e7eren Hayvanlar\u0131n Korunmas\u0131na Dair Uygulama Y\u00f6netmeli\u011fi 13.12.2024 tarihinde Resmi Gazete&#8217;de Yay\u0131mlanarak y\u00fcr\u00fcrl\u00fc\u011fe girdi\u011fini hat\u0131rlatarak, &#8216;Yap\u0131lan d\u00fczenlemelerde niyet &#8216;hayvanlar\u0131 korumak&#8217;, &#8216;hayvan sahiplenmenin \u00f6nemini vurgulamak&#8217; veya &#8216;toplum g\u00fcvenli\u011fini sa\u011flamak&#8217; de\u011fil, hayvanlara ve hayvanseverlere kar\u015f\u0131 yarat\u0131lan nefreti g\u00fc\u00e7lendirme amac\u0131na hizmet etmektedir&#8221; ifadesini kulland\u0131.<\/p>\n\n\n\n<p>&#8220;HER CANLININ YA\u015eAMINI SAVUNMAKTAN B\u0130R ADIM GER\u0130 ATMAYACA\u011eIZ&#8221;<\/p>\n\n\n\n<p>S\u00f6z konusu y\u00f6netmeli\u011fin hen\u00fcz tasar\u0131 halindeyken dahi T\u00fcrkiye genelinde hayvanlara y\u00f6nelik bir\u00e7ok katliam ya\u015fand\u0131\u011f\u0131n\u0131n alt\u0131n\u0131 \u00e7izen Ta\u015fer, &#8220;Bu katliamlar\u0131n sonu gelmemektedir. Hayvanlara kar\u015f\u0131 yap\u0131lan ve sonu gelmeyen bu katliamlar g\u00f6stermektedir ki, 7527 say\u0131l\u0131 kanun bir katliam yasas\u0131d\u0131r. Bu katliam yasas\u0131n\u0131n iptali gerekmektedir.<\/p>\n\n\n\n<p>Biz Mersin Barosu olarak, her canl\u0131n\u0131n ya\u015fam\u0131n\u0131 savunmaktan bir ad\u0131m geri atmayaca\u011f\u0131m\u0131z\u0131 bildirerek, Anayasa Mahkemesi&#8217;nin 7527 say\u0131l\u0131 yasa hakk\u0131nda g\u00f6r\u00fc\u015fmelere \u00f6ncelik vererek, \u00fclkemizdeki hayvan \u015fiddetinin \u00f6nlenmesi hususunda tarihi bir sorumlulu\u011fu oldu\u011funu hat\u0131rlat\u0131yor, yasan\u0131n iptaline karar verilmesi gerekti\u011fini bir kez daha hayk\u0131r\u0131yoruz!<\/p>\n\n\n\n<p>Mersin Barosu ve Mersin Barosu Hayvan Haklar\u0131 Komisyonu olarak, bu olay\u0131n takip\u00e7isi olaca\u011f\u0131m\u0131z\u0131 kamuoyunun bilgisine sunar\u0131z&#8221; diye konu\u015ftu.<\/p>\n","protected":false},"excerpt":{"rendered":"<p>Hayvanlar\u0131n Ya\u015fam Hakk\u0131 Konfederasyonu&#8217;nun (HAYKONFED) T\u00fcrkiye genelinde d\u00fczenledi\u011fi ortak bas\u0131n a\u00e7\u0131klamas\u0131na kat\u0131lan Mersin Barosu Hayvan Haklar\u0131 Komisyonu ve hayvan haklar\u0131 savunucular\u0131, sokak hayvanlar\u0131n\u0131n \u00f6ld\u00fcr\u00fclmesine ve hapsedilmesine yol a\u00e7an 7527 say\u0131l\u0131 yasan\u0131n iptali i\u00e7in toplanarak &#8220;AYM, yasay\u0131 iptal et&#8221; dedi. &#8220;N\u0130YET HAYVANLARI KORUMAK DE\u011e\u0130L&#8221; Mersin Barosu Hayvan Haklar\u0131 Komisyonu \u00fcyeleri, HAYKONFED ve hayvan haklar\u0131 savunucular\u0131n\u0131n kat\u0131l\u0131m\u0131yla [&hellip;]<\/p>\n","protected":false},"author":2,"featured_media":39192,"comment_status":"closed","ping_status":"closed","sticky":false,"template":"","format":"standard","meta":{"footnotes":""},"categories":[3],"tags":[],"class_list":["post-39191","post","type-post","status-publish","format-standard","has-post-thumbnail","hentry","category-manset"],"views":2,"_links":{"self":[{"href":"https:\/\/mersinkadingazetesi.com\/index.php?rest_route=\/wp\/v2\/posts\/39191"}],"collection":[{"href":"https:\/\/mersinkadingazetesi.com\/index.php?rest_route=\/wp\/v2\/posts"}],"about":[{"href":"https:\/\/mersinkadingazetesi.com\/index.php?rest_route=\/wp\/v2\/types\/post"}],"author":[{"embeddable":true,"href":"https:\/\/mersinkadingazetesi.com\/index.php?rest_route=\/wp\/v2\/users\/2"}],"replies":[{"embeddable":true,"href":"https:\/\/mersinkadingazetesi.com\/index.php?rest_route=%2Fwp%2Fv2%2Fcomments&post=39191"}],"version-history":[{"count":1,"href":"https:\/\/mersinkadingazetesi.com\/index.php?rest_route=\/wp\/v2\/posts\/39191\/revisions"}],"predecessor-version":[{"id":39193,"href":"https:\/\/mersinkadingazetesi.com\/index.php?rest_route=\/wp\/v2\/posts\/39191\/revisions\/39193"}],"wp:featuredmedia":[{"embeddable":true,"href":"https:\/\/mersinkadingazetesi.com\/index.php?rest_route=\/wp\/v2\/media\/39192"}],"wp:attachment":[{"href":"https:\/\/mersinkadingazetesi.com\/index.php?rest_route=%2Fwp%2Fv2%2Fmedia&parent=39191"}],"wp:term":[{"taxonomy":"category","embeddable":true,"href":"https:\/\/mersinkadingazetesi.com\/index.php?rest_route=%2Fwp%2Fv2%2Fcategories&post=39191"},{"taxonomy":"post_tag","embeddable":true,"href":"https:\/\/mersinkadingazetesi.com\/index.php?rest_route=%2Fwp%2Fv2%2Ftags&post=39191"}],"curies":[{"name":"wp","href":"https:\/\/api.w.org\/{rel}","templated":true}]}}