{"id":39194,"date":"2025-01-31T15:50:30","date_gmt":"2025-01-31T12:50:30","guid":{"rendered":"https:\/\/mersinkadingazetesi.com\/?p=39194"},"modified":"2025-01-31T15:50:30","modified_gmt":"2025-01-31T12:50:30","slug":"mersin-barosu-cocuk-haklari-standi-acti","status":"publish","type":"post","link":"https:\/\/mersinkadingazetesi.com\/?p=39194","title":{"rendered":"MERS\u0130N BAROSU, \u00c7OCUK HAKLARI STANDI A\u00c7TI"},"content":{"rendered":"\n<p>Mersin Barosu \u00c7ocuk Haklar\u0131 Merkezi, Mersin B\u00fcy\u00fck\u015fehir Belediyesi Mercan 100. Y\u0131l \u0130klim ve \u00c7evre Bilim Merkezi&#8217;nde stant a\u00e7arak, \u00e7ocuklar\u0131 haklar\u0131 konusunda bilgilendirdi.<\/p>\n\n\n\n<p>Mersin Barosu y\u00f6netim kurulu \u00fcyesi Av. \u00c7i\u011fdem Ata\u015f Er\u00e7olak ve Av. Cemil Yeral, Mersin Barosu \u00c7ocuk Haklar\u0131 Merkezi Ba\u015fkan\u0131 Av. Dilan Topalo\u011flu, merkez genel sekreteri Av. Bilge Efe, merkez \u00fcyeleri Av. Hac\u0131 Baskak, Av. Saadet \u00d6kten, Av. Ferhan Ye\u015filda\u011f ve Av. \u0130rem Asude Yavuz stantta yer alarak, \u00e7ocuklara haklar\u0131n\u0131 anlatan bro\u015f\u00fcr da\u011f\u0131tarak bilgilendirme yapt\u0131.&nbsp;<\/p>\n\n\n\n<p>\u00c7ocuklar\u0131n yo\u011fun ilgi g\u00f6sterdi\u011fi \u00e7ocuk haklar\u0131 stand\u0131nda \u00e7ocuklar; \u00e7ocuklar\u0131n ya\u015fam hakk\u0131, sa\u011fl\u0131k hakk\u0131, isim ve vatanda\u015fl\u0131k hakk\u0131, e\u011fitim hakk\u0131, bar\u0131nma hakk\u0131, her t\u00fcrl\u00fc \u015fiddete kar\u015f\u0131 korunma hakk\u0131, \u00f6zel ya\u015fant\u0131n\u0131n korunmas\u0131 hakk\u0131, zararl\u0131 maddelerden korunma hakk\u0131, silahl\u0131 \u00e7at\u0131\u015fmalardan ve sava\u015ftan korunma hakk\u0131, toplanma ve dernek kurma hakk\u0131, \u00f6zel koruma ve yard\u0131m g\u00f6rme hakk\u0131, d\u00fc\u015f\u00fcncelerini bildirme hakk\u0131, yeteneklerini geli\u015ftirme hakk\u0131, dinlenme, e\u011flence, oyun ve k\u00fclt\u00fcrel etkinlik hakk\u0131 konular\u0131nda bilgilendirildi. Stantta ayr\u0131ca \u00e7ocuklar\u0131n merak etti\u011fi sorular yan\u0131tland\u0131.<\/p>\n","protected":false},"excerpt":{"rendered":"<p>Mersin Barosu \u00c7ocuk Haklar\u0131 Merkezi, Mersin B\u00fcy\u00fck\u015fehir Belediyesi Mercan 100. Y\u0131l \u0130klim ve \u00c7evre Bilim Merkezi&#8217;nde stant a\u00e7arak, \u00e7ocuklar\u0131 haklar\u0131 konusunda bilgilendirdi. Mersin Barosu y\u00f6netim kurulu \u00fcyesi Av. \u00c7i\u011fdem Ata\u015f Er\u00e7olak ve Av. Cemil Yeral, Mersin Barosu \u00c7ocuk Haklar\u0131 Merkezi Ba\u015fkan\u0131 Av. Dilan Topalo\u011flu, merkez genel sekreteri Av. Bilge Efe, merkez \u00fcyeleri Av. Hac\u0131 Baskak, [&hellip;]<\/p>\n","protected":false},"author":2,"featured_media":39195,"comment_status":"closed","ping_status":"closed","sticky":false,"template":"","format":"standard","meta":{"footnotes":""},"categories":[3],"tags":[],"class_list":["post-39194","post","type-post","status-publish","format-standard","has-post-thumbnail","hentry","category-manset"],"views":4,"_links":{"self":[{"href":"https:\/\/mersinkadingazetesi.com\/index.php?rest_route=\/wp\/v2\/posts\/39194"}],"collection":[{"href":"https:\/\/mersinkadingazetesi.com\/index.php?rest_route=\/wp\/v2\/posts"}],"about":[{"href":"https:\/\/mersinkadingazetesi.com\/index.php?rest_route=\/wp\/v2\/types\/post"}],"author":[{"embeddable":true,"href":"https:\/\/mersinkadingazetesi.com\/index.php?rest_route=\/wp\/v2\/users\/2"}],"replies":[{"embeddable":true,"href":"https:\/\/mersinkadingazetesi.com\/index.php?rest_route=%2Fwp%2Fv2%2Fcomments&post=39194"}],"version-history":[{"count":1,"href":"https:\/\/mersinkadingazetesi.com\/index.php?rest_route=\/wp\/v2\/posts\/39194\/revisions"}],"predecessor-version":[{"id":39196,"href":"https:\/\/mersinkadingazetesi.com\/index.php?rest_route=\/wp\/v2\/posts\/39194\/revisions\/39196"}],"wp:featuredmedia":[{"embeddable":true,"href":"https:\/\/mersinkadingazetesi.com\/index.php?rest_route=\/wp\/v2\/media\/39195"}],"wp:attachment":[{"href":"https:\/\/mersinkadingazetesi.com\/index.php?rest_route=%2Fwp%2Fv2%2Fmedia&parent=39194"}],"wp:term":[{"taxonomy":"category","embeddable":true,"href":"https:\/\/mersinkadingazetesi.com\/index.php?rest_route=%2Fwp%2Fv2%2Fcategories&post=39194"},{"taxonomy":"post_tag","embeddable":true,"href":"https:\/\/mersinkadingazetesi.com\/index.php?rest_route=%2Fwp%2Fv2%2Ftags&post=39194"}],"curies":[{"name":"wp","href":"https:\/\/api.w.org\/{rel}","templated":true}]}}