{"id":39200,"date":"2025-01-31T15:52:29","date_gmt":"2025-01-31T12:52:29","guid":{"rendered":"https:\/\/mersinkadingazetesi.com\/?p=39200"},"modified":"2025-01-31T15:52:29","modified_gmt":"2025-01-31T12:52:29","slug":"carettalarda-hedef-ligde-ve-kupada-galibiyet","status":"publish","type":"post","link":"https:\/\/mersinkadingazetesi.com\/?p=39200","title":{"rendered":"CARETTALARDA HEDEF L\u0130GDE VE KUPADA GAL\u0130B\u0130YET"},"content":{"rendered":"\n<p>T\u00fcrkiye Sigorta Basketbol S\u00fcper Ligi&#8217;nde m\u00fccadele eden Mersin Spor Kul\u00fcb\u00fc (MSK) Erkek Basketbol Tak\u0131m\u0131 deplasmanda oynayaca\u011f\u0131 Alia\u011fa Petkim ma\u00e7\u0131n\u0131n haz\u0131rl\u0131klar\u0131n\u0131 tamamlayarak m\u00fcsabaka saatini beklemeye ba\u015flad\u0131. Ligin ilk yar\u0131s\u0131nda elde etti\u011fi 8 galibiyetlik ba\u015far\u0131 ile S\u00fcper Lig&#8217;e \u00e7\u0131kt\u0131\u011f\u0131 ilk senede T\u00fcrkiye Kupas\u0131&#8217;na kat\u0131lma hakk\u0131 kazanan Carettalar&#8217;da hedef Alia\u011fa Petkim ma\u00e7\u0131ndan da galip ayr\u0131lmak.<\/p>\n\n\n\n<p>Servet Tazeg\u00fcl Spor Salonu&#8217;nda ger\u00e7ekle\u015ftirilen teknik ve taktik idman\u0131n ard\u0131ndan de\u011ferlendirmede bulunan Ba\u015fantren\u00f6r Can Sevim, oyuncular\u0131n\u0131n performans\u0131ndan memnun oldu\u011funu s\u00f6yledi. Son 5 ma\u00e7\u0131n 4&#8217;\u00fcn\u00fc kazanarak S\u00fcper Lig&#8217;de olduk\u00e7a ba\u015far\u0131l\u0131 bir grafik yakalad\u0131klar\u0131n\u0131 kaydeden Sevim, Alia\u011fa Petkim deplasman\u0131n ard\u0131ndan Cuma g\u00fcn\u00fc kar\u015f\u0131la\u015facaklar\u0131 Kar\u015f\u0131yaka ma\u00e7\u0131ndan da kazanan taraf olarak ayr\u0131lmay\u0131 hedeflediklerini s\u00f6yledi.<\/p>\n\n\n\n<p><strong>Sevim: &#8220;Hedefimiz Milli Tak\u0131m aras\u0131 vermeden 2&#8217;de 2 yapmak&#8221;<\/strong><\/p>\n\n\n\n<p>Ligin 2. yar\u0131s\u0131na galibiyet ile ba\u015flaman\u0131n motivasyonlar\u0131n\u0131 art\u0131rd\u0131\u011f\u0131n\u0131 belirten Sevim<strong>, &#8220;Alia\u011fa Petkim tak\u0131m\u0131 Damyean Dotson gibi \u00f6nemli bir skorer ve iyi bir \u015fut\u00f6r\u00fc tak\u0131m\u0131na kazand\u0131rd\u0131. Bununla beraber \u015eampiyonlar Ligi&#8217;nde de Top 16&#8217;ya kalmay\u0131 ba\u015fard\u0131lar. Geldi\u011fimiz noktada Milli Tak\u0131m aras\u0131na kadar bizim 2 tane \u00e7ok \u00f6nemli ma\u00e7\u0131m\u0131z oldu\u011funu d\u00fc\u015f\u00fcn\u00fcyoruz. Bunlar\u0131n ilki Alia\u011fa Petkim, di\u011feri ise evimizde oynayaca\u011f\u0131m\u0131z Kar\u015f\u0131yaka ma\u00e7\u0131. \u00d6ncelikli hedefimiz, T\u00fcrkiye Kupas\u0131 ma\u00e7\u0131m\u0131z\u0131 oynay\u0131p Milli Tak\u0131m aras\u0131 vermeden 2&#8217;de 2 yaparak olabildi\u011fince daha \u00fcst s\u0131ralara t\u0131rmanmak. Alia\u011fa Petkim ma\u00e7\u0131n\u0131 kazand\u0131\u011f\u0131m\u0131z takdirde bizi yakalamalar\u0131 ve ge\u00e7meleri \u00e7ok zorla\u015facak. Ma\u00e7a bu a\u00e7\u0131dan da \u00e7ok \u00f6nem veriyoruz&#8221;<\/strong>&nbsp;dedi.&nbsp;&nbsp;<\/p>\n\n\n\n<p><strong>&#8220;Tak\u0131m\u0131n kazanma inanc\u0131 \u00e7ok \u00fcst seviyede&#8221;<\/strong><\/p>\n\n\n\n<p>Tak\u0131m\u0131n\u0131n moral, motivasyon ve kazanma h\u0131rs\u0131ndan \u00e7ok memnun oldu\u011funu dile getiren Sevim, son 5 kar\u015f\u0131la\u015fmada al\u0131nan 4 galibiyetinde bunu g\u00f6sterir nitelikte oldu\u011funu kaydetti. Sevim,&nbsp;<strong>&#8220;Tak\u0131m\u0131n kazanmaya inanc\u0131,&nbsp;<em>&#8216;Biz bu ma\u00e7\u0131 bir \u015fekilde kazan\u0131r\u0131z, biz ne olursa olsun inanc\u0131<\/em>&nbsp;<em>kaybetmeyece\u011fiz&#8217;&nbsp;<\/em>inanc\u0131\u00fcst seviyede a\u00e7\u0131k\u00e7as\u0131. Bu da belki de imkans\u0131z gibi g\u00f6r\u00fcneni ba\u015farmam\u0131z\u0131 sa\u011fl\u0131yor. Tabi bununla beraber \u00f6zellikle kendi evimizde yenilmemiz her ge\u00e7en g\u00fcn zor bir tak\u0131m haline geliyoruz. Burada evimizde sadece iki tane tak\u0131ma kaybettik. \u0130kisi de Euro League tak\u0131m\u0131. Efes ve Fenerbah\u00e7e d\u0131\u015f\u0131nda evimizde ma\u00e7 kaybetmedik. Taraftar\u0131m\u0131z zaten inan\u0131lmaz. \u0130stedi\u011fimiz, arzulad\u0131\u011f\u0131m\u0131z destek her ge\u00e7en g\u00fcn daha da ortaya \u00e7\u0131k\u0131yor. Onlardan ald\u0131\u011f\u0131m\u0131z destekle bizde hi\u00e7bir \u015fekilde ma\u00e7\u0131 b\u0131rakm\u0131yoruz. Geriye d\u00fc\u015fsek bile taraftar\u0131m\u0131zla beraber ma\u00e7\u0131 kazanabilece\u011fimizi d\u00fc\u015f\u00fcn\u00fcyoruz. O do\u011frultuda da ma\u00e7 sonlar\u0131nda rakiplerimizden daha iyi oynad\u0131\u011f\u0131m\u0131z\u0131 d\u00fc\u015f\u00fcn\u00fcyorum&#8221;<\/strong>&nbsp;diye konu\u015ftu.<\/p>\n\n\n\n<p><strong>&#8220;T\u00fcrkiye Kupas\u0131&#8217;nda umar\u0131m Final Four&#8217;da yer alabiliriz&#8221;<\/strong><\/p>\n\n\n\n<p>T\u00fcrkiye Kupas\u0131&#8217;nda son 8&#8217;e kalan t\u00fcm tak\u0131mlar\u0131n zorlu rakipler oldu\u011funu s\u00f6yleyen ve bu kulvarda da gidebildikleri en iyi noktaya ula\u015fmak istediklerini aktaran Sevim,&nbsp;<strong>&#8220;Orada Final Four olmak a\u00e7\u0131k\u00e7as\u0131 S\u00fcper Lig&#8217;e yeni \u00e7\u0131km\u0131\u015f bir tak\u0131m i\u00e7in \u00e7ok b\u00fcy\u00fck ba\u015far\u0131 olur. Bunu S\u00fcper Lig tarihinde daha \u00f6nce ba\u015farabilen iki tane tak\u0131m var. O y\u00fczden T\u00fcrkiye Kupas\u0131&#8217;nda umar\u0131m Final Four&#8217;da yer alabiliriz. Tofa\u015f ile evimizde oynayaca\u011f\u0131z ve kazanmak i\u00e7in \u00e7ok istekliyiz&#8221;<\/strong>&nbsp;ifadelerini kulland\u0131.<\/p>\n\n\n\n<p><strong>Canberk Ku\u015f: &#8220;Taraftar\u0131m\u0131z\u0131 da arkam\u0131za ald\u0131\u011f\u0131m\u0131z s\u00fcrece bizim burada \u00fcstesinden gelemeyece\u011fimiz tak\u0131m yok&#8221;<\/strong><\/p>\n\n\n\n<p>Tak\u0131m\u0131n forvet oyuncular\u0131ndan Canberk Ku\u015f ise Alia\u011fa Petkim&#8217;in olduk\u00e7a zorlu bir deplasman oldu\u011funu belirterek&nbsp;<strong>&#8220;Bu ma\u00e7\u0131n bizi play-off potas\u0131na sokaca\u011f\u0131n\u0131 bildi\u011fimiz i\u00e7in \u00f6nemli bir ma\u00e7. Umar\u0131m iyi bir sonu\u00e7la d\u00f6nece\u011fiz&#8221;&nbsp;<\/strong>dedi. T\u00fcrkiye Kupas\u0131&#8217;na kat\u0131lm\u0131\u015f olman\u0131n hakl\u0131 sevincini ya\u015fad\u0131klar\u0131n\u0131 vurgulayan Ku\u015f,<strong>&nbsp;&#8220;T\u00fcrkiye Kupas\u0131&#8217;na kalmak ba\u015fl\u0131 ba\u015f\u0131na \u00e7ok \u00f6nemli bir ba\u015far\u0131 bizim i\u00e7in. Ama tabi ki biz bu ba\u015far\u0131yla yetinmeyip Final Four&#8217;a gitmek istiyoruz. Kiminle oynad\u0131\u011f\u0131m\u0131z \u00e7ok da \u00f6nemli de\u011fil. Tabi ki Tofa\u015f&#8217;la daha \u00f6nce burada oynad\u0131k, farkl\u0131 bir galibiyet ald\u0131k ama ayn\u0131 \u015fekilde olmayacakt\u0131r. Sonu\u00e7ta bu bir kupa ma\u00e7\u0131. Burada oynayaca\u011f\u0131m\u0131z i\u00e7in tabi ki \u00e7ok memnunuz. \u00c7ok \u015fansl\u0131 bir kura \u00e7ektik diyelim. Yani taraftar\u0131m\u0131z\u0131 da arkam\u0131za ald\u0131\u011f\u0131m\u0131z s\u00fcrece bizim burada \u00fcstesinden gelemeyece\u011fimiz tak\u0131m yok&#8221;<\/strong>&nbsp;dedi.<\/p>\n\n\n\n<p><strong>Kartal \u00d6zm\u0131zrak: &#8220;Alia\u011fa deplasman\u0131 her tak\u0131m i\u00e7in zordur&#8221;<\/strong><\/p>\n\n\n\n<p>Carettalar\u0131n tecr\u00fcbeli oyun kurucular\u0131ndan Kartal \u00d6zm\u0131zrak ise Alia\u011fa Petkim kar\u015f\u0131la\u015fmas\u0131n\u0131n tak\u0131m\u0131n ligde ki konumu a\u00e7\u0131s\u0131ndan olduk\u00e7a \u00f6nemli oldu\u011funun alt\u0131n\u0131 \u00e7izerek,&nbsp;<strong>&#8220;Deplasmanda oynayaca\u011f\u0131z ve Alia\u011fa deplasman\u0131 her tak\u0131m i\u00e7in zordur. Bunun bilincindeyiz. Yetenekli k\u0131salar\u0131 olan iyi bir tak\u0131m. Evimizde kazand\u0131\u011f\u0131m\u0131z gibi deplasmanda da galip ayr\u0131l\u0131p ligdeki konumuzu \u00f6nce koruyup sonra da daha \u00fcst seviye s\u0131ralara \u00e7\u0131kmak istiyoruz&#8221;<\/strong>&nbsp;\u015feklinde konu\u015ftu.&nbsp;&nbsp;<\/p>\n\n\n\n<p><strong>&#8220;S\u00fcper Lig&#8217;deki ilk senemizde T\u00fcrkiye Kupas\u0131&#8217;na gittik, bununla yetinmeyip yar\u0131 finale \u00e7\u0131kmak istiyoruz&#8221;<\/strong><\/p>\n\n\n\n<p>T\u00fcrkiye Kupas\u0131&#8217;nda ki rakipleri Tofa\u015f&#8217;\u0131n ge\u00e7ti\u011fimiz y\u0131l ligi 3. s\u0131rada bitirdi\u011fini hat\u0131rlatan \u00d6zm\u0131zrak,&nbsp;<strong>&#8220;Onlarla evimizde oynad\u0131\u011f\u0131m\u0131z ma\u00e7\u0131 taraftar\u0131m\u0131z\u0131n deste\u011fiyle kazand\u0131k ama bu ma\u00e7\u0131n \u00e7ok daha zor olaca\u011f\u0131n\u0131 d\u00fc\u015f\u00fcn\u00fcyorum. \u00c7\u00fcnk\u00fc yakla\u015f\u0131k 20 say\u0131l\u0131k bir farkla kazanm\u0131\u015ft\u0131k ve buna g\u00f6re ekstra motive olarak gelecekler, bunun bilincindeyiz. S\u00fcper Lig&#8217;deki ilk senemizde T\u00fcrkiye Kupas\u0131&#8217;na gittik, bununla yetinmeyip yar\u0131 finale \u00e7\u0131kmak istiyoruz&#8221;<\/strong>&nbsp;diye konu\u015ftu.&nbsp;&nbsp;<\/p>\n","protected":false},"excerpt":{"rendered":"<p>T\u00fcrkiye Sigorta Basketbol S\u00fcper Ligi&#8217;nde m\u00fccadele eden Mersin Spor Kul\u00fcb\u00fc (MSK) Erkek Basketbol Tak\u0131m\u0131 deplasmanda oynayaca\u011f\u0131 Alia\u011fa Petkim ma\u00e7\u0131n\u0131n haz\u0131rl\u0131klar\u0131n\u0131 tamamlayarak m\u00fcsabaka saatini beklemeye ba\u015flad\u0131. Ligin ilk yar\u0131s\u0131nda elde etti\u011fi 8 galibiyetlik ba\u015far\u0131 ile S\u00fcper Lig&#8217;e \u00e7\u0131kt\u0131\u011f\u0131 ilk senede T\u00fcrkiye Kupas\u0131&#8217;na kat\u0131lma hakk\u0131 kazanan Carettalar&#8217;da hedef Alia\u011fa Petkim ma\u00e7\u0131ndan da galip ayr\u0131lmak. Servet Tazeg\u00fcl Spor [&hellip;]<\/p>\n","protected":false},"author":2,"featured_media":39201,"comment_status":"closed","ping_status":"closed","sticky":false,"template":"","format":"standard","meta":{"footnotes":""},"categories":[3,10],"tags":[],"class_list":["post-39200","post","type-post","status-publish","format-standard","has-post-thumbnail","hentry","category-manset","category-spor"],"views":5,"_links":{"self":[{"href":"https:\/\/mersinkadingazetesi.com\/index.php?rest_route=\/wp\/v2\/posts\/39200"}],"collection":[{"href":"https:\/\/mersinkadingazetesi.com\/index.php?rest_route=\/wp\/v2\/posts"}],"about":[{"href":"https:\/\/mersinkadingazetesi.com\/index.php?rest_route=\/wp\/v2\/types\/post"}],"author":[{"embeddable":true,"href":"https:\/\/mersinkadingazetesi.com\/index.php?rest_route=\/wp\/v2\/users\/2"}],"replies":[{"embeddable":true,"href":"https:\/\/mersinkadingazetesi.com\/index.php?rest_route=%2Fwp%2Fv2%2Fcomments&post=39200"}],"version-history":[{"count":1,"href":"https:\/\/mersinkadingazetesi.com\/index.php?rest_route=\/wp\/v2\/posts\/39200\/revisions"}],"predecessor-version":[{"id":39202,"href":"https:\/\/mersinkadingazetesi.com\/index.php?rest_route=\/wp\/v2\/posts\/39200\/revisions\/39202"}],"wp:featuredmedia":[{"embeddable":true,"href":"https:\/\/mersinkadingazetesi.com\/index.php?rest_route=\/wp\/v2\/media\/39201"}],"wp:attachment":[{"href":"https:\/\/mersinkadingazetesi.com\/index.php?rest_route=%2Fwp%2Fv2%2Fmedia&parent=39200"}],"wp:term":[{"taxonomy":"category","embeddable":true,"href":"https:\/\/mersinkadingazetesi.com\/index.php?rest_route=%2Fwp%2Fv2%2Fcategories&post=39200"},{"taxonomy":"post_tag","embeddable":true,"href":"https:\/\/mersinkadingazetesi.com\/index.php?rest_route=%2Fwp%2Fv2%2Ftags&post=39200"}],"curies":[{"name":"wp","href":"https:\/\/api.w.org\/{rel}","templated":true}]}}