{"id":39207,"date":"2025-01-31T15:54:29","date_gmt":"2025-01-31T12:54:29","guid":{"rendered":"https:\/\/mersinkadingazetesi.com\/?p=39207"},"modified":"2025-01-31T15:54:29","modified_gmt":"2025-01-31T12:54:29","slug":"deva-partili-ekmen-yabanci-turist-guven-bunalimi-yasiyor-otel-yangininin-turizm-sektorune-etkileri-arastirilmali","status":"publish","type":"post","link":"https:\/\/mersinkadingazetesi.com\/?p=39207","title":{"rendered":"DEVA Partili Ekmen: Yabanc\u0131 turist g\u00fcven bunal\u0131m\u0131 ya\u015f\u0131yor; otel yang\u0131n\u0131n\u0131n turizm sekt\u00f6r\u00fcne etkileri ara\u015ft\u0131r\u0131lmal\u0131!\u00a0"},"content":{"rendered":"\n<figure class=\"wp-block-table\"><table class=\"has-fixed-layout\"><tbody><tr><td><strong>DEVA Partisi Genel Ba\u015fkan Yard\u0131mc\u0131s\u0131 Mehmet Emin Ekmen, Bolu Kartalkaya ve 6 \u015eubat depremlerinin turizm sekt<\/strong><strong>\u00f6<\/strong><strong>r\u00fcne etkileriyle ilgili TBMM Genel Kurulunda konu\u015ftu. 6 \u015eubat depremleri ve otel facias\u0131n\u0131n yabanc\u0131 turistlerde g\u00fcven bunal\u0131m\u0131na sebep oldu\u011funu s<\/strong><strong>\u00f6<\/strong><strong>yleyen Ekmen, bir\u00e7ok turistin T\u00fcrkiye ziyaretlerinde kalacaklar\u0131 otelin depreme ve afetlere kar\u015f\u0131 g\u00fcvenli mi ara\u015ft\u0131<\/strong><strong>rmas<\/strong><strong>\u0131n\u0131 yapt\u0131\u011f\u0131na dikkat \u00e7ekerek,&nbsp;<\/strong><strong>\u201c<\/strong><strong>Kartalkaya yang\u0131<\/strong><strong>n facias<\/strong><strong>\u0131n\u0131n, turizm sekt<\/strong><strong>\u00f6<\/strong><strong>r\u00fc \u00fczerindeki etkilerine ili\u015fkin daha geni\u015f \u00e7er\u00e7eveden bir bak\u0131\u015f a\u00e7\u0131s\u0131yla genel g<\/strong><strong>\u00f6<\/strong><strong>r\u00fc\u015fme y\u00fcr\u00fctmek zorunday\u0131z\u201d diyerek t\u00fcm partilere \u00e7a\u011fr\u0131da bulundu.&nbsp;<\/strong>&nbsp;DEVA Partisi Genel Ba\u015fkan Yard\u0131mc\u0131s\u0131 ve Mersin Milletvekili Mehmet Emin Ekmen, Bolu Kartalkaya\u2019da ya\u015fanan ac\u0131 facia ile ilgili T\u00fcrkiye B\u00fcy\u00fck Millet Meclisi (TBMM) Genel Kurulunda konu\u015ftu. Yeni Yol TBMM Grubu\u2019nun turizm sekt\u00f6r\u00fcn\u00fcn&nbsp;\u00f6zellikle fel\u00e2ketler ve afetlere kar\u015f\u0131 dayan\u0131kl\u0131l\u0131\u011f\u0131n\u0131n mevzuat ve uygulama a\u00e7\u0131s\u0131ndan denetlenmesi hakk\u0131nda genel g\u00f6r\u00fc\u015fme&nbsp;\u00f6nerisi \u00fczerine s\u00f6z alan Ekmen, Anayasa\u2019n\u0131n i\u00e7 t\u00fcz\u00fckte TBMM\u2019ye&nbsp;\u00f6nemli g\u00f6revler verdi\u011fini hat\u0131rlatarak, ara\u015ft\u0131rma komisyonlar\u0131ndan iktidar ve devlet sisteminin yeterince faydalanmad\u0131\u011f\u0131 konusunda ciddi ele\u015ftirilerin oldu\u011funu vurgulad\u0131.&nbsp;<br><strong>Kanunun gere\u011fi yap\u0131lm\u0131yor<\/strong>Ara\u015ft\u0131rma komisyonlar\u0131n\u0131n yapt\u0131\u011f\u0131 bir\u00e7ok&nbsp;\u00e7al\u0131\u015fman\u0131n bitmesine ra\u011fmen yay\u0131nlanmad\u0131\u011f\u0131n\u0131, Genel Kurula indirilmedi\u011fine dikkat \u00e7eken Ekmen,&nbsp;\u201cYay\u0131mlanan raporlardan da devlet kurumlar\u0131 faydalanm\u0131yor, tavsiyeleri dikkatle inceleme ve hayata ge\u00e7irmekte bir inisiyatif alm\u0131yor. \u00d6rne\u011fin, 2019 y\u0131l\u0131nda T\u00fcrkiye B\u00fcy\u00fck Millet Meclisinde hayvan haklar\u0131 hususunda yay\u0131mlanm\u0131\u015f olan rapor \u00e7ok&nbsp;\u00f6nemli ve nitelikli bir rapor olmas\u0131na ra\u011fmen, d\u00f6rt y\u0131l boyunca hi\u00e7bir kurum bunun gere\u011fini yapmad\u0131. Biz burada, b\u00fct\u00e7eden hemen&nbsp;\u00f6nce tart\u0131\u015fmal\u0131 bir \u015fekilde ba\u015fka bir yasay\u0131 hayata ge\u00e7irdik ama bu raporun da kanunun da gere\u011fi yap\u0131lm\u0131yor\u201d diye konu\u015ftu.&nbsp;&nbsp;<strong>Yang\u0131n yabanc\u0131 turistte g\u00fcven bunal\u0131m\u0131 olu\u015fturdu<\/strong>Bolu Kartalkaya Otel yang\u0131n\u0131yla ilgili tutanaklar\u0131, Meclise sunulan ara\u015ft\u0131rma komisyonu kurulmas\u0131 \u00f6nerilerini tek tek inceledi\u011fini ifade eden Ekmen,&nbsp;\u00f6nerilerin genelinde yang\u0131n facias\u0131n\u0131n t\u00fcm boyutlar\u0131yla ayd\u0131nlat\u0131lmas\u0131 oldu\u011funun alt\u0131n\u0131 \u00e7izerek,&nbsp;\u201cOysa bu yang\u0131n\u0131n turizm sekt\u00f6r\u00fc \u00fczerinde \u00e7ok ciddi bir g\u00fcven bunal\u0131m\u0131 yaratt\u0131\u011f\u0131, bir\u00e7ok yabanc\u0131 turistin kendi acentelerini benzer bir olay\u0131n ya da durumun kendi ba\u015flar\u0131na da gelip gelemeyece\u011fi endi\u015fesi i\u00e7erisinde sorgulamaya tabi tuttu\u011fu anla\u015f\u0131l\u0131yor. Hatta&nbsp;\u00f6yle bir durum var ki art\u0131k \u0130stanbul&#8217;a gelecek turistler otellerden, konaklayacaklar\u0131 otellerden depreme kar\u015f\u0131 g\u00fcvenlik belgesi istiyorlar ama b\u00f6yle bir belge sunulamad\u0131\u011f\u0131 i\u00e7in rezervasyonlar da yap\u0131lam\u0131yor. Turizmin \u00fclkemiz i\u00e7in gerek istihdam gerek do\u011frudan d\u00f6viz temini yoluyla ne kadar&nbsp;\u00f6nemli oldu\u011funu ve bunun T\u00fcrkiye a\u00e7\u0131s\u0131ndan bu alanda ya\u015fanacak bir sonucun, bir sorunun nas\u0131l sonu\u00e7lar yarataca\u011f\u0131n\u0131 en iyi siz takdir edersiniz\u201d ifadelerini kulland\u0131.&nbsp;&nbsp;<strong>Acil durum planlar\u0131 g\u00fcncellenmelidir<\/strong>Ekmen, 6 \u015eubat deprem felaketinin turizm sekt\u00f6r\u00fc \u00fczerindeki sonu\u00e7lar\u0131n\u0131n hen\u00fcz atlat\u0131lmad\u0131\u011f\u0131na dikkat \u00e7ekerek, \u015f\u00f6yle devam etti:&nbsp;&nbsp;\u201cKartalkaya yang\u0131n facias\u0131n\u0131n, turizm sekt\u00f6r\u00fc \u00fczerindeki etkilerine ili\u015fkin daha geni\u015f \u00e7er\u00e7eveden bir genel g\u00f6r\u00fc\u015fme yapmak zorunday\u0131z. B\u00f6yle bir genel g\u00f6r\u00fc\u015fmede mevcut mevzuat\u0131n yeterlili\u011fi, denetim mekanizmalar\u0131n\u0131n etkinli\u011fi, afet risklerinin, b\u00fct\u00fcn afetlerin turizm sekt\u00f6r\u00fc \u00fczerindeki etkileri, sadece belirli de\u011fil, b\u00fct\u00fcn personelin yang\u0131n ba\u015fta olmak \u00fczere di\u011fer olas\u0131 afetlere kar\u015f\u0131 e\u011fitim kapasitesinin incelenmesi, acil durum planlar\u0131n\u0131n g\u00fcncellenmesi, sigorta ve finansal g\u00fcvencelerin yeterlili\u011fi, uluslararas\u0131 uygulamalardan al\u0131nabilecek&nbsp;\u00f6rneklerin enine boyuna konu\u015fulmas\u0131 gerekir. Mesela T\u00fcrkiye&#8217;deki uluslararas\u0131 otel zincirlerinin bu konudaki g\u00fcvenlik yetkinli\u011fi maalesef, yerel otellere g\u00f6re \u00e7ok daha \u00fcst standartta.\u201d&nbsp;<strong>K\u00fc\u00e7\u00fck ve orta \u00f6l\u00e7ekli i\u015fletmelere finansal destek sa\u011flanmal\u0131d\u0131r!<\/strong>G\u00fcvenlik tedbirlerinin sa\u011flanmas\u0131nda K\u00fc\u00e7\u00fck ve orta&nbsp;\u00f6l\u00e7ekli turizm i\u015fletmelerine y\u00f6nelik finansal deste\u011fin sa\u011flanmas\u0131 gerekti\u011fini belirten Ekmen, \u015funlar\u0131 kaydetti:&nbsp;&nbsp;\u201c\u00d6zellikle k\u00fc\u00e7\u00fck ve orta&nbsp;\u00f6l\u00e7ekli turizm i\u015fletmelerinin ba\u015fta yang\u0131n olmak \u00fczere olas\u0131 afetlere kar\u015f\u0131 deprem, sel ve benzeri afetlere kar\u015f\u0131 yeterli h\u00e2le getirilmesi i\u00e7in ihtiya\u00e7 duyulan finansal desteklerin sa\u011flanmas\u0131. \u0130mar sorunlar\u0131, otorite bo\u015flu\u011fu, i\u015f ve meslek hastal\u0131klar\u0131na ili\u015fkin tedbirlerin al\u0131nmas\u0131 gibi i\u015f g\u00fcvenli\u011fi ve e\u011fitiminin b\u00fct\u00fcn \u00e7al\u0131\u015fanlar hakk\u0131nda sa\u011flanmas\u0131 \u00e7ok&nbsp;\u00f6nemli. \u00c7\u00fcnk\u00fc bu e\u011fitimi alm\u0131\u015f bir \u00e7al\u0131\u015fan\u0131n duyarl\u0131 bir \u015fekilde bir\u00e7ok ki\u015finin hayat\u0131n\u0131 kazand\u0131rmas\u0131 s\u00f6z konusudur. Merkez\u00ee bir otoritesi olmayan itfaiye standartlar\u0131n\u0131n belirlenmesi gibi bir\u00e7ok konuda uzmanlar\u0131n ve siyasi partilerin yapaca\u011f\u0131 \u00e7al\u0131\u015fmalar\u0131n bir genel g\u00f6r\u00fc\u015fme yoluyla ele al\u0131nmas\u0131n\u0131n turizm sekt\u00f6r\u00fcnde ciddi bir ihtiya\u00e7 oldu\u011funu d\u00fc\u015f\u00fcnmekteyiz.\u201d&nbsp;&nbsp;Turizm Bakan\u0131 Mehmet Nuri Ersoy\u2019a seslenen Ekmen,&nbsp;\u201cBu ac\u0131 olay hepimize ders olsun ve turizim sekt\u00f6r\u00fcn\u00fcn ihtiya\u00e7lar\u0131n\u0131 b\u00fct\u00fcnc\u00fcl bir \u015fekilde ele alal\u0131m\u201d dedi.<\/td><\/tr><\/tbody><\/table><\/figure>\n","protected":false},"excerpt":{"rendered":"<p>DEVA Partisi Genel Ba\u015fkan Yard\u0131mc\u0131s\u0131 Mehmet Emin Ekmen, Bolu Kartalkaya ve 6 \u015eubat depremlerinin turizm sekt\u00f6r\u00fcne etkileriyle ilgili TBMM Genel Kurulunda konu\u015ftu. 6 \u015eubat depremleri ve otel facias\u0131n\u0131n yabanc\u0131 turistlerde g\u00fcven bunal\u0131m\u0131na sebep oldu\u011funu s\u00f6yleyen Ekmen, bir\u00e7ok turistin T\u00fcrkiye ziyaretlerinde kalacaklar\u0131 otelin depreme ve afetlere kar\u015f\u0131 g\u00fcvenli mi ara\u015ft\u0131rmas\u0131n\u0131 yapt\u0131\u011f\u0131na dikkat \u00e7ekerek,&nbsp;\u201cKartalkaya yang\u0131n facias\u0131n\u0131n, turizm [&hellip;]<\/p>\n","protected":false},"author":2,"featured_media":39208,"comment_status":"closed","ping_status":"closed","sticky":false,"template":"","format":"standard","meta":{"footnotes":""},"categories":[3],"tags":[],"class_list":["post-39207","post","type-post","status-publish","format-standard","has-post-thumbnail","hentry","category-manset"],"views":3,"_links":{"self":[{"href":"https:\/\/mersinkadingazetesi.com\/index.php?rest_route=\/wp\/v2\/posts\/39207"}],"collection":[{"href":"https:\/\/mersinkadingazetesi.com\/index.php?rest_route=\/wp\/v2\/posts"}],"about":[{"href":"https:\/\/mersinkadingazetesi.com\/index.php?rest_route=\/wp\/v2\/types\/post"}],"author":[{"embeddable":true,"href":"https:\/\/mersinkadingazetesi.com\/index.php?rest_route=\/wp\/v2\/users\/2"}],"replies":[{"embeddable":true,"href":"https:\/\/mersinkadingazetesi.com\/index.php?rest_route=%2Fwp%2Fv2%2Fcomments&post=39207"}],"version-history":[{"count":1,"href":"https:\/\/mersinkadingazetesi.com\/index.php?rest_route=\/wp\/v2\/posts\/39207\/revisions"}],"predecessor-version":[{"id":39209,"href":"https:\/\/mersinkadingazetesi.com\/index.php?rest_route=\/wp\/v2\/posts\/39207\/revisions\/39209"}],"wp:featuredmedia":[{"embeddable":true,"href":"https:\/\/mersinkadingazetesi.com\/index.php?rest_route=\/wp\/v2\/media\/39208"}],"wp:attachment":[{"href":"https:\/\/mersinkadingazetesi.com\/index.php?rest_route=%2Fwp%2Fv2%2Fmedia&parent=39207"}],"wp:term":[{"taxonomy":"category","embeddable":true,"href":"https:\/\/mersinkadingazetesi.com\/index.php?rest_route=%2Fwp%2Fv2%2Fcategories&post=39207"},{"taxonomy":"post_tag","embeddable":true,"href":"https:\/\/mersinkadingazetesi.com\/index.php?rest_route=%2Fwp%2Fv2%2Ftags&post=39207"}],"curies":[{"name":"wp","href":"https:\/\/api.w.org\/{rel}","templated":true}]}}