{"id":39212,"date":"2025-02-02T09:52:50","date_gmt":"2025-02-02T06:52:50","guid":{"rendered":"https:\/\/mersinkadingazetesi.com\/?p=39212"},"modified":"2025-02-02T09:52:50","modified_gmt":"2025-02-02T06:52:50","slug":"cocuklar-kurulan-parkurlarda-ter-doktu","status":"publish","type":"post","link":"https:\/\/mersinkadingazetesi.com\/?p=39212","title":{"rendered":"\u00c7OCUKLAR KURULAN PARKURLARDA TER D\u00d6KT\u00dc"},"content":{"rendered":"\n<p>Mersin B\u00fcy\u00fck\u015fehir Belediyesi Gen\u00e7lik ve Spor Hizmetleri Dairesi&#8217;nin Sporb\u00fcs arac\u0131n\u0131n dura\u011f\u0131, bu kez al\u0131\u015fveri\u015f merkezi oldu. Yar\u0131y\u0131l tatili kapsam\u0131nda al\u0131\u015fveri\u015f merkezinin bah\u00e7esinde kurulan parkurda \u00e7ocuklar, e\u011flenceli dakikalar ge\u00e7irdi.<\/p>\n\n\n\n<p>Sporb\u00fcs etkinli\u011fi, \u00e7ocuklara hem fiziksel hem de sosyal a\u00e7\u0131dan keyifli bir deneyim sundu. Etkinlik alan\u0131nda \u00e7ocuklar, kendilerine da\u011f\u0131t\u0131lan ti\u015f\u00f6rtleri giyerek parkurda ter d\u00f6kt\u00fc. B\u00fcy\u00fck\u015fehir&#8217;in antren\u00f6rleri e\u015fli\u011finde engelleri a\u015farak dubalar\u0131n aras\u0131nda ko\u015fan minikler, parkurun sonunda basketbol potas\u0131na at\u0131\u015f yapt\u0131. \u00c7ocuklar spor yapman\u0131n ve e\u011flenceli vakit ge\u00e7irmenin yan\u0131 s\u0131ra, bu etkinlik sayesinde sosyalle\u015fme imkan\u0131 da buldu. Yar\u0131y\u0131l tatilinde e\u011flenceli ve aktif bir deneyim ya\u015famak isteyen \u00e7ocuklar, Sporb\u00fcs&#8217;\u00fcn sundu\u011fu f\u0131rsatla keyifli anlar ya\u015fad\u0131. Parkurlar\u0131 tamamlayan \u00e7ocuklara madalya da da\u011f\u0131t\u0131ld\u0131.<\/p>\n\n\n\n<p><strong>Veliler ve \u00e7ocuklardan etkinli\u011fe tam not<\/strong><\/p>\n\n\n\n<p>Velilerden Yusuf \u00c7elik,&nbsp;<strong>&#8220;B\u00f6yle etkinlikler \u00e7ocuklar\u0131m\u0131z i\u00e7in ger\u00e7ekten \u00e7ok iyi ve e\u011flenceli. Ba\u015fkan\u0131m\u0131za \u00e7ok te\u015fekk\u00fcr ederiz. B\u00f6yle \u015feylerin devam\u0131n\u0131 bekliyoruz. S\u00fcrekli \u00e7ocuklar\u0131m\u0131z\u0131 getirip bu aktivitelere kat\u0131lmalar\u0131n\u0131 istiyoruz&#8221;&nbsp;<\/strong>dedi.<\/p>\n\n\n\n<p>Velilerden G\u00fclnaz Ceylan ise, etkinli\u011fi B\u00fcy\u00fck\u015fehir&#8217;in sayfas\u0131ndan g\u00f6r\u00fcp geldi\u011fini belirterek,&nbsp;<strong>&#8220;Etkinlik g\u00f6rd\u00fc\u011f\u00fcm zaman o\u011flumu getiriyorum. Bu etkinliklerin de \u00e7o\u011falmas\u0131n\u0131 istiyorum. Ortam \u00e7ok g\u00fczel. O\u011flum mutlu olunca ben de mutlu oluyorum&#8221;&nbsp;<\/strong>diye konu\u015ftu.<\/p>\n\n\n\n<p>9 ya\u015f\u0131ndaki Berke \u00c7elik,&nbsp;<strong>&#8220;Basketbol oynad\u0131m. Yar\u0131\u015fma yapt\u0131k. B\u00fcy\u00fck\u015fehir Belediyesi kurmu\u015f, arkada\u015flar\u0131mla \u00e7ok e\u011flendik&#8221;<\/strong>&nbsp;dedi. Arkada\u015flar\u0131yla \u00e7ok g\u00fczel vakit ge\u00e7irdi\u011fini anlatan Nisa \u00c7ift\u00e7i,&nbsp;<strong>&#8220;Yar\u0131\u015f yapt\u0131k. Hepimiz kazand\u0131k. \u00c7ok e\u011flendik. Tatilde buraya geldi\u011fim i\u00e7in mutlu oldum&#8221;<\/strong>&nbsp;ifadelerine yer verdi.<\/p>\n\n\n\n<p>5 ya\u015f\u0131ndaki minik Almira \u00c7ift\u00e7i,&nbsp;<strong>&#8220;Oyunlar\u0131 sevdim. Basketbol oynad\u0131m. Sonra da takla att\u0131m. Bana madalya verdiler&#8221;&nbsp;<\/strong>dedi. Ada Tun\u00e7 ise,&nbsp;<strong>&#8220;Buras\u0131 bana s\u00fcrpriz oldu. Parkuru ko\u015ftum. Sonra basket oynad\u0131m. Dubalar\u0131n aras\u0131ndan ge\u00e7tim. Tatilde g\u00fczel bir g\u00fcnd\u00fc&#8221;&nbsp;<\/strong>diye konu\u015ftu.<\/p>\n","protected":false},"excerpt":{"rendered":"<p>Mersin B\u00fcy\u00fck\u015fehir Belediyesi Gen\u00e7lik ve Spor Hizmetleri Dairesi&#8217;nin Sporb\u00fcs arac\u0131n\u0131n dura\u011f\u0131, bu kez al\u0131\u015fveri\u015f merkezi oldu. Yar\u0131y\u0131l tatili kapsam\u0131nda al\u0131\u015fveri\u015f merkezinin bah\u00e7esinde kurulan parkurda \u00e7ocuklar, e\u011flenceli dakikalar ge\u00e7irdi. Sporb\u00fcs etkinli\u011fi, \u00e7ocuklara hem fiziksel hem de sosyal a\u00e7\u0131dan keyifli bir deneyim sundu. Etkinlik alan\u0131nda \u00e7ocuklar, kendilerine da\u011f\u0131t\u0131lan ti\u015f\u00f6rtleri giyerek parkurda ter d\u00f6kt\u00fc. B\u00fcy\u00fck\u015fehir&#8217;in antren\u00f6rleri e\u015fli\u011finde engelleri [&hellip;]<\/p>\n","protected":false},"author":2,"featured_media":39213,"comment_status":"closed","ping_status":"closed","sticky":false,"template":"","format":"standard","meta":{"footnotes":""},"categories":[3,10],"tags":[],"class_list":["post-39212","post","type-post","status-publish","format-standard","has-post-thumbnail","hentry","category-manset","category-spor"],"views":9,"_links":{"self":[{"href":"https:\/\/mersinkadingazetesi.com\/index.php?rest_route=\/wp\/v2\/posts\/39212"}],"collection":[{"href":"https:\/\/mersinkadingazetesi.com\/index.php?rest_route=\/wp\/v2\/posts"}],"about":[{"href":"https:\/\/mersinkadingazetesi.com\/index.php?rest_route=\/wp\/v2\/types\/post"}],"author":[{"embeddable":true,"href":"https:\/\/mersinkadingazetesi.com\/index.php?rest_route=\/wp\/v2\/users\/2"}],"replies":[{"embeddable":true,"href":"https:\/\/mersinkadingazetesi.com\/index.php?rest_route=%2Fwp%2Fv2%2Fcomments&post=39212"}],"version-history":[{"count":1,"href":"https:\/\/mersinkadingazetesi.com\/index.php?rest_route=\/wp\/v2\/posts\/39212\/revisions"}],"predecessor-version":[{"id":39214,"href":"https:\/\/mersinkadingazetesi.com\/index.php?rest_route=\/wp\/v2\/posts\/39212\/revisions\/39214"}],"wp:featuredmedia":[{"embeddable":true,"href":"https:\/\/mersinkadingazetesi.com\/index.php?rest_route=\/wp\/v2\/media\/39213"}],"wp:attachment":[{"href":"https:\/\/mersinkadingazetesi.com\/index.php?rest_route=%2Fwp%2Fv2%2Fmedia&parent=39212"}],"wp:term":[{"taxonomy":"category","embeddable":true,"href":"https:\/\/mersinkadingazetesi.com\/index.php?rest_route=%2Fwp%2Fv2%2Fcategories&post=39212"},{"taxonomy":"post_tag","embeddable":true,"href":"https:\/\/mersinkadingazetesi.com\/index.php?rest_route=%2Fwp%2Fv2%2Ftags&post=39212"}],"curies":[{"name":"wp","href":"https:\/\/api.w.org\/{rel}","templated":true}]}}