{"id":39218,"date":"2025-02-02T09:56:52","date_gmt":"2025-02-02T06:56:52","guid":{"rendered":"https:\/\/mersinkadingazetesi.com\/?p=39218"},"modified":"2025-02-02T09:56:53","modified_gmt":"2025-02-02T06:56:53","slug":"akdeniz-belediyesi-park-ve-yesil-alanlarda-calismalarini-yogunlastirdi","status":"publish","type":"post","link":"https:\/\/mersinkadingazetesi.com\/?p=39218","title":{"rendered":"AKDEN\u0130Z BELED\u0130YES\u0130 PARK VE YE\u015e\u0130L ALANLARDA \u00c7ALI\u015eMALARINI YO\u011eUNLA\u015eTIRDI"},"content":{"rendered":"\n<p>Akdeniz Belediyesi Park ve Bah\u00e7eler M\u00fcd\u00fcrl\u00fc\u011f\u00fc ekipleri, kent genelindeki park ve ye\u015fil alanlarda bak\u0131m, temizlik ve onar\u0131m \u00e7al\u0131\u015fmalar\u0131n\u0131 programl\u0131 bir \u015fekilde s\u00fcrd\u00fcr\u00fcyor. Vatanda\u015flar\u0131n daha temiz, d\u00fczenli ve sa\u011fl\u0131kl\u0131 bir ortamda vakit ge\u00e7irebilmesi i\u00e7in y\u00fcr\u00fct\u00fclen \u00e7al\u0131\u015fmalar kapsam\u0131nda ye\u015fil alanlar, oyun gruplar\u0131 ve oturma alanlar\u0131 titizlikle elden ge\u00e7iriliyor.<\/p>\n\n\n\n<p>Vatanda\u015flar\u0131n ortak kullan\u0131m alanlar\u0131n\u0131 daha rahat ve g\u00fcvenli bir \u015fekilde kullanabilmesi i\u00e7in \u00e7al\u0131\u015fmalar\u0131n\u0131 periyodik olarak s\u00fcrd\u00fcren ekipler, park ve ye\u015fil alanlarda \u00e7im bi\u00e7me, a\u011fa\u00e7 budama, \u00e7i\u00e7ek dikimi ve genel \u00e7evre d\u00fczenleme \u00e7al\u0131\u015fmalar\u0131 yaparken, ayn\u0131 zamanda y\u0131pranan oyun gruplar\u0131n\u0131n bak\u0131m ve onar\u0131m\u0131n\u0131 da ger\u00e7ekle\u015ftiriyor.<\/p>\n\n\n\n<p>Akdeniz Belediyesi Ba\u015fkan Vekili Zeyit \u015eener, yap\u0131lan \u00e7al\u0131\u015fmalarla ilgili olarak, <strong>&#8220;<\/strong><strong><em>Vatanda\u015flar\u0131m\u0131z\u0131n temiz, ye\u015fil ve g\u00fcvenli alanlarda vakit ge\u00e7irebilmesi i\u00e7in park ve ye\u015fil alanlarda bak\u0131m, temizlik ve onar\u0131m \u00e7al\u0131\u015fmalar\u0131m\u0131z\u0131 yo\u011funla\u015ft\u0131rd\u0131k. Daha g\u00fczel ve temiz bir Akdeniz i\u00e7in hep birlikte \u00e7al\u0131\u015fmaya devam edece\u011fiz.<\/em><\/strong><strong>&#8220;<\/strong> ifadelerini kulland\u0131.<\/p>\n","protected":false},"excerpt":{"rendered":"<p>Akdeniz Belediyesi Park ve Bah\u00e7eler M\u00fcd\u00fcrl\u00fc\u011f\u00fc ekipleri, kent genelindeki park ve ye\u015fil alanlarda bak\u0131m, temizlik ve onar\u0131m \u00e7al\u0131\u015fmalar\u0131n\u0131 programl\u0131 bir \u015fekilde s\u00fcrd\u00fcr\u00fcyor. Vatanda\u015flar\u0131n daha temiz, d\u00fczenli ve sa\u011fl\u0131kl\u0131 bir ortamda vakit ge\u00e7irebilmesi i\u00e7in y\u00fcr\u00fct\u00fclen \u00e7al\u0131\u015fmalar kapsam\u0131nda ye\u015fil alanlar, oyun gruplar\u0131 ve oturma alanlar\u0131 titizlikle elden ge\u00e7iriliyor. Vatanda\u015flar\u0131n ortak kullan\u0131m alanlar\u0131n\u0131 daha rahat ve g\u00fcvenli bir [&hellip;]<\/p>\n","protected":false},"author":2,"featured_media":39219,"comment_status":"closed","ping_status":"closed","sticky":false,"template":"","format":"standard","meta":{"footnotes":""},"categories":[3],"tags":[],"class_list":["post-39218","post","type-post","status-publish","format-standard","has-post-thumbnail","hentry","category-manset"],"views":5,"_links":{"self":[{"href":"https:\/\/mersinkadingazetesi.com\/index.php?rest_route=\/wp\/v2\/posts\/39218"}],"collection":[{"href":"https:\/\/mersinkadingazetesi.com\/index.php?rest_route=\/wp\/v2\/posts"}],"about":[{"href":"https:\/\/mersinkadingazetesi.com\/index.php?rest_route=\/wp\/v2\/types\/post"}],"author":[{"embeddable":true,"href":"https:\/\/mersinkadingazetesi.com\/index.php?rest_route=\/wp\/v2\/users\/2"}],"replies":[{"embeddable":true,"href":"https:\/\/mersinkadingazetesi.com\/index.php?rest_route=%2Fwp%2Fv2%2Fcomments&post=39218"}],"version-history":[{"count":1,"href":"https:\/\/mersinkadingazetesi.com\/index.php?rest_route=\/wp\/v2\/posts\/39218\/revisions"}],"predecessor-version":[{"id":39220,"href":"https:\/\/mersinkadingazetesi.com\/index.php?rest_route=\/wp\/v2\/posts\/39218\/revisions\/39220"}],"wp:featuredmedia":[{"embeddable":true,"href":"https:\/\/mersinkadingazetesi.com\/index.php?rest_route=\/wp\/v2\/media\/39219"}],"wp:attachment":[{"href":"https:\/\/mersinkadingazetesi.com\/index.php?rest_route=%2Fwp%2Fv2%2Fmedia&parent=39218"}],"wp:term":[{"taxonomy":"category","embeddable":true,"href":"https:\/\/mersinkadingazetesi.com\/index.php?rest_route=%2Fwp%2Fv2%2Fcategories&post=39218"},{"taxonomy":"post_tag","embeddable":true,"href":"https:\/\/mersinkadingazetesi.com\/index.php?rest_route=%2Fwp%2Fv2%2Ftags&post=39218"}],"curies":[{"name":"wp","href":"https:\/\/api.w.org\/{rel}","templated":true}]}}