{"id":39224,"date":"2025-02-02T09:59:02","date_gmt":"2025-02-02T06:59:02","guid":{"rendered":"https:\/\/mersinkadingazetesi.com\/?p=39224"},"modified":"2025-02-02T09:59:03","modified_gmt":"2025-02-02T06:59:03","slug":"tarim-calistayi-basliyor-simdi-soz-ciftcinin","status":"publish","type":"post","link":"https:\/\/mersinkadingazetesi.com\/?p=39224","title":{"rendered":"TARIM \u00c7ALI\u015eTAYI BA\u015eLIYOR. \u015e\u0130MD\u0130 S\u00d6Z \u00c7\u0130FT\u00c7\u0130N\u0130N"},"content":{"rendered":"\n<p>Mersin&#8217;in merkez Toroslar Belediyesi il\u00e7enin tarihinde bir ilki ger\u00e7ekle\u015ftirecek ve \u00e7ift\u00e7ileri 4-5 \u015eubat g\u00fcnlerinde Tar\u0131m \u00c7al\u0131\u015ftay\u0131nda bulu\u015fturacak. \u00c7al\u0131\u015ftayda s\u00f6z hakk\u0131 \u00e7ift\u00e7ilerde olacak. \u00c7ift\u00e7iler sorunlar\u0131n\u0131, taleplerini anlatacak, tar\u0131m uzmanlar\u0131 g\u00f6r\u00fc\u015flerini ve \u00e7\u00f6z\u00fcm \u00f6nerilerini sunacak. \u00c7al\u0131\u015ftaydan \u00e7\u0131kacak kararlar, Toroslar Belediyesinin tar\u0131m alan\u0131ndaki \u00e7al\u0131\u015fmalar\u0131n\u0131 belirleyecek.<\/p>\n\n\n\n<p>Toroslar Belediyesinin, 4-5 \u015eubat tarihleri aras\u0131nda &#8220;Toroslar&#8217;da Ak\u0131lc\u0131 Tar\u0131m i\u00e7in Hep Birlikte&#8221; \u015fiar\u0131yla d\u00fczenleyece\u011fi Tar\u0131m \u00c7al\u0131\u015ftay\u0131 i\u00e7in haz\u0131rl\u0131klar s\u00fcr\u00fcyor.<\/p>\n\n\n\n<p>Toroslar Belediye Ba\u015fkan\u0131 Abdurrahman Y\u0131ld\u0131z, Aral\u0131k ve Ocak aylar\u0131nda il\u00e7e genelinde bulunan 34 k\u0131rsal mahalleyi gezdi, k\u00f6yl\u00fclerin talep ve \u015fik\u00e2yetlerini dinledi ve \u00e7ift\u00e7ileri Tar\u0131m \u00c7al\u0131\u015ftay\u0131na davet etti.<\/p>\n\n\n\n<p>Toroslar&#8217;da tar\u0131m\u0131n ve \u00fcreticinin desteklenmesine \u00f6nem verdi\u011fini belirten Y\u0131ld\u0131z, k\u00f6ylerde 12 ay ya\u015fayan, \u0131srarla \u00e7ift\u00e7ilik yapmaya devam eden insanlar\u0131n hayat\u0131n\u0131 kolayla\u015ft\u0131racak, \u00e7ift\u00e7ili\u011fi s\u00fcrd\u00fcrmelerine destek olacak \u00e7al\u0131\u015fmalar yapmak istediklerini kaydetti.<\/p>\n\n\n\n<p><strong>&#8220;MASA BA\u015eINDA KARAR ALMAK \u0130STEM\u0130YORUZ&#8221;<\/strong><\/p>\n\n\n\n<p>Tar\u0131m \u00c7al\u0131\u015ftay\u0131 \u00f6ncesinde t\u00fcm k\u00f6yleri gezen Toroslar Belediyesi Tar\u0131msal Hizmetler M\u00fcd\u00fcr\u00fc Sinan Taylan Berk &#8220;Biz tar\u0131msal hizmetlerle ilgili projeleri masa ba\u015f\u0131nda oturup belirlemek istemiyoruz. Biz istiyoruz ki tar\u0131m\u0131n sorunlar\u0131n\u0131, talepleri, \u00e7\u00f6z\u00fcm \u00f6nerilerini \u00e7ift\u00e7ilerimizle oturup belirleyelim. G\u00f6r\u00fc\u015flerinizi, taleplerinizi orada dile getirin&#8221; ifadelerini kulland\u0131.<\/p>\n\n\n\n<p><strong>MUHTARLAR VE \u00c7\u0130FT\u00c7\u0130LER \u00c7ALI\u015eTAYA KATILACAK<\/strong><\/p>\n\n\n\n<p>Sadiye Mahalle Muhtar\u0131 Mutlu \u00d6zdemir, &#8220;Daha \u00f6nce Toroslar Belediye Ba\u015fkan\u0131m\u0131z Abdurrahman Y\u0131ld\u0131z, buraya geldi ve g\u00f6r\u00fc\u015f al\u0131\u015fveri\u015finde bulunmu\u015ftuk. Ard\u0131ndan Tar\u0131msal Hizmetler M\u00fcd\u00fcr\u00fc geldi. Tar\u0131m \u00e7al\u0131\u015ftay\u0131 yap\u0131lacak. Tar\u0131mdaki sorunlar g\u00f6r\u00fc\u015f\u00fclecek. Bu \u00e7al\u0131\u015ftaya b\u00fct\u00fcn \u00e7ift\u00e7ileri, k\u00f6yl\u00fclerimizi davet ediyoruz.&#8221; \u015feklinde konu\u015ftu.<\/p>\n\n\n\n<p>De\u011fnek Mahallesi Muhtar\u0131 Mehmet Kaya, Toroslar Belediye Ba\u015fkan\u0131 Abdurrahman Y\u0131ld\u0131z&#8217;\u0131n daha \u00f6nce mahalleye geldi\u011fini hat\u0131rlatarak, &#8220;Tar\u0131msal konularda ve di\u011fer konularda da eksikliklerimizi dile getirdik. \u015eimdi de tar\u0131m m\u00fcd\u00fcr\u00fcm\u00fcz geldi, g\u00f6r\u00fc\u015flerimizi ald\u0131&#8221; ifadelerini kulland\u0131.&nbsp;<\/p>\n\n\n\n<p>T\u0131rtar Mahallesi Muhtar\u0131 Davut \u015e\u0131rdak da &#8220;Ben de elimden geldi\u011fi kadar k\u00f6y\u00fcme \u00f6nc\u00fcl\u00fck yapaca\u011f\u0131m&#8221; dedi.<\/p>\n\n\n\n<p>T\u0131rtar Mahallesi sakinlerinden \u0130srafil Yeter, hayvanc\u0131l\u0131k ve bah\u00e7e i\u015fleriyle u\u011fra\u015ft\u0131\u011f\u0131n\u0131 belirterek, &#8220;Bah\u00e7e i\u015flerinde su sorunumuz var.&nbsp; Beyaz sinek ile m\u00fccadele ediyoruz. Onda bir sorunumuz var. Hayvanc\u0131l\u0131kta yem bitkisi ekiyorum, su olmad\u0131\u011f\u0131 i\u00e7in bir verimsizlik ya\u015f\u0131yoruz. Ba\u015fkan\u0131m\u0131z ve tar\u0131m m\u00fcd\u00fcr\u00fcm\u00fcz geldi. Tar\u0131m \u00c7al\u0131\u015ftay\u0131 varm\u0131\u015f. Oraya da kat\u0131lmak istiyoruz&#8221; ifadelerini kulland\u0131.<\/p>\n\n\n\n<p>T\u0131rtar Mahallesi sakinlerinden Erc\u00fcment \u015eahin ise hayvanc\u0131l\u0131kla u\u011fra\u015ft\u0131\u011f\u0131n\u0131, yol ve su sorunu ya\u015fad\u0131klar\u0131n\u0131 belirterek, &#8220;4-5 \u015eubat&#8217;taki \u00e7al\u0131\u015ftaya kat\u0131laca\u011f\u0131z&#8221; diye konu\u015ftu.<\/p>\n\n\n\n<p><strong>BA\u015eKAN YILDIZ: \u00c7\u0130FT\u00c7\u0130LER\u0130M\u0130Z HEM D\u0130NLEY\u0130C\u0130 HEM KONU\u015eMACI OLARAK BEKL\u0130YORUZ<\/strong><\/p>\n\n\n\n<p>Toroslar Belediye Ba\u015fkan\u0131 Abdurrahman Y\u0131ld\u0131z, &#8220;Son 2 ayd\u0131r Toroslar&#8217;daki b\u00fct\u00fcn k\u00f6ylerimizi tek tek dola\u015ft\u0131k ve oradaki \u00e7ift\u00e7ilerimizin belediyemizden beklentileri \u00fczerine uzun uzun sohbet ettik. Bu sohbetlerden \u00e7\u0131kard\u0131\u011f\u0131m\u0131z sonu\u00e7lar\u0131 Tar\u0131m \u00c7al\u0131\u015ftay\u0131nda yeniden masaya yat\u0131raca\u011f\u0131z. Toroslar&#8217;\u0131n b\u00fct\u00fcn k\u00f6yl\u00fclerini bu \u00e7al\u0131\u015ftaya devam ediyorum. 2 g\u00fcn boyunca tar\u0131m\u0131n sorunlar\u0131n\u0131, \u00e7al\u0131\u015ftay\u0131m\u0131zda birincil konu\u015fmac\u0131lar\u0131 \u00e7ift\u00e7ilerimiz yaparak tart\u0131\u015faca\u011f\u0131z. Tar\u0131msal \u00fcretim ve hayvansal \u00fcretim yapan t\u00fcm \u00e7ift\u00e7ilerimizin dinleyici ve konu\u015fmac\u0131 olarak kendilerini ifade etmek \u00fczere \u00e7al\u0131\u015ftay\u0131m\u0131zda yer almalar\u0131n\u0131 bekliyorum&#8221; dedi.<\/p>\n","protected":false},"excerpt":{"rendered":"<p>Mersin&#8217;in merkez Toroslar Belediyesi il\u00e7enin tarihinde bir ilki ger\u00e7ekle\u015ftirecek ve \u00e7ift\u00e7ileri 4-5 \u015eubat g\u00fcnlerinde Tar\u0131m \u00c7al\u0131\u015ftay\u0131nda bulu\u015fturacak. \u00c7al\u0131\u015ftayda s\u00f6z hakk\u0131 \u00e7ift\u00e7ilerde olacak. \u00c7ift\u00e7iler sorunlar\u0131n\u0131, taleplerini anlatacak, tar\u0131m uzmanlar\u0131 g\u00f6r\u00fc\u015flerini ve \u00e7\u00f6z\u00fcm \u00f6nerilerini sunacak. \u00c7al\u0131\u015ftaydan \u00e7\u0131kacak kararlar, Toroslar Belediyesinin tar\u0131m alan\u0131ndaki \u00e7al\u0131\u015fmalar\u0131n\u0131 belirleyecek. Toroslar Belediyesinin, 4-5 \u015eubat tarihleri aras\u0131nda &#8220;Toroslar&#8217;da Ak\u0131lc\u0131 Tar\u0131m i\u00e7in Hep Birlikte&#8221; \u015fiar\u0131yla [&hellip;]<\/p>\n","protected":false},"author":2,"featured_media":39225,"comment_status":"closed","ping_status":"closed","sticky":false,"template":"","format":"standard","meta":{"footnotes":""},"categories":[3],"tags":[],"class_list":["post-39224","post","type-post","status-publish","format-standard","has-post-thumbnail","hentry","category-manset"],"views":4,"_links":{"self":[{"href":"https:\/\/mersinkadingazetesi.com\/index.php?rest_route=\/wp\/v2\/posts\/39224"}],"collection":[{"href":"https:\/\/mersinkadingazetesi.com\/index.php?rest_route=\/wp\/v2\/posts"}],"about":[{"href":"https:\/\/mersinkadingazetesi.com\/index.php?rest_route=\/wp\/v2\/types\/post"}],"author":[{"embeddable":true,"href":"https:\/\/mersinkadingazetesi.com\/index.php?rest_route=\/wp\/v2\/users\/2"}],"replies":[{"embeddable":true,"href":"https:\/\/mersinkadingazetesi.com\/index.php?rest_route=%2Fwp%2Fv2%2Fcomments&post=39224"}],"version-history":[{"count":1,"href":"https:\/\/mersinkadingazetesi.com\/index.php?rest_route=\/wp\/v2\/posts\/39224\/revisions"}],"predecessor-version":[{"id":39226,"href":"https:\/\/mersinkadingazetesi.com\/index.php?rest_route=\/wp\/v2\/posts\/39224\/revisions\/39226"}],"wp:featuredmedia":[{"embeddable":true,"href":"https:\/\/mersinkadingazetesi.com\/index.php?rest_route=\/wp\/v2\/media\/39225"}],"wp:attachment":[{"href":"https:\/\/mersinkadingazetesi.com\/index.php?rest_route=%2Fwp%2Fv2%2Fmedia&parent=39224"}],"wp:term":[{"taxonomy":"category","embeddable":true,"href":"https:\/\/mersinkadingazetesi.com\/index.php?rest_route=%2Fwp%2Fv2%2Fcategories&post=39224"},{"taxonomy":"post_tag","embeddable":true,"href":"https:\/\/mersinkadingazetesi.com\/index.php?rest_route=%2Fwp%2Fv2%2Ftags&post=39224"}],"curies":[{"name":"wp","href":"https:\/\/api.w.org\/{rel}","templated":true}]}}