{"id":39227,"date":"2025-02-02T10:01:26","date_gmt":"2025-02-02T07:01:26","guid":{"rendered":"https:\/\/mersinkadingazetesi.com\/?p=39227"},"modified":"2025-02-02T10:01:27","modified_gmt":"2025-02-02T07:01:27","slug":"mersin-barosu-tegmenlerin-ihracina-iliskin-kararin-adalet-terazisinde-yeri-yoktur","status":"publish","type":"post","link":"https:\/\/mersinkadingazetesi.com\/?p=39227","title":{"rendered":"MERS\u0130N BAROSU: &#8220;TE\u011eMENLER\u0130N \u0130HRACINA \u0130L\u0130\u015eK\u0130N KARARIN ADALET TERAZ\u0130S\u0130NDE YER\u0130 YOKTUR"},"content":{"rendered":"\n<p>Mersin Barosu Ba\u015fkanl\u0131\u011f\u0131,&nbsp;Kara Harp Okulu Mezuniyet T\u00f6reni&#8217;nde Mustafa Kemal Atat\u00fcrk&#8217;e ba\u011fl\u0131l\u0131\u011f\u0131n\u0131 bildiren ve subay yeminini okuyan be\u015f te\u011fmenin T\u00fcrk Silahl\u0131 Kuvvetleri&#8217;nden ihra\u00e7 edilmelerine karar verilmesine y\u00f6nelik yapt\u0131\u011f\u0131 yaz\u0131l\u0131 a\u00e7\u0131klamas\u0131nda, &#8220;Te\u011fmenlerin ihrac\u0131na ili\u015fkin karar\u0131n adalet terazisinde yeri yoktur. Bu hukuksuz karardan d\u00f6n\u00fclece\u011fine inan\u0131yoruz, inanmak istiyoruz&#8221; dedi.<\/p>\n\n\n\n<p>&#8220;BU HUKUKSUZ KARARDAN D\u00d6N\u00dcLECE\u011e\u0130NE \u0130NANIYORUZ, \u0130NANMAK \u0130ST\u0130YORUZ&#8221;<\/p>\n\n\n\n<p>&nbsp;Mersin Barosu Ba\u015fkanl\u0131\u011f\u0131 yaz\u0131l\u0131 a\u00e7\u0131klamas\u0131nda, Kara Harp Okulu Mezuniyet T\u00f6reni&#8217;nde, Gazi Mustafa Kemal Atat\u00fcrk&#8217;e ba\u011fl\u0131l\u0131\u011f\u0131 bildirmek, subaylar\u0131m\u0131z i\u00e7in tarihi bilin\u00e7 ve sorumluluk oldu\u011funu belirterek, &#8220;Te\u011fmenler hakk\u0131nda al\u0131nan ihra\u00e7 karar\u0131 hukukun \u00fcst\u00fcnl\u00fc\u011f\u00fc ilkesine ayk\u0131r\u0131d\u0131r ve adalet terazisinde yeri yoktur.<\/p>\n\n\n\n<p>T\u00fcrk subaylar\u0131n\u0131n, Cumhuriyetimizin 100. y\u0131l\u0131nda, Cumhuriyetimizin kurucusu Gazi Mustafa Kemal Atat\u00fcrk&#8217;e ba\u011fl\u0131l\u0131klar\u0131n\u0131n ihra\u00e7 karar\u0131yla sonu\u00e7lanmas\u0131n\u0131n, kamu vicdan\u0131nda da yeri yoktur.&nbsp; Bu hukuksuz karardan d\u00f6n\u00fclece\u011fine inan\u0131yoruz, inanmak istiyoruz.<\/p>\n\n\n\n<p>Mersin Barosu olarak s\u00fcrecin takip\u00e7isi olaca\u011f\u0131m\u0131z\u0131 meslekta\u015flar\u0131m\u0131za ve kamuoyuna sayg\u0131yla duyururuz.&#8221; \u0130fadelerine yer verildi.&nbsp;<\/p>\n","protected":false},"excerpt":{"rendered":"<p>Mersin Barosu Ba\u015fkanl\u0131\u011f\u0131,&nbsp;Kara Harp Okulu Mezuniyet T\u00f6reni&#8217;nde Mustafa Kemal Atat\u00fcrk&#8217;e ba\u011fl\u0131l\u0131\u011f\u0131n\u0131 bildiren ve subay yeminini okuyan be\u015f te\u011fmenin T\u00fcrk Silahl\u0131 Kuvvetleri&#8217;nden ihra\u00e7 edilmelerine karar verilmesine y\u00f6nelik yapt\u0131\u011f\u0131 yaz\u0131l\u0131 a\u00e7\u0131klamas\u0131nda, &#8220;Te\u011fmenlerin ihrac\u0131na ili\u015fkin karar\u0131n adalet terazisinde yeri yoktur. Bu hukuksuz karardan d\u00f6n\u00fclece\u011fine inan\u0131yoruz, inanmak istiyoruz&#8221; dedi. &#8220;BU HUKUKSUZ KARARDAN D\u00d6N\u00dcLECE\u011e\u0130NE \u0130NANIYORUZ, \u0130NANMAK \u0130ST\u0130YORUZ&#8221; &nbsp;Mersin Barosu Ba\u015fkanl\u0131\u011f\u0131 [&hellip;]<\/p>\n","protected":false},"author":2,"featured_media":39228,"comment_status":"closed","ping_status":"closed","sticky":false,"template":"","format":"standard","meta":{"footnotes":""},"categories":[3],"tags":[],"class_list":["post-39227","post","type-post","status-publish","format-standard","has-post-thumbnail","hentry","category-manset"],"views":6,"_links":{"self":[{"href":"https:\/\/mersinkadingazetesi.com\/index.php?rest_route=\/wp\/v2\/posts\/39227"}],"collection":[{"href":"https:\/\/mersinkadingazetesi.com\/index.php?rest_route=\/wp\/v2\/posts"}],"about":[{"href":"https:\/\/mersinkadingazetesi.com\/index.php?rest_route=\/wp\/v2\/types\/post"}],"author":[{"embeddable":true,"href":"https:\/\/mersinkadingazetesi.com\/index.php?rest_route=\/wp\/v2\/users\/2"}],"replies":[{"embeddable":true,"href":"https:\/\/mersinkadingazetesi.com\/index.php?rest_route=%2Fwp%2Fv2%2Fcomments&post=39227"}],"version-history":[{"count":1,"href":"https:\/\/mersinkadingazetesi.com\/index.php?rest_route=\/wp\/v2\/posts\/39227\/revisions"}],"predecessor-version":[{"id":39229,"href":"https:\/\/mersinkadingazetesi.com\/index.php?rest_route=\/wp\/v2\/posts\/39227\/revisions\/39229"}],"wp:featuredmedia":[{"embeddable":true,"href":"https:\/\/mersinkadingazetesi.com\/index.php?rest_route=\/wp\/v2\/media\/39228"}],"wp:attachment":[{"href":"https:\/\/mersinkadingazetesi.com\/index.php?rest_route=%2Fwp%2Fv2%2Fmedia&parent=39227"}],"wp:term":[{"taxonomy":"category","embeddable":true,"href":"https:\/\/mersinkadingazetesi.com\/index.php?rest_route=%2Fwp%2Fv2%2Fcategories&post=39227"},{"taxonomy":"post_tag","embeddable":true,"href":"https:\/\/mersinkadingazetesi.com\/index.php?rest_route=%2Fwp%2Fv2%2Ftags&post=39227"}],"curies":[{"name":"wp","href":"https:\/\/api.w.org\/{rel}","templated":true}]}}