{"id":39233,"date":"2025-02-02T10:06:23","date_gmt":"2025-02-02T07:06:23","guid":{"rendered":"https:\/\/mersinkadingazetesi.com\/?p=39233"},"modified":"2025-02-02T10:06:23","modified_gmt":"2025-02-02T07:06:23","slug":"baskan-secer-mezitli-yeni-mahalle-pazar-yerinde-vatandaslarla-bulustu","status":"publish","type":"post","link":"https:\/\/mersinkadingazetesi.com\/?p=39233","title":{"rendered":"BA\u015eKAN SE\u00c7ER, MEZ\u0130TL\u0130 YEN\u0130 MAHALLE PAZAR YER\u0130&#8217;NDE VATANDA\u015eLARLA BULU\u015eTU"},"content":{"rendered":"\n<p>Mersin B\u00fcy\u00fck\u015fehir Belediye Ba\u015fkan\u0131 Vahap Se\u00e7er, Mezitli il\u00e7esinde bulunan Yeni Mahalle Pazar Yeri&#8217;ni ziyaret ederek esnaf ve vatanda\u015flarla bir araya geldi. Ziyaret s\u0131ras\u0131nda Ba\u015fkan Se\u00e7er&#8217;i kar\u015f\u0131lar\u0131nda g\u00f6ren vatanda\u015flar hem hizmetlerden duyduklar\u0131 memnuniyetleri dile getirdiler hem de emekli maa\u015flar\u0131 ve ge\u00e7im s\u0131k\u0131nt\u0131lar\u0131 ba\u015fta olmak \u00fczere ekonomik konulardaki \u015fikayetlerini aktard\u0131lar.<\/p>\n\n\n\n<p>Ba\u015fkan Se\u00e7er&#8217;e g\u00fcven duyduklar\u0131n\u0131 belirten bir vatanda\u015f,&nbsp;<strong>&#8220;Size g\u00fcveniyoruz&#8221;<\/strong>&nbsp;diye seslenirken, ge\u00e7im s\u0131k\u0131nt\u0131s\u0131 ya\u015fad\u0131klar\u0131n\u0131 ve emekli maa\u015f\u0131n\u0131n yetmedi\u011fini ifade eden bir vatanda\u015f ise,&nbsp;<strong>&#8220;Emekli maa\u015f\u0131yla hi\u00e7bir \u015fey alam\u0131yoruz&#8221;<\/strong>&nbsp;dedi. Ba\u015fka bir vatanda\u015f ise&nbsp;<strong>&#8220;Bug\u00fcne kadar hep AK Parti&#8217;ye oy verdim. Mersin&#8217;e geldi\u011fimden beri oyum size. Bundan sonra iktidarda da oyum size&#8221;<\/strong>&nbsp;diyerek Ba\u015fkan Se\u00e7er&#8217;e olan deste\u011fini ifade etti. Esnaf ve vatanda\u015flar\u0131n yo\u011fun ilgisiyle kar\u015f\u0131lanan ve onlar\u0131n taleplerini dinleyerek \u00e7\u00f6z\u00fcm \u00fcretmeye devam edeceklerini belirten Se\u00e7er, \u015fimdiye kadar oldu\u011fu gibi bundan sonra da halk\u0131n yan\u0131nda olmaya devam edeceklerini vurgulad\u0131.<\/p>\n\n\n\n<p><strong>Ba\u015fkan Se\u00e7er: &#8220;Vatanda\u015f al\u0131\u015fveri\u015f etmekte, filesini doldurmakta zorlan\u0131yor&#8221;<\/strong><\/p>\n\n\n\n<p>Pazar ziyaretinin ard\u0131ndan \u00fclke g\u00fcndemine dair de\u011ferlendirmede bulunan Ba\u015fkan Se\u00e7er, T\u00fcrkiye&#8217;nin bir\u00e7ok konuda problemleri oldu\u011funu ancak sorunlar\u0131n birinci s\u0131ras\u0131na hayat pahal\u0131l\u0131\u011f\u0131 ve ge\u00e7im s\u0131k\u0131nt\u0131s\u0131n\u0131, ikinci s\u0131ras\u0131na ise yarat\u0131lan korku iklimini koyabilece\u011fini s\u00f6yledi. Yapt\u0131\u011f\u0131 pazar ziyaretinde vatanda\u015flar\u0131n al\u0131\u015fveri\u015f yap\u0131p sepetini doldurmakta zorland\u0131\u011f\u0131n\u0131 bir kez daha g\u00f6zlemledi\u011fini vurgulayan Se\u00e7er,&nbsp;<strong>&#8220;Mersin \u00fcretici bir b\u00f6lge, tar\u0131m b\u00f6lgesi. Ona ra\u011fmen pazarda fiyatlar el yak\u0131yor. Vatanda\u015f al\u0131\u015fveri\u015f yapmakta, filesini doldurmakta zorlan\u0131yor. Siz var\u0131n \u0130stanbul&#8217;u, Ankara&#8217;y\u0131 b\u00fcy\u00fck metropolleri d\u00fc\u015f\u00fcn\u00fcn. Orada buradaki fiyatlar\u0131n iki kat\u0131 daha fazla fiyatlar var ve oradaki insanlar\u0131n durumunu d\u00fc\u015f\u00fcn\u00fcn. Yani burada zorlan\u0131yorsa insanlar, orada daha peri\u015fan durumdalar&#8221;<\/strong>&nbsp;dedi.<\/p>\n\n\n\n<p><strong>&#8220;Ekonominin \u00e7ivisi \u00e7\u0131kt\u0131, tedavisi sand\u0131k&#8221;<\/strong><\/p>\n\n\n\n<p>\u00dclke olarak \u00e7ok \u00f6nemli bir s\u00fcre\u00e7ten ge\u00e7ildi\u011fine dikkat \u00e7eken Se\u00e7er, 22 y\u0131ll\u0131k yanl\u0131\u015f politikalar\u0131n sonucunda gelinen noktada Hazine&#8217;nin bo\u015fal\u0131p sistemin \u00e7\u00f6kt\u00fc\u011f\u00fcn\u00fc dile getirdi. Se\u00e7er,&nbsp;<strong>&#8220;T\u00fcrkiye&#8217;de ekonominin \u00e7ivisi \u00e7\u0131kt\u0131. Son bir y\u0131ld\u0131r da bu ekonomik k\u00f6t\u00fc gidi\u015fi iyiye \u00e7evirmek i\u00e7in milletin bo\u011faz\u0131n\u0131 s\u0131kt\u0131k\u00e7a s\u0131k\u0131yorlar, nefeslerini kestiler. Bunun tedavisi belli, ilac\u0131 belli. Demokrasilerde b\u00f6yledir. Halk getirir, iktidar\u0131 belirler ama halkta g\u00f6t\u00fcr\u00fcr. E\u011fer \u015fu anda bir ekonomik s\u0131k\u0131nt\u0131 ya\u015fan\u0131yorsa, insanlar ya\u015fam s\u0131k\u0131nt\u0131s\u0131 \u00e7ekiyorsa, di\u011fer taraftan korku iklimi topluma hakim olmu\u015fsa, adalet ve hukuk sorgulan\u0131yorsa, bunun tedavisi sand\u0131k. Bir an \u00f6nce sand\u0131\u011f\u0131n gelmesi. El mi yaman bey mi yaman ortaya \u00e7\u0131ks\u0131n&#8221;<\/strong>&nbsp;diye konu\u015ftu.<\/p>\n\n\n\n<p><strong>&#8220;Vatanda\u015f\u0131m\u0131z bu se\u00e7imde de\u011fi\u015fimden yana oy kullanacak&#8221;<\/strong><\/p>\n\n\n\n<p>Olas\u0131 bir se\u00e7imde halk\u0131n CHP&#8217;nin belirleyece\u011fi Cumhurba\u015fkan\u0131 aday\u0131n\u0131 destekleyece\u011fine inand\u0131\u011f\u0131n\u0131 aktaran Se\u00e7er,&nbsp;<strong>&#8220;Mersin&#8217;den biliyorum; ki her b\u00f6lgesini her soka\u011f\u0131n\u0131 bilen, vatanda\u015fla i\u00e7 i\u00e7e olan bir Ba\u015fkan h\u00fcviyeti ile bunu s\u00f6yl\u00fcyorum; az \u00f6nce bir vatanda\u015f\u0131m\u0131z&nbsp;<em>&#8216;Bug\u00fcne kadar AKP oy verdim&#8217;<\/em>&nbsp;diyor ama illallah etmi\u015f, art\u0131k bir de\u011fi\u015fim ihtiyac\u0131ndan bahsediyor. Vatanda\u015f\u0131m\u0131z bu se\u00e7imde de\u011fi\u015fimden yana oy kullanacak, yeni bir Cumhurba\u015fkan\u0131yla devam etmek isteyecek. Yeni bir parti ile yeni bir programla devam etmek isteyecek. Bundan eminim&#8221;<\/strong>&nbsp;ifadelerini kulland\u0131.<\/p>\n\n\n\n<p><strong>&#8220;Vatanda\u015flar\u0131m\u0131za hizmet ediyoruz, adalet da\u011f\u0131t\u0131yoruz, adaletli hizmet yap\u0131yoruz&#8221;<\/strong><\/p>\n\n\n\n<p>\u0130ktidar\u0131n CHP&#8217;ye y\u00f6nelik itibars\u0131zla\u015ft\u0131rma, y\u0131ld\u0131rma hareketlerinin durmak bilmeden devam edece\u011finin \u00e7ok net olarak g\u00f6r\u00fcld\u00fc\u011f\u00fcn\u00fc s\u00f6yleyen Se\u00e7er,&nbsp;<strong>&#8220;Biz de belediye ba\u015fkanlar\u0131 olarak bunun bilincindeyiz. Bizim tek endi\u015femiz hukuksuz uygulamalar. T\u00fcrkiye&#8217;de bir hukuk devletinden s\u00f6z edebilirsek,&nbsp;<em>&#8216;Adalet var&#8217;<\/em>,&nbsp;<em>&#8216;Yarg\u0131 ba\u011f\u0131ms\u0131z ve tarafs\u0131z&#8217;<\/em>&nbsp;diyebilmemiz i\u00e7in, hi\u00e7 korkumuz olmamas\u0131 gerekir. Ama i\u015fte bu kavramlar\u0131n alt\u0131 bo\u015falt\u0131ld\u0131\u011f\u0131 i\u00e7in bu anlamda korkumuz var ama kendimizden yana bir korkumuz yok. Biz yasalar \u00e7er\u00e7evesinde, b\u0131rak\u0131n yasay\u0131, vicdan\u0131m\u0131z \u00e7er\u00e7evesinde vatanda\u015flar\u0131m\u0131za hizmet ediyoruz, adalet da\u011f\u0131t\u0131yoruz, adaletli hizmet yap\u0131yoruz. Herkesi kucakl\u0131yoruz, kimseyi ay\u0131rm\u0131yoruz&#8221;<\/strong>&nbsp;dedi.<\/p>\n\n\n\n<p><strong>&#8220;Yar\u0131nlar bug\u00fcnlerden \u00e7ok daha g\u00fczel olacak. Bundan hi\u00e7bir endi\u015fem yok&#8221;<\/strong><\/p>\n\n\n\n<p>Mersin B\u00fcy\u00fck\u015fehir Belediye Ba\u015fkan\u0131 olarak 31 Mart 2024 se\u00e7imlerinde her 5 Mersinliden 3&#8217;\u00fcn\u00fcn oyunu alm\u0131\u015f olmas\u0131n\u0131n kentte sa\u011flanan konsens\u00fcs\u00fcn bir yans\u0131mas\u0131 oldu\u011funu dile getiren Se\u00e7er, CHP taraf\u0131ndan yak\u0131n zamanda yap\u0131lan anketlerde de bu oy oran\u0131n\u0131n&nbsp;<strong><em>&#8216;Her 4 ki\u015fiden 3&#8217;\u00fcn\u00fcn oy verece\u011fi&#8217;<\/em><\/strong>&nbsp;\u015feklinde y\u00fckseli\u015f y\u00f6n\u00fcnde sonu\u00e7land\u0131\u011f\u0131n\u0131 s\u00f6yledi. Bu sonu\u00e7lar\u0131n halk\u0131n memnuniyetinin en iyi g\u00f6stergesi oldu\u011funun alt\u0131n\u0131 \u00e7izen Se\u00e7er \u015funlar\u0131 kaydetti:<\/p>\n\n\n\n<p><strong>&#8220;Demek ki iyi i\u015fler yap\u0131yoruz. \u0130nsanlar bizi seviyor, bize g\u00fcveniyor. Hizmetlerimizden memnun, kendini Mersin&#8217;de huzurlu hissediyor. Mersin&#8217;de her renk var. T\u00fcrkiye&#8217;nin her yerinden gelmi\u015f insanlar burada ya\u015f\u0131yor. Her \u015feyden \u00f6nce b\u00f6yle bir kente ya\u015fam\u0131\u015f olmaktan mutluluk duyuyorum. B\u00f6yle hem\u015fehrilerim var diye ger\u00e7ekten \u00e7ok gururluyum ve burada Belediye Ba\u015fkanl\u0131\u011f\u0131 yapt\u0131\u011f\u0131m i\u00e7in de son derece mutluyum. \u00c7al\u0131\u015f\u0131yoruz, \u00e7al\u0131\u015faca\u011f\u0131z, emek edece\u011fiz. Milletimiz yan\u0131m\u0131zda. Yar\u0131nlar bug\u00fcnlerden \u00e7ok daha g\u00fczel olacak. Bundan hi\u00e7bir endi\u015fem yok.&#8221;<\/strong><strong><\/strong><\/p>\n\n\n\n<p>Ziyarette Ba\u015fkan Se\u00e7er&#8217;e CHP Mezitli \u0130l\u00e7e Ba\u015fkan\u0131 Ula\u015f Y\u0131lmaz, Pazarc\u0131lar Esnaf Odas\u0131 Ba\u015fkan\u0131 Abdulhalim Batur, Mahalle Muhtar\u0131 Hatice Yozgat, Meclis \u00fcyeleri, Mersin B\u00fcy\u00fck\u015fehir Belediyesi ve MESK\u0130 b\u00fcrokratlar\u0131 e\u015flik ederken, g\u00f6revliler taraf\u0131ndan pazarda bulunan \u00e7ocuklara oyuncak, vatanda\u015flara ise pazar \u00e7antas\u0131 hediye edildi.<\/p>\n","protected":false},"excerpt":{"rendered":"<p>Mersin B\u00fcy\u00fck\u015fehir Belediye Ba\u015fkan\u0131 Vahap Se\u00e7er, Mezitli il\u00e7esinde bulunan Yeni Mahalle Pazar Yeri&#8217;ni ziyaret ederek esnaf ve vatanda\u015flarla bir araya geldi. Ziyaret s\u0131ras\u0131nda Ba\u015fkan Se\u00e7er&#8217;i kar\u015f\u0131lar\u0131nda g\u00f6ren vatanda\u015flar hem hizmetlerden duyduklar\u0131 memnuniyetleri dile getirdiler hem de emekli maa\u015flar\u0131 ve ge\u00e7im s\u0131k\u0131nt\u0131lar\u0131 ba\u015fta olmak \u00fczere ekonomik konulardaki \u015fikayetlerini aktard\u0131lar. Ba\u015fkan Se\u00e7er&#8217;e g\u00fcven duyduklar\u0131n\u0131 belirten bir vatanda\u015f,&nbsp;&#8220;Size [&hellip;]<\/p>\n","protected":false},"author":2,"featured_media":39234,"comment_status":"closed","ping_status":"closed","sticky":false,"template":"","format":"standard","meta":{"footnotes":""},"categories":[8,34,2,3,5],"tags":[],"class_list":["post-39233","post","type-post","status-publish","format-standard","has-post-thumbnail","hentry","category-ekonomi","category-flas-haber","category-gundem","category-manset","category-mersin"],"views":11,"_links":{"self":[{"href":"https:\/\/mersinkadingazetesi.com\/index.php?rest_route=\/wp\/v2\/posts\/39233"}],"collection":[{"href":"https:\/\/mersinkadingazetesi.com\/index.php?rest_route=\/wp\/v2\/posts"}],"about":[{"href":"https:\/\/mersinkadingazetesi.com\/index.php?rest_route=\/wp\/v2\/types\/post"}],"author":[{"embeddable":true,"href":"https:\/\/mersinkadingazetesi.com\/index.php?rest_route=\/wp\/v2\/users\/2"}],"replies":[{"embeddable":true,"href":"https:\/\/mersinkadingazetesi.com\/index.php?rest_route=%2Fwp%2Fv2%2Fcomments&post=39233"}],"version-history":[{"count":1,"href":"https:\/\/mersinkadingazetesi.com\/index.php?rest_route=\/wp\/v2\/posts\/39233\/revisions"}],"predecessor-version":[{"id":39235,"href":"https:\/\/mersinkadingazetesi.com\/index.php?rest_route=\/wp\/v2\/posts\/39233\/revisions\/39235"}],"wp:featuredmedia":[{"embeddable":true,"href":"https:\/\/mersinkadingazetesi.com\/index.php?rest_route=\/wp\/v2\/media\/39234"}],"wp:attachment":[{"href":"https:\/\/mersinkadingazetesi.com\/index.php?rest_route=%2Fwp%2Fv2%2Fmedia&parent=39233"}],"wp:term":[{"taxonomy":"category","embeddable":true,"href":"https:\/\/mersinkadingazetesi.com\/index.php?rest_route=%2Fwp%2Fv2%2Fcategories&post=39233"},{"taxonomy":"post_tag","embeddable":true,"href":"https:\/\/mersinkadingazetesi.com\/index.php?rest_route=%2Fwp%2Fv2%2Ftags&post=39233"}],"curies":[{"name":"wp","href":"https:\/\/api.w.org\/{rel}","templated":true}]}}