{"id":39236,"date":"2025-02-02T10:07:56","date_gmt":"2025-02-02T07:07:56","guid":{"rendered":"https:\/\/mersinkadingazetesi.com\/?p=39236"},"modified":"2025-02-02T10:07:57","modified_gmt":"2025-02-02T07:07:57","slug":"mersin-buyuksehirin-vatandas-nezdinde-memnuniyet-orani-yuzde-75","status":"publish","type":"post","link":"https:\/\/mersinkadingazetesi.com\/?p=39236","title":{"rendered":"&#8220;MERS\u0130N B\u00dcY\u00dcK\u015eEH\u0130R&#8217;\u0130N VATANDA\u015e NEZD\u0130NDE MEMNUN\u0130YET ORANI Y\u00dcZDE 75&#8221;"},"content":{"rendered":"\n<p>Mersin B\u00fcy\u00fck\u015fehir Belediye Ba\u015fkan\u0131 Vahap Se\u00e7er, Cumhuriyet Halk Partisi (CHP) Mersin \u0130l Gen\u00e7lik Kollar\u0131 taraf\u0131ndan d\u00fczenlenen;<strong><em>&nbsp;&#8216;Gen\u00e7li\u011fin Politika Galerisi 2 E\u011fitimi&#8217;&nbsp;<\/em><\/strong><em>program\u0131na<\/em>&nbsp;kat\u0131ld\u0131. Mersin&#8217;in 13 il\u00e7esinden gen\u00e7lerin kat\u0131ld\u0131\u011f\u0131 e\u011fitim program\u0131nda, gen\u00e7lerin siyasi bilincini art\u0131rmay\u0131 ve \u00f6rg\u00fctlenme s\u00fcre\u00e7lerine dair bilgi edinmeleri ama\u00e7lad\u0131.<\/p>\n\n\n\n<p>Mersin B\u00fcy\u00fck\u015fehir Belediyesi Kongre ve Sergi Saray\u0131 Meclis Salonu&#8217;nda ger\u00e7ekle\u015ftirilen programda partili gen\u00e7lere hitap eden ve konu\u015fmas\u0131na T\u00fcrkiye&#8217;de hangi siyasi g\u00f6r\u00fc\u015fe sahip olursa olsun t\u00fcm gen\u00e7lerin ciddi sorunlarla m\u00fccadele etti\u011fi bir d\u00f6nemden ge\u00e7ti\u011fini belirterek ba\u015flayan Ba\u015fkan Se\u00e7er, T\u00fcrkiye&#8217;de, bir \u00fcniversiteden mezun olman\u0131n veya ailesinin maddi durumlar\u0131n\u0131n iyi olmas\u0131n\u0131n, o gencin mutlu bir birey olarak ya\u015famas\u0131na yeterli olmad\u0131\u011f\u0131n\u0131 s\u00f6yledi.<\/p>\n\n\n\n<p><strong>Ba\u015fkan Se\u00e7er: &#8220;Dersimizi iyi \u00e7al\u0131\u015ft\u0131\u011f\u0131m\u0131z i\u00e7in 2024 y\u0131l\u0131nda b\u00fct\u00fcn duvarlar\u0131 y\u0131kt\u0131k&#8221;<\/strong><\/p>\n\n\n\n<p>Baz\u0131 an\u0131 ve m\u00fccadelelerini gen\u00e7lerle payla\u015fan Se\u00e7er, siyasette \u00f6nemli olan\u0131n ki\u015fiyi her zaman dinamik tutacak hedefleri olmas\u0131 gerekli\u011fini oldu\u011funu dile getirdi. 2019 yerel se\u00e7imlerinden 15 ay \u00f6nce \u00e7al\u0131\u015fmalara ba\u015flayarak Mersin&#8217;e hizmet etmek i\u00e7in yola \u00e7\u0131kt\u0131\u011f\u0131n\u0131 hat\u0131rlatan Se\u00e7er,&nbsp;<strong>&#8220;2019 y\u0131l\u0131nda g\u00f6reve geldi\u011fimizde dersimizi iyi \u00e7al\u0131\u015ft\u0131\u011f\u0131m\u0131z i\u00e7in 2024 y\u0131l\u0131nda art\u0131k b\u00fct\u00fcn duvarlar\u0131 y\u0131karak, kap\u0131lar\u0131 k\u0131rarak sa\u011fc\u0131s\u0131, solcusu, liberali, K\u00fcrt milliyet\u00e7isi, T\u00fcrk milliyet\u00e7isi, b\u00fct\u00fcn siyasi geleneklere mensup, Mersin&#8217;de ya\u015fayan hem\u015ferilerimizin CHP&#8217;nin \u015ferefli, onurlu alt\u0131 okunun alt\u0131na&nbsp;<em>&#8216;Evet&#8217;<\/em>&nbsp;m\u00fchr\u00fcn\u00fc vurdurduk. Bu \u00e7al\u0131\u015fmakla, insanlar\u0131 kucaklamakla olur&#8221;<\/strong>&nbsp;dedi.<\/p>\n\n\n\n<p><strong>&#8220;\u00c7al\u0131\u015fan mutlaka kazanacakt\u0131r, biz de \u00e7al\u0131\u015farak kazanaca\u011f\u0131z&#8221;<\/strong><\/p>\n\n\n\n<p>\u00c7al\u0131\u015fmadan hi\u00e7bir ba\u015far\u0131n\u0131n elde edilemeyece\u011fine dikkat \u00e7eken Se\u00e7er,&nbsp;<strong>&#8220;\u00c7al\u0131\u015fan mutlaka kazanacakt\u0131r, biz de \u00e7al\u0131\u015farak kazanaca\u011f\u0131z. Hepimiz iktidara susam\u0131\u015f\u0131z de\u011fil mi? Ayaklar\u0131m\u0131z yere bass\u0131n ama bir \u015feyi de ka\u00e7\u0131rmamak laz\u0131m; CHP tarihinde, T\u00fcrkiye Cumhuriyeti&#8217;nin siyasi tarihinde ilk kez CHP yerel y\u00f6netimlerde bu kadar etkili bir sonu\u00e7 ald\u0131. Etkili sonu\u00e7 ald\u0131\u011f\u0131yla da yetinmedi bu kadar etkin belediye ba\u015fkanlar\u0131 yaratt\u0131. Cumhuriyet Halk Partisi bunu ba\u015fard\u0131. Bu belediye ba\u015fkanlar\u0131, CHP kimli\u011fi ile halk\u0131n kar\u015f\u0131s\u0131na \u00e7\u0131k\u0131yor&#8221;<\/strong>&nbsp;diye konu\u015ftu.<\/p>\n\n\n\n<p><strong>&nbsp;&#8220;CHP b\u00fcy\u00fck bir okuldur&#8221;<\/strong><\/p>\n\n\n\n<p>CHP&#8217;li Belediye Ba\u015fkanlar\u0131n\u0131n T\u00fcrkiye&#8217;yi y\u00f6netmeye namzet insanlar olduklar\u0131na de\u011finen Se\u00e7er,&nbsp;<strong>T\u00fcrkiye&#8217;de demokrasinin, kurum ve kurallar\u0131yla i\u015flemedi\u011fi i\u00e7in insanlar\u0131n \u00f6zg\u00fcrce siyaset yapamad\u0131\u011f\u0131n\u0131 ve d\u00fc\u015f\u00fcncelerini \u00f6zg\u00fcrce ifade edemedi\u011fini vurgulad\u0131. Se\u00e7er, &#8220;Kendinizi halka ifade edemezseniz, bir tarafta \u00f6n\u00fcn\u00fczde bir engel g\u00f6r\u00fcrseniz, sizin kabiliyetinizin sizin bilincinizin ortaya \u00e7\u0131kmas\u0131 m\u00fcmk\u00fcn de\u011fildir&#8221;<\/strong>&nbsp;dedi. CHP&#8217;nin b\u00fcy\u00fck bir okul oldu\u011funu vurgulayan Se\u00e7er,&nbsp;<strong>&#8220;Kadrolar\u0131m\u0131z son derece birikimli, liyakatli. Bu \u00fclkenin y\u00f6netim \u015fans\u0131n\u0131 elde etti\u011fimiz an g\u00f6receksiniz. Nas\u0131l belediyelerde bunu g\u00f6sterdiysek; T\u00fcrkiye&#8217;yi y\u00f6netirken de, CHP&#8217;den \u00e7ok de\u011ferli, her alanda yetkin, bu \u00fclkeyi seven, insanl\u0131k ad\u0131na \u00e7al\u0131\u015fma duygusu ta\u015f\u0131yan, vicdan\u0131, insaf\u0131, adalet duygusu, millet, vatan sevgisi olan \u00e7ok say\u0131da y\u00f6neticinin, bakan\u0131n oldu\u011funu hep beraber g\u00f6rece\u011fiz&#8221;<\/strong>&nbsp;diye konu\u015ftu.<\/p>\n\n\n\n<p><strong>&#8220;<em>&#8216;T\u00fcrkiye&#8217;de demokrasi b\u00fcy\u00fcs\u00fcn, geli\u015fsin&#8217;<\/em>&nbsp;diye biz cumhuriyeti kurduk&#8221;<\/strong><\/p>\n\n\n\n<p>T\u00fcrkiye&#8217;de 2019 y\u0131l\u0131ndan sonra de\u011fi\u015fim oldu\u011funa de\u011finen Se\u00e7er,&nbsp;<strong>&#8220;K\u00f6yl\u00fcn\u00fcn yolunu yapacaks\u0131n\u0131z, tar\u0131mc\u0131ya destek vereceksiniz, ya\u015f alm\u0131\u015f yurtta\u015f\u0131n\u0131z\u0131 sahipleneceksiniz, vizyon projeleri ortaya koyacaks\u0131n\u0131z, kentin altyap\u0131, \u00fcst yap\u0131 sorunu \u00e7\u00f6zeceksiniz. Her \u015feyden \u00f6te Mersin gibi bir metropolde ya\u015f\u0131yorsan\u0131z; sosyolojisi T\u00fcrkiye sosyolojisi gibi ise kenti bir araya getireceksiniz. K\u00fcsleri bar\u0131\u015ft\u0131racaks\u0131n\u0131z, herkesin y\u00fcz\u00fcn\u00fc g\u00fcld\u00fcreceksiniz&#8221;<\/strong>&nbsp;diyerek, kimsenin kendini \u00f6teki hissetmemesi i\u00e7in \u00e7al\u0131\u015ft\u0131klar\u0131n\u0131 ifade etti. Hizmetlerini yaparken ayn\u0131 zamanda CHP&#8217;li kimli\u011fini de gururla her yerde s\u00f6yledi\u011fini aktaran Se\u00e7er,&nbsp;<strong>&#8220;Biz Cumhuriyeti kuran partiyiz, Cumhuriyeti sadece CHP&#8217;ye \u00fcye olanlar i\u00e7in mi kurduk? \u00dcye olmayanlar i\u00e7in, kar\u015f\u0131s\u0131nda duranlar i\u00e7in, hatta hi\u00e7 be\u011fenmeyenler i\u00e7in, bizim i\u00e7in a\u011fza gelinmeyecek s\u00f6zleri s\u00f6yleyenler i\u00e7in de kurduk. Bu \u00fclkede demokrasinin kilometre ta\u015flar\u0131n\u0131 d\u00f6\u015ferken i\u015fte bizim gibi d\u00fc\u015f\u00fcnmeyenler de konu\u015fsun diye.&nbsp;<em>&#8216;T\u00fcrkiye&#8217;de demokrasi b\u00fcy\u00fcs\u00fcn, geli\u015fsin&#8217;<\/em>&nbsp;diye biz cumhuriyeti kurduk. Bu nedenle herkesi kucaklayaca\u011f\u0131z. Ama partimizle de her zaman \u00f6v\u00fcn\u00e7 duyaca\u011f\u0131z&#8221;<\/strong>&nbsp;dedi.<\/p>\n\n\n\n<p><strong>&#8220;Mersin B\u00fcy\u00fck\u015fehir&#8217;in vatanda\u015f nezdinde memnuniyet oran\u0131 y\u00fczde 75&#8221;<\/strong><\/p>\n\n\n\n<p>CHP Genel Ba\u015fkan\u0131 \u00d6zg\u00fcr \u00d6zel&#8217;in Mersin&#8217;e geldi\u011finde s\u00f6yledi\u011fi&nbsp;<strong><em>&#8216;Biz T\u00fcrkiye&#8217;yi Mersin gibi yapaca\u011f\u0131z. Nas\u0131l Mersin&#8217;i g\u00fcld\u00fcrd\u00fcysek T\u00fcrkiye&#8217;yi de g\u00fcld\u00fcrece\u011fiz&#8217;<\/em><\/strong>&nbsp;s\u00f6zlerini hat\u0131rlatan Se\u00e7er,&nbsp;<strong>&#8220;\u0130ktidara giden yol, belediyelerin \u00f6n\u00fcnden ge\u00e7iyor. Belediyeler varsa, belediyelerde ba\u015far\u0131 varsa iktidar var. T\u00fcrkiye&#8217;de belediyelerimizden vatanda\u015f\u0131n ortalama memnuniyet oran\u0131 y\u00fczde 58. Ne mutlu ki; Mersin B\u00fcy\u00fck\u015fehir Belediyesi olarak y\u00fczde 75 belediye memnuniyetiyle bu y\u00fcksek ortalamaya \u00f6nemli katk\u0131 yapm\u0131\u015f\u0131z. Demek ki vatanda\u015f \u00e7al\u0131\u015fan\u0131, iyi hizmeti ve vatanda\u015fa dokunmay\u0131 g\u00f6r\u00fcyor&#8221;<\/strong>&nbsp;diye konu\u015ftu.<\/p>\n\n\n\n<p>Se\u00e7er, yap\u0131lan kamuoyu ara\u015ft\u0131rmalar\u0131nda yap\u0131lacak bir genel se\u00e7imde Mersin&#8217;de CHP&#8217;ye verilecek oyun y\u00fczde 30&#8217;lardan 40&#8217;lara \u00e7\u0131kt\u0131\u011f\u0131n\u0131 da belirterek,&nbsp;<strong>&#8220;Demek ki gitti\u011fimiz yol do\u011fru bir yol. Bunu daha da tahkim edece\u011fiz, daha da \u0131srarl\u0131 yapaca\u011f\u0131z. Yapt\u0131\u011f\u0131m\u0131z i\u015f, ileti\u015fim, \u00e7al\u0131\u015fmam\u0131z, halkla ili\u015fkilerimiz do\u011fru. \u0130nanc\u0131m\u0131z, a\u015fk\u0131m\u0131z, bilgimiz, enerjimiz ve birbirimize sevgimiz var. Ba\u015faramayacak hi\u00e7bir konu, a\u015famayaca\u011f\u0131m\u0131z hi\u00e7bir engel yok. Moralinizi y\u00fcksek tutun, benim sizlerden istedi\u011fim bu. Moral, ba\u015farman\u0131n yar\u0131s\u0131d\u0131r&#8221;&nbsp;<\/strong>s\u00f6zlerine yer verdi.<\/p>\n\n\n\n<p><strong>&#8220;Cumhurba\u015fkanl\u0131\u011f\u0131 adayl\u0131\u011f\u0131 tart\u0131\u015fmas\u0131 ger\u00e7ek g\u00fcndemin \u00f6n\u00fcne ge\u00e7memeli&#8221;<\/strong><\/p>\n\n\n\n<p>Konu\u015fmas\u0131nda CHP&#8217;nin Cumhurba\u015fkan\u0131 aday\u0131 tart\u0131\u015fmalar\u0131na dair de\u011ferlendirmelerde de bulunan Se\u00e7er, bu tart\u0131\u015fmalar\u0131n ger\u00e7ek g\u00fcndemin \u00f6n\u00fcne ge\u00e7memesi gerekti\u011finin alt\u0131n\u0131 \u00e7izdi. CHP mensubu herkesin partide her yere aday olma hakk\u0131na sahip oldu\u011funu ancak aday belirleme s\u00fcrecinin \u00e7ok dikkatli y\u00fcr\u00fct\u00fclmesi gerekti\u011finin alt\u0131n\u0131 \u00e7izen Se\u00e7er,&nbsp;<strong>&#8220;Mutlaka tart\u0131\u015fmalar olacak. \u015eu tuza\u011fa d\u00fc\u015fmemek laz\u0131m, bunu \u00f6nemle s\u00f6yl\u00fcyorum. Cumhurba\u015fkanl\u0131\u011f\u0131 adayl\u0131\u011f\u0131 tart\u0131\u015fmas\u0131 ger\u00e7ek g\u00fcndemin \u00f6n\u00fcne ge\u00e7memeli, ger\u00e7ek g\u00fcndemi \u00f6rtmemeli. Buradan Cumhuriyeti Halk Partili bir belediye ba\u015fkan\u0131 olarak sesleniyorum. Bir\u00e7ok se\u00e7im ya\u015fam\u0131\u015f, se\u00e7im kazanm\u0131\u015f, se\u00e7imlerde g\u00f6rev alm\u0131\u015f bir ba\u015fkan olarak ba\u015fkan\u0131n\u0131z olarak sesleniyorum. Cumhurba\u015fkanl\u0131\u011f\u0131 s\u00fcreci parti i\u00e7erisinde komplikasyonlara sebep vermemeli. Bizi birbirimizden ay\u0131rmamal\u0131. Buna azami \u00f6zen g\u00f6stermemiz laz\u0131m. Mutlaka herkes bu partide her yere aday olma hakk\u0131na sahiptir. Ama bu yolda y\u00fcr\u00fcrken bu s\u00fcrecin, Cumhurba\u015fkanl\u0131\u011f\u0131 aday\u0131m\u0131z\u0131 belirleme s\u00fcrecinin de \u00e7ok dikkatli y\u00fcr\u00fct\u00fclmesi gerekti\u011fini s\u00f6yl\u00fcyorum. Bu uyar\u0131y\u0131 dikkatle, \u00f6nemle yap\u0131yorum, alt\u0131n\u0131 \u00e7izerek yap\u0131yorum. Zaten g\u00f6r\u00fc\u015flerimi Say\u0131n Genel Ba\u015fkan\u0131m\u0131zdan bu konuda g\u00f6r\u00fc\u015f\u00fclmesi gereken t\u00fcm akt\u00f6rlere kadar herkesle payla\u015f\u0131yoruz. Kamuoyuyla payla\u015faca\u011f\u0131m\u0131z g\u00f6r\u00fc\u015flerimiz vard\u0131r, buraya dikkatinizi \u00e7ekmek isterim, payla\u015fmayaca\u011f\u0131m\u0131z g\u00f6r\u00fc\u015flerimiz vard\u0131r. Bunu neden yapar\u0131z? Partimizin selameti, partimizin menfaatine mi de\u011fil mi onu d\u00fc\u015f\u00fcnerek bunu yapar\u0131z. Benim de kastetmek istedi\u011fim bu&#8221;&nbsp;<\/strong>dedi.<\/p>\n\n\n\n<p><strong>&#8220;T\u00fcrkiye&#8217;de iki g\u00fcndem var; biri yoksulluk ve hayat pahal\u0131l\u0131\u011f\u0131. \u0130kincisi korku iklimi&#8221;<\/strong><\/p>\n\n\n\n<p>T\u00fcrkiye&#8217;nin iki farkl\u0131 g\u00fcndemi oldu\u011funu, bunlardan birisinin yoksulluk ve hayat pahal\u0131l\u0131\u011f\u0131 di\u011ferinin ise korku oldu\u011funu kaydeden Se\u00e7er,&nbsp;<strong>&#8220;\u0130nsanlar,&nbsp;<em>&#8216;Hangi siyasiye, hangi belediye ba\u015fkan\u0131m\u0131za bir operasyon yap\u0131lacak&#8217;<\/em>&nbsp;endi\u015fesiyle ya\u015f\u0131yor. T\u00fcrkiye&#8217;de iki g\u00fcndem var; bir tanesi yoksulluk, hayat pahal\u0131l\u0131\u011f\u0131. \u0130kincisi korku iklimi. Korku bulutu sarm\u0131\u015f \u00fclkenin \u00fcst\u00fcne. \u0130nsanlar bu iki \u015feyden s\u00f6z ediyor. Birebir oturdu\u011funuz zaman hayat pahal\u0131\u011f\u0131ndan, yoksulluktan, \u00e7ocuklar\u0131n\u0131n i\u015fsizli\u011finden, ge\u00e7im s\u0131k\u0131nt\u0131s\u0131ndan, ondan bahsediyor. Bir de paranoya oldu toplum, iki ki\u015fi konu\u015furken birbirine f\u0131s\u0131lt\u0131yla konu\u015fuyor.&nbsp;<em>&#8216;\u00dc\u00e7\u00fcnc\u00fc bir \u015fah\u0131s duymas\u0131n, ne olur, ne olmaz, bizi de g\u00f6zalt\u0131na al\u0131rlar. Uydurma sebeplerle gizli tan\u0131klarla cezaevine g\u00f6nderirler&#8217;<\/em>. T\u00fcrkiye&#8217;de ya\u015fanan iki temel konu budur&#8221;<\/strong>&nbsp;diye konu\u015ftu.<\/p>\n\n\n\n<p><strong>&#8220;Bize birlik beraberlik kazand\u0131racak&#8221;<\/strong><\/p>\n\n\n\n<p>Cumhuriyet Halk Partisi&#8217;nin bu iki temel konu \u00fczerinde yo\u011funla\u015fmas\u0131 gerekti\u011fini dile getiren ve ger\u00e7ekle\u015ftirdi\u011fi Pazar ziyaretlerinin ana hedefinin bunlar oldu\u011funu aktaran Se\u00e7er, &#8220;<strong>Halk\u0131n aras\u0131nda olmak, onlar\u0131n g\u00fcnl\u00fck ya\u015fama ili\u015fkin dertlerini dinlemek, bizim g\u00fcndemimiz bu. Onlara \u00e7\u00f6z\u00fcm \u00fcretmek, onlar\u0131 dile getirmek. \u0130ktidara geldi\u011fimizde somut siyasetimizi ortaya koymak. Cumhuriyet Halk Partisi iktidar olacaksa bu \u015fekilde olacak ve bunlar\u0131 yap\u0131yoruz. Ne mutlu ki belediyelerimiz var. Ne mutlu ki birbirinden ba\u015far\u0131l\u0131 belediye ba\u015fkanlar\u0131m\u0131z var, milletvekillerimiz var. Say\u0131n Genel Ba\u015fkan\u0131m\u0131z\u0131n elbette ki \u00f6nderli\u011finde, \u00e7\u00fcnk\u00fc gemiyi kaptan idare eder. Risk y\u00f6netimi ona aittir. F\u0131rt\u0131na \u00e7\u0131kt\u0131, boran oldu, deniz dingin, y\u00f6n\u00fcn\u00fc \u015feklini, y\u00f6netim \u015feklini partimizin Say\u0131n Genel Ba\u015fkan\u0131 belirleyecek. Biz de bu s\u00fcre\u00e7te bu \u00f6nemli netameli s\u00fcre\u00e7te harfiyen parti disiplinini \u00f6n plana alarak bu s\u00fcreci hep beraber g\u00f6t\u00fcrece\u011fiz. Bizi birlik beraberlik kazand\u0131racak, bunun vurgusunu bir kez daha yapmak istiyorum&#8221;<\/strong>&nbsp;ifadelerini kulland\u0131.<\/p>\n\n\n\n<p><strong>&#8220;Yolumuz bellidir. Mustafa Kemal&#8217;in yoludur&#8221;<\/strong><\/p>\n\n\n\n<p>Konu\u015fmas\u0131n\u0131n sonunda gen\u00e7lere olan inanc\u0131 ve umudunu yineleyen Se\u00e7er \u015funlar\u0131 kaydetti:<\/p>\n\n\n\n<p><strong>&#8220;Ben umutluyum, ben sizlerden umutluyum. Sizlere g\u00fcveniyorum ve inan\u0131yorum. Herkes sizlere g\u00fcveniyor, inan\u0131yor. T\u00fcm toplum, Atat\u00fcrk&#8217;te gen\u00e7lere inand\u0131, g\u00fcvendi. Sizlere g\u00fcveniyoruz. \u0130stikbalimiz sizlerde, gelece\u011fimiz sizlersiniz. Sizleri \u00e7ok seviyor ve \u00f6nemsiyoruz. Sizlerin t\u0131rna\u011f\u0131n\u0131za ta\u015f de\u011fmemesi i\u00e7in dua ediyoruz. Sizlerin her zaman yan\u0131nda oluyoruz. Sizler mutlu olun, \u00fclkemizi ve milletimizi sevin, vatan\u0131m\u0131z ve milletimiz i\u00e7in \u00e7al\u0131\u015f\u0131n ama genel anlamda insanl\u0131k i\u00e7in \u00e7al\u0131\u015fal\u0131m. Bize yara\u015fan budur. Yolumuz bellidir. Mustafa Kemal&#8217;in yoludur. Azmimiz, iste\u011fimiz t\u0131pk\u0131 Mustafa Kemal ve silah arkada\u015flar\u0131n\u0131n Ulusal Kurtulu\u015f m\u00fccadelesindeki azmidir, birli\u011fidir, beraberli\u011fidir. Ayn\u0131 \u015fekilde, ayn\u0131 azimle, birlik beraberlik i\u00e7erisinde \u00e7al\u0131\u015fmaya devam edece\u011fiz. Yar\u0131nlar bizimdir, hepinizi seviyorum.&#8221;<\/strong><strong><\/strong><\/p>\n\n\n\n<p><strong>Koral \u00d6m\u00fcr: &#8220;T<\/strong><strong>\u00fcm halk\u0131m\u0131za, iktidardan umudunu kaybetmi\u015f herkese borcumuz var. Bu borcu yerine getirmeliyiz.&#8221;<\/strong><\/p>\n\n\n\n<p>Mevcut iktidar\u0131n ekonomik beceriksizliklerini, liyakatsiz y\u00f6netimini ve T\u00fcrkiye&#8217;yi getirdi\u011fi hali \u00f6rtbas etmek i\u00e7in yapt\u0131\u011f\u0131 uygulamalar\u0131 en \u00e7ok gen\u00e7lerin hissetti\u011fini s\u00f6yleyen CHP Mersin \u0130l Ba\u015fkan\u0131 Koral \u00d6m\u00fcr ise \u00fclkenin umudunun yine gen\u00e7lerde oldu\u011funu s\u00f6yledi. \u00d6m\u00fcr,&nbsp;<strong>&#8220;Biz her \u015feye, korku iklimine ve umutsuzlu\u011fa kap\u0131lmam\u0131z\u0131 isteyenlere ra\u011fmen inatla ve \u0131srarla bu \u00e7al\u0131\u015fmalar\u0131, bu birlikteli\u011fi, bu kayna\u015fmay\u0131 ve iktidara y\u00fcr\u00fcyen parti gibi davranmay\u0131 devam ettirmeliyiz. \u00c7\u00fcnk\u00fc biz T\u00fcrkiye&#8217;nin birinci partisiyiz. 31 Mart, 2024 se\u00e7imlerinde halk\u0131n bize verdi\u011fi mesaj \u015fudur;&nbsp;<em>&#8216;Umudumuz, sizdedir. \u0130ktidardan umudu kestik&#8217;<\/em>&nbsp;ve biz bu sorumlulu\u011fa g\u00f6re davranmal\u0131y\u0131z. Bizim gen\u00e7lere, emeklilere, ba\u015fta olmak \u00fczere t\u00fcm halk\u0131m\u0131za, iktidardan umudunu kaybetmi\u015f herkese borcumuz var. Bu borcu yerine getirmeliyiz. Art\u0131k T\u00fcrkiye&#8217;nin ihtiyac\u0131 olan Atat\u00fcrk&#8217;\u00fcn partisi, CHP&#8217;yi iktidar yapmal\u0131 ve CHP&#8217;li bir Cumhurba\u015fkan\u0131n\u0131 \u00c7ankaya K\u00f6\u015fk\u00fc&#8217;ne \u00e7\u0131karmal\u0131y\u0131z&#8221;<\/strong>&nbsp;diye konu\u015ftu.<\/p>\n","protected":false},"excerpt":{"rendered":"<p>Mersin B\u00fcy\u00fck\u015fehir Belediye Ba\u015fkan\u0131 Vahap Se\u00e7er, Cumhuriyet Halk Partisi (CHP) Mersin \u0130l Gen\u00e7lik Kollar\u0131 taraf\u0131ndan d\u00fczenlenen;&nbsp;&#8216;Gen\u00e7li\u011fin Politika Galerisi 2 E\u011fitimi&#8217;&nbsp;program\u0131na&nbsp;kat\u0131ld\u0131. Mersin&#8217;in 13 il\u00e7esinden gen\u00e7lerin kat\u0131ld\u0131\u011f\u0131 e\u011fitim program\u0131nda, gen\u00e7lerin siyasi bilincini art\u0131rmay\u0131 ve \u00f6rg\u00fctlenme s\u00fcre\u00e7lerine dair bilgi edinmeleri ama\u00e7lad\u0131. Mersin B\u00fcy\u00fck\u015fehir Belediyesi Kongre ve Sergi Saray\u0131 Meclis Salonu&#8217;nda ger\u00e7ekle\u015ftirilen programda partili gen\u00e7lere hitap eden ve konu\u015fmas\u0131na [&hellip;]<\/p>\n","protected":false},"author":2,"featured_media":39237,"comment_status":"closed","ping_status":"closed","sticky":false,"template":"","format":"standard","meta":{"footnotes":""},"categories":[34,2,3,5],"tags":[],"class_list":["post-39236","post","type-post","status-publish","format-standard","has-post-thumbnail","hentry","category-flas-haber","category-gundem","category-manset","category-mersin"],"views":6,"_links":{"self":[{"href":"https:\/\/mersinkadingazetesi.com\/index.php?rest_route=\/wp\/v2\/posts\/39236"}],"collection":[{"href":"https:\/\/mersinkadingazetesi.com\/index.php?rest_route=\/wp\/v2\/posts"}],"about":[{"href":"https:\/\/mersinkadingazetesi.com\/index.php?rest_route=\/wp\/v2\/types\/post"}],"author":[{"embeddable":true,"href":"https:\/\/mersinkadingazetesi.com\/index.php?rest_route=\/wp\/v2\/users\/2"}],"replies":[{"embeddable":true,"href":"https:\/\/mersinkadingazetesi.com\/index.php?rest_route=%2Fwp%2Fv2%2Fcomments&post=39236"}],"version-history":[{"count":1,"href":"https:\/\/mersinkadingazetesi.com\/index.php?rest_route=\/wp\/v2\/posts\/39236\/revisions"}],"predecessor-version":[{"id":39238,"href":"https:\/\/mersinkadingazetesi.com\/index.php?rest_route=\/wp\/v2\/posts\/39236\/revisions\/39238"}],"wp:featuredmedia":[{"embeddable":true,"href":"https:\/\/mersinkadingazetesi.com\/index.php?rest_route=\/wp\/v2\/media\/39237"}],"wp:attachment":[{"href":"https:\/\/mersinkadingazetesi.com\/index.php?rest_route=%2Fwp%2Fv2%2Fmedia&parent=39236"}],"wp:term":[{"taxonomy":"category","embeddable":true,"href":"https:\/\/mersinkadingazetesi.com\/index.php?rest_route=%2Fwp%2Fv2%2Fcategories&post=39236"},{"taxonomy":"post_tag","embeddable":true,"href":"https:\/\/mersinkadingazetesi.com\/index.php?rest_route=%2Fwp%2Fv2%2Ftags&post=39236"}],"curies":[{"name":"wp","href":"https:\/\/api.w.org\/{rel}","templated":true}]}}