{"id":39245,"date":"2025-02-02T10:55:44","date_gmt":"2025-02-02T07:55:44","guid":{"rendered":"https:\/\/mersinkadingazetesi.com\/?p=39245"},"modified":"2025-02-02T10:55:44","modified_gmt":"2025-02-02T07:55:44","slug":"kariyer-merkezi-sektor-bulusmalariyla-mersin-isgucu-piyasasina-yeni-perspektifler-kazandiriliyor","status":"publish","type":"post","link":"https:\/\/mersinkadingazetesi.com\/?p=39245","title":{"rendered":"KAR\u0130YER MERKEZ\u0130 SEKT\u00d6R BULU\u015eMALARIYLA MERS\u0130N \u0130\u015eG\u00dcC\u00dc P\u0130YASASINA YEN\u0130 PERSPEKT\u0130FLER KAZANDIRILIYOR"},"content":{"rendered":"\n<p>Mersin B\u00fcy\u00fck\u015fehir Belediyesi Kariyer Merkezi, 2025 d\u00f6nemi i\u00e7in hizmetlerini daha da \u00e7e\u015fitlendirmek ve kent genelindeki istihdama katk\u0131 sa\u011flamak i\u00e7in \u00e7al\u0131\u015fmalar\u0131n\u0131 aral\u0131ks\u0131z s\u00fcrd\u00fcr\u00fcyor. \u0130\u015fg\u00fcc\u00fc piyasas\u0131n\u0131n nabz\u0131n\u0131 yak\u0131ndan tutan Kariyer Merkezi, farkl\u0131 sekt\u00f6rlerin profesyonel y\u00f6neticileriyle d\u00fczenli olarak bir araya gelerek sekt\u00f6r ihtiya\u00e7lar\u0131n\u0131n ve aranan yetkinlik setlerinin g\u00fcncel bir haritas\u0131n\u0131 \u00e7\u0131karmaya devam ediyor.<\/p>\n\n\n\n<p>Bu kapsamda bir dizi g\u00f6r\u00fc\u015fmeler yapan Kariyer Merkezi yetkililerini Mersin Serbest Muhasebeci Mali M\u00fc\u015favirler Odas\u0131 (SMMMO) Ba\u015fkan\u0131 Emin Levent T\u00fcrkili ve Y\u00f6netim Kurulu \u00dcyeleri ziyaret ederken; d\u00fczenli olarak yap\u0131lan&nbsp;<strong><em>&#8216;Business Meeting&#8217;<\/em><\/strong>&nbsp;toplant\u0131lar\u0131 kapsam\u0131nda ise lojistik, sosyal hizmet ve sigortac\u0131l\u0131k sekt\u00f6rlerinin \u00f6nde gelen temsilcileri ile de bir araya gelindi.<\/p>\n\n\n\n<p>Kariyer Merkezi 2025 d\u00f6neminde i\u015f d\u00fcnyas\u0131na y\u00f6nelik Kamp\u00fcs Mersin ve gen\u00e7lere y\u00f6nelik Garaj Mersin Projesi ile fark yaratmaya haz\u0131rlan\u0131yor. Sekt\u00f6r temsilcileri ile bulu\u015farak projelere ili\u015fkin bilgiler veren Kariyer Merkezi, i\u015f hayat\u0131na y\u00f6nelik profesyonel rehberlik ve dan\u0131\u015fmanl\u0131k hizmeti sunarak, i\u015f d\u00fcnyas\u0131n\u0131n \u00f6nemli bir payda\u015f\u0131 haline geldi. Toplant\u0131da; her bir sekt\u00f6r\u00fcn b\u00fcy\u00fcme potansiyeli, g\u00fcncel i\u015f g\u00fcc\u00fc gereksinimleri, nitelikli insan kayna\u011f\u0131 ihtiyac\u0131 ve gelecek d\u00f6nem stratejileri sekt\u00f6r temsilcileri ile konu\u015fuldu. \u00d6zellikle lojistik sekt\u00f6r\u00fcnde yeni teknoloji uygulamalar\u0131n\u0131n \u00f6nemi vurgulan\u0131rken, sosyal hizmet alan\u0131nda artan ihtiya\u00e7lar do\u011frultusunda uzman personel yeti\u015ftirilmesine duyulan gereksinim \u00f6ne \u00e7\u0131kt\u0131. Sigortac\u0131l\u0131k sekt\u00f6r\u00fcnde ise dijitalle\u015fmeyle birlikte ortaya \u00e7\u0131kan yeni istihdam olanaklar\u0131 ve mesleki beceriler ele al\u0131nd\u0131.<\/p>\n\n\n\n<p>Merkezi konumuyla i\u015f d\u00fcnyas\u0131na hizmet sunmaya haz\u0131rlanan&nbsp;<strong><em>&#8216;Kamp\u00fcs Mersin&#8217;<\/em><\/strong>&nbsp;ve inovatif i\u015f fikirlerine destek sa\u011flayarak giri\u015fimcilik ekosistemini b\u00fcy\u00fctmeyi hedefleyen&nbsp;<strong><em>&#8216;Garaj Mersin&#8217;<\/em><\/strong>&nbsp;projeleri de bu kapsamda uzman ki\u015filerce \u015fekillendirilmeye devam ediyor. Hem i\u015fveren hem de i\u015f g\u00fcc\u00fc adaylar\u0131 i\u00e7in de\u011fer yaratan bu projeler, Mersin&#8217;de istihdam alanlar\u0131n\u0131n \u00e7e\u015fitlendirilmesine ve kaliteli i\u015f ortamlar\u0131n\u0131n art\u0131r\u0131lmas\u0131na katk\u0131 sunmay\u0131 ama\u00e7l\u0131yor. Sekt\u00f6r\u00fcn muhasebe ve finans alan\u0131nda ihtiya\u00e7 duydu\u011fu personel ihtiya\u00e7lar\u0131na y\u00f6nelik Kariyer Merkezi ve Mersin SMMMO i\u015fbirli\u011finde a\u00e7\u0131lan mesleki e\u011fitim kurslar\u0131; gen\u00e7lere bir yandan meslek kazand\u0131r\u0131rken di\u011fer taraftan gen\u00e7lerin istihdama kat\u0131lmas\u0131na destek sa\u011flad\u0131\u011f\u0131 belirtildi. \u00d6n\u00fcm\u00fczdeki s\u00fcre\u00e7te gen\u00e7lerin meslek kazanmas\u0131na y\u00f6nelik hibrit bir e\u011fitim projesi \u00fczerinde i\u015fbirli\u011fi yap\u0131lmas\u0131 kararla\u015ft\u0131r\u0131ld\u0131.<\/p>\n\n\n\n<p><strong>\u00d6zada: &#8220;Mersin i\u015f d\u00fcnyas\u0131n\u0131 g\u00fc\u00e7lendirecek \u00e7\u00f6z\u00fcmler sunmaya devam edece\u011fiz&#8221;<\/strong><\/p>\n\n\n\n<p>Ziyaret program\u0131n\u0131 de\u011ferlendiren Mersin B\u00fcy\u00fck\u015fehir Belediyesi Kariyer Merkezi M\u00fcd\u00fcr\u00fc Serkan \u00d6zada, yerel i\u015f d\u00fcnyas\u0131na y\u00f6nelik i\u015f birliklerini daha da g\u00fc\u00e7lendirerek Mersin i\u015fg\u00fcc\u00fc piyasas\u0131n\u0131 destekleyecek projeleri hayata ge\u00e7irmeye devam edeceklerini belitti. \u00d6zada ayr\u0131ca,&nbsp;<strong>&#8220;Kariyer Merkezi olarak, 2025 stratejimizde \u00f6nceli\u011fimiz; farkl\u0131 sekt\u00f6rlerin y\u00f6neticileriyle kurdu\u011fumuz diyalogu s\u00fcrekli hale getirerek i\u015f g\u00fcc\u00fc piyasas\u0131n\u0131 en do\u011fru \u015fekilde y\u00f6nlendirmektir. Bu kapsamda ger\u00e7ekle\u015ftirdi\u011fimiz sekt\u00f6r bulu\u015fmalar\u0131, gerek lojistik, sosyal hizmet ve sigortac\u0131l\u0131k gerekse farkl\u0131 alanlarda faaliyet g\u00f6steren t\u00fcm sekt\u00f6rlere yenilik\u00e7i bak\u0131\u015f a\u00e7\u0131lar\u0131 ve somut i\u015f birlikleri sunuyor. \u0130htiya\u00e7 duyulan nitelikli insan kayna\u011f\u0131na vurgu yapan projelerimizi geli\u015ftirmeye ve Mersin i\u015f d\u00fcnyas\u0131n\u0131 g\u00fc\u00e7lendirecek \u00e7\u00f6z\u00fcmler sunmaya devam edece\u011fiz&#8221;<\/strong>&nbsp;s\u00f6zlerine yer verdi.<br><\/p>\n","protected":false},"excerpt":{"rendered":"<p>Mersin B\u00fcy\u00fck\u015fehir Belediyesi Kariyer Merkezi, 2025 d\u00f6nemi i\u00e7in hizmetlerini daha da \u00e7e\u015fitlendirmek ve kent genelindeki istihdama katk\u0131 sa\u011flamak i\u00e7in \u00e7al\u0131\u015fmalar\u0131n\u0131 aral\u0131ks\u0131z s\u00fcrd\u00fcr\u00fcyor. \u0130\u015fg\u00fcc\u00fc piyasas\u0131n\u0131n nabz\u0131n\u0131 yak\u0131ndan tutan Kariyer Merkezi, farkl\u0131 sekt\u00f6rlerin profesyonel y\u00f6neticileriyle d\u00fczenli olarak bir araya gelerek sekt\u00f6r ihtiya\u00e7lar\u0131n\u0131n ve aranan yetkinlik setlerinin g\u00fcncel bir haritas\u0131n\u0131 \u00e7\u0131karmaya devam ediyor. Bu kapsamda bir dizi g\u00f6r\u00fc\u015fmeler [&hellip;]<\/p>\n","protected":false},"author":2,"featured_media":39247,"comment_status":"closed","ping_status":"closed","sticky":false,"template":"","format":"standard","meta":{"footnotes":""},"categories":[3],"tags":[],"class_list":["post-39245","post","type-post","status-publish","format-standard","has-post-thumbnail","hentry","category-manset"],"views":10,"_links":{"self":[{"href":"https:\/\/mersinkadingazetesi.com\/index.php?rest_route=\/wp\/v2\/posts\/39245"}],"collection":[{"href":"https:\/\/mersinkadingazetesi.com\/index.php?rest_route=\/wp\/v2\/posts"}],"about":[{"href":"https:\/\/mersinkadingazetesi.com\/index.php?rest_route=\/wp\/v2\/types\/post"}],"author":[{"embeddable":true,"href":"https:\/\/mersinkadingazetesi.com\/index.php?rest_route=\/wp\/v2\/users\/2"}],"replies":[{"embeddable":true,"href":"https:\/\/mersinkadingazetesi.com\/index.php?rest_route=%2Fwp%2Fv2%2Fcomments&post=39245"}],"version-history":[{"count":1,"href":"https:\/\/mersinkadingazetesi.com\/index.php?rest_route=\/wp\/v2\/posts\/39245\/revisions"}],"predecessor-version":[{"id":39248,"href":"https:\/\/mersinkadingazetesi.com\/index.php?rest_route=\/wp\/v2\/posts\/39245\/revisions\/39248"}],"wp:featuredmedia":[{"embeddable":true,"href":"https:\/\/mersinkadingazetesi.com\/index.php?rest_route=\/wp\/v2\/media\/39247"}],"wp:attachment":[{"href":"https:\/\/mersinkadingazetesi.com\/index.php?rest_route=%2Fwp%2Fv2%2Fmedia&parent=39245"}],"wp:term":[{"taxonomy":"category","embeddable":true,"href":"https:\/\/mersinkadingazetesi.com\/index.php?rest_route=%2Fwp%2Fv2%2Fcategories&post=39245"},{"taxonomy":"post_tag","embeddable":true,"href":"https:\/\/mersinkadingazetesi.com\/index.php?rest_route=%2Fwp%2Fv2%2Ftags&post=39245"}],"curies":[{"name":"wp","href":"https:\/\/api.w.org\/{rel}","templated":true}]}}