{"id":39256,"date":"2025-02-03T11:35:44","date_gmt":"2025-02-03T08:35:44","guid":{"rendered":"https:\/\/mersinkadingazetesi.com\/?p=39256"},"modified":"2025-02-03T11:35:44","modified_gmt":"2025-02-03T08:35:44","slug":"asgari-ucret-daha-ilk-aydan-aclik-sinirinin-altina-dustu","status":"publish","type":"post","link":"https:\/\/mersinkadingazetesi.com\/?p=39256","title":{"rendered":"Asgari \u00dccret Daha \u0130lk Aydan A\u00e7l\u0131k S\u0131n\u0131r\u0131n\u0131n Alt\u0131na D\u00fc\u015ft\u00fc!"},"content":{"rendered":"\n<p>T\u00fcrkiye&#8217;de milyonlarca vatanda\u015f i\u00e7in 2025, sefalet ve \u00e7aresizli\u011fin y\u0131l\u0131 olmaya devam ediyor! H\u00fck\u00fcmet, en d\u00fc\u015f\u00fck emekli maa\u015f\u0131n\u0131 14.469 TL&#8217;ye y\u00fckseltti\u011fini bir &#8220;m\u00fcjde&#8221; olarak duyurdu. Ancak ger\u00e7ekler ortada: Ocak 2025 itibar\u0131yla a\u00e7l\u0131k s\u0131n\u0131r\u0131 22.131 TL!<\/p>\n\n\n\n<p>\u2022 Emekli, a\u00e7l\u0131k s\u0131n\u0131r\u0131n\u0131n tam 7.662 TL alt\u0131nda!<\/p>\n\n\n\n<p>\u2022 Asgari \u00fccret, daha ilk aydan a\u00e7l\u0131k s\u0131n\u0131r\u0131n\u0131n alt\u0131na d\u00fc\u015ft\u00fc!<\/p>\n\n\n\n<p>\u2022 T\u00fcrkiye, sefalet endeksinde d\u00fcnyan\u0131n en k\u00f6t\u00fc 10 \u00fclkesi aras\u0131na girdi!<\/p>\n\n\n\n<p>Peki, milyonlarca insan bu maa\u015flarla nas\u0131l ya\u015fayacak? Bar\u0131nma, g\u0131da, faturalar, e\u011fitim ve sa\u011fl\u0131k gibi temel ihtiya\u00e7lar art\u0131k birer l\u00fcks haline gelmi\u015fken, bu \u00fccretlerle hayatta kalmak m\u00fcmk\u00fcn m\u00fc?<\/p>\n\n\n\n<p>\u0130lk Aydan Maa\u015f Eriyi\u015fe Ge\u00e7ti! \u0130\u015fte Ocak 2025 Fiyat Art\u0131\u015flar\u0131<\/p>\n\n\n\n<p>Ocak ay\u0131 boyunca temel t\u00fcketim maddelerine gelen zamlar, asgari \u00fccretlinin ve emeklinin cebini adeta bo\u015faltt\u0131. T\u00fcrkiye&#8217;de fiyatlar sadece bir ay i\u00e7inde dahi fahi\u015f oranlarda artt\u0131! \u0130\u015fte baz\u0131 temel \u00fcr\u00fcnlerdeki fiyat art\u0131\u015flar\u0131:<\/p>\n\n\n\n<figure class=\"wp-block-table\"><table class=\"has-fixed-layout\"><tbody><tr><td colspan=\"4\">1 AYLIK F\u0130YAT TABLOSU<\/td><\/tr><tr><td><strong>\u00dcR\u00dcN<\/strong><\/td><td><strong>1.Oca<\/strong><\/td><td><strong>31.Oca<\/strong><\/td><td><strong>ARTI\u015e (%)<\/strong><\/td><\/tr><tr><td><strong>EK\u0130C\u0130 1 KG \u0130ZM\u0130R TULUM PEYN\u0130R\u0130<\/strong><\/td><td>429.0<\/td><td>545.0<\/td><td>27.04<\/td><\/tr><tr><td><strong>S\u0130YAH ZEYT\u0130N 1 KG<\/strong><\/td><td>195.0<\/td><td>264.0<\/td><td>35.38<\/td><\/tr><tr><td><strong>YUDUM ZEYT\u0130NYA\u011eI 2 LT<\/strong><\/td><td>399.0<\/td><td>599.0<\/td><td>50.13<\/td><\/tr><tr><td><strong>M\u0130GROS AY\u00c7\u0130\u00c7EK YA\u011eI<\/strong><\/td><td>289.0<\/td><td>589.0<\/td><td>103.81<\/td><\/tr><tr><td><strong>YUMURTA 10&#8217;LU<\/strong><\/td><td>76.0<\/td><td>89.5<\/td><td>17.76<\/td><\/tr><tr><td><strong>BANV\u0130T P\u0130L\u0130\u00c7 TAVA 1 KG<\/strong><\/td><td>197.0<\/td><td>300.0<\/td><td>52.28<\/td><\/tr><tr><td><strong>PINAR TEREYA\u011eI 1 KG<\/strong><\/td><td>450.0<\/td><td>591.0<\/td><td>31.33<\/td><\/tr><tr><td><strong>\u0130\u00c7\u0130M KA\u015eAR PEYN\u0130R\u0130 600 GRAM<\/strong><\/td><td>168.0<\/td><td>247.0<\/td><td>47.02<\/td><\/tr><tr><td><strong>KUZU KU\u015eBA\u015eI 1 KG<\/strong><\/td><td>450.0<\/td><td>848.0<\/td><td>88.44<\/td><\/tr><tr><td><strong>DANA KU\u015eBA\u015eI 1 KG<\/strong><\/td><td>625.0<\/td><td>795.0<\/td><td>27.2<\/td><\/tr><tr><td><strong>KIYMA 1 KG<\/strong><\/td><td>409.0<\/td><td>469.0<\/td><td>14.67<\/td><\/tr><tr><td><strong>TOZ \u015eEKER 5 KG<\/strong><\/td><td>189.0<\/td><td>240.0<\/td><td>26.98<\/td><\/tr><tr><td><strong>S\u0130YAH \u00c7AY 1 KG<\/strong><\/td><td>135.0<\/td><td>206.0<\/td><td>52.59<\/td><\/tr><tr><td><strong>GRAM ALTIN<\/strong><\/td><td>2990.0<\/td><td>3486.0<\/td><td>16.59<\/td><\/tr><\/tbody><\/table><\/figure>\n\n\n\n<p>Sefalet Endeksinde T\u00fcrkiye D\u00fcnyan\u0131n En K\u00f6t\u00fc 10 \u00dclkesi Aras\u0131nda!<\/p>\n\n\n\n<p>Uluslararas\u0131 raporlar da T\u00fcrkiye&#8217;nin ekonomik felaketini g\u00f6zler \u00f6n\u00fcne seriyor. T\u00fcrkiye, d\u00fcnyan\u0131n en k\u00f6t\u00fc ekonomik \u015fartlar\u0131na sahip 10 \u00fclke aras\u0131na girdi.<\/p>\n\n\n\n<p>\ud83d\udcca&nbsp;Sefalet Endeksine G\u00f6re En K\u00f6t\u00fc 10 \u00dclke:<\/p>\n\n\n\n<p>1. Arjantin \u2013 Hiperenflasyon ve ekonomik \u00e7\u00f6k\u00fc\u015f<\/p>\n\n\n\n<p>2. Suriye \u2013 Sava\u015f ve kitlesel yoksulluk<\/p>\n\n\n\n<p>3. L\u00fcbnan \u2013 Ekonomik kriz ve deval\u00fcasyon<\/p>\n\n\n\n<p>4. Sudan \u2013 \u0130\u00e7 sava\u015f ve kaos<\/p>\n\n\n\n<p>5. T\u00fcrkiye \u2013 Enflasyon, gelir adaletsizli\u011fi ve sefalet!<\/p>\n\n\n\n<p>6. Venezuela \u2013 Tarihin en a\u011f\u0131r ekonomik krizlerinden biri<\/p>\n\n\n\n<p>7. Zimbabve \u2013 Deval\u00fcasyon ve i\u015fsizlik<\/p>\n\n\n\n<p>8. Filistin \u2013 \u0130\u015fgal, sava\u015f ve a\u00e7l\u0131k<\/p>\n\n\n\n<p>9. Angola \u2013 Petrol ba\u011f\u0131ml\u0131l\u0131\u011f\u0131 ve fakirlik<\/p>\n\n\n\n<p>10. Kongo Demokratik Cumhuriyeti \u2013 A\u00e7l\u0131k ve i\u00e7 \u00e7at\u0131\u015fmalar<\/p>\n\n\n\n<p>Sava\u015f ve i\u00e7 krizlerle bo\u011fu\u015fan \u00fclkelerle ayn\u0131 listede olmak bir ba\u015far\u0131 m\u0131d\u0131r? Bu tablo, \u00fclkeyi y\u00f6netenlerin eseridir!<\/p>\n\n\n\n<p>Bu Maa\u015flarla Halk Nas\u0131l Ge\u00e7inecek?<\/p>\n\n\n\n<p>Kira m\u0131 \u00f6denecek?<\/p>\n\n\n\n<p>B\u00fcy\u00fck\u015fehirlerde en d\u00fc\u015f\u00fck kira 15-20 bin TL! Milyonlarca insan\u0131n kiras\u0131 emekli maa\u015f\u0131ndan fazla!<\/p>\n\n\n\n<p>G\u0131da m\u0131 al\u0131nacak?<\/p>\n\n\n\n<p>D\u00f6rt ki\u015filik bir ailenin sadece g\u0131da masraf\u0131 22.131 TL! Et, s\u00fct, peynir almak art\u0131k hayal oldu!<\/p>\n\n\n\n<p>Faturalar m\u0131 \u00f6denecek?<\/p>\n\n\n\n<p>Elektrik, do\u011fal gaz, su faturalar\u0131 maa\u015f\u0131n b\u00fcy\u00fck k\u0131sm\u0131n\u0131 g\u00f6t\u00fcr\u00fcyor. Is\u0131nmak bile l\u00fcks hale geldi!<\/p>\n\n\n\n<p>E\u011fitim ve sa\u011fl\u0131k hizmetlerine ula\u015f\u0131labilecek mi?<\/p>\n\n\n\n<p>\u00d6zel hastaneler ula\u015f\u0131lmaz hale geldi. Devlet hastanelerinde aylar s\u00fcren bekleme s\u00fcreleri var!<\/p>\n\n\n\n<p>\u0130ktidar Ger\u00e7eklerden Kopuk!<\/p>\n\n\n\n<p>Aile Y\u0131l\u0131 ilan ettiniz, ama halk\u0131n sofras\u0131na koyacak bir lokmas\u0131 bile kalmad\u0131!<\/p>\n\n\n\n<p>Enflasyonu d\u00fc\u015f\u00fcrece\u011fiz dediniz, ama vatanda\u015f a\u00e7l\u0131k s\u0131n\u0131r\u0131n\u0131n alt\u0131nda eziliyor!<\/p>\n\n\n\n<p>Sizin iktidar\u0131n\u0131z tarihe ge\u00e7ecek, ama d\u00fc\u015f\u00fcnd\u00fc\u011f\u00fcn\u00fcz gibi de\u011fil! Vatanda\u015f\u0131 a\u00e7 b\u0131rakan, sefaletin mimar\u0131 olan bir y\u00f6netim olarak an\u0131lacaks\u0131n\u0131z!<\/p>\n\n\n\n<p>Bir ay boyunca bu maa\u015flarla ge\u00e7inmeyi deneyin! Bir emeklinin pazara \u00e7\u0131k\u0131p torbas\u0131n\u0131 doldurmas\u0131 art\u0131k m\u00fcmk\u00fcn de\u011fil! Asgari \u00fccretli maa\u015f\u0131yla ay ortas\u0131n\u0131 bile g\u00f6remiyor!<\/p>\n\n\n\n<p>A\u00e7l\u0131k S\u0131n\u0131r\u0131 (Ocak 2025): 22.131 TL<\/p>\n\n\n\n<p>Asgari \u00dccret (2025): 22.104 TL<\/p>\n\n\n\n<p>En D\u00fc\u015f\u00fck Emekli Maa\u015f\u0131: 14.469 TL<\/p>\n\n\n\n<p>Ekonomik kriz her ge\u00e7en g\u00fcn b\u00fcy\u00fcyor, vatanda\u015f\u0131n al\u0131m g\u00fcc\u00fc dibe vuruyor!<\/p>\n\n\n\n<p>Bu D\u00fczen B\u00f6yle Devam Edemez!<\/p>\n\n\n\n<p>Asgari \u00fccretlinin ve emeklinin hayatta kalma sava\u015f\u0131 verdi\u011fi bu d\u00fczende, h\u00fck\u00fcmet \u00e7\u0131k\u0131p &#8220;m\u00fcjde&#8221; a\u00e7\u0131klamalar\u0131 yap\u0131yor!<\/p>\n\n\n\n<p>Bu bir m\u00fcjde de\u011fil, sefaletin resmile\u015fmesi!<\/p>\n\n\n\n<p>Halk\u0131n \u00e7\u0131\u011fl\u0131\u011f\u0131n\u0131 duymazdan gelenler, bu sefaletin faturas\u0131n\u0131 \u00f6demek zorunda kalacak!<\/p>\n","protected":false},"excerpt":{"rendered":"<p>T\u00fcrkiye&#8217;de milyonlarca vatanda\u015f i\u00e7in 2025, sefalet ve \u00e7aresizli\u011fin y\u0131l\u0131 olmaya devam ediyor! H\u00fck\u00fcmet, en d\u00fc\u015f\u00fck emekli maa\u015f\u0131n\u0131 14.469 TL&#8217;ye y\u00fckseltti\u011fini bir &#8220;m\u00fcjde&#8221; olarak duyurdu. Ancak ger\u00e7ekler ortada: Ocak 2025 itibar\u0131yla a\u00e7l\u0131k s\u0131n\u0131r\u0131 22.131 TL! \u2022 Emekli, a\u00e7l\u0131k s\u0131n\u0131r\u0131n\u0131n tam 7.662 TL alt\u0131nda! \u2022 Asgari \u00fccret, daha ilk aydan a\u00e7l\u0131k s\u0131n\u0131r\u0131n\u0131n alt\u0131na d\u00fc\u015ft\u00fc! \u2022 T\u00fcrkiye, sefalet [&hellip;]<\/p>\n","protected":false},"author":2,"featured_media":39257,"comment_status":"closed","ping_status":"closed","sticky":false,"template":"","format":"standard","meta":{"footnotes":""},"categories":[8,34,2,3,5],"tags":[],"class_list":["post-39256","post","type-post","status-publish","format-standard","has-post-thumbnail","hentry","category-ekonomi","category-flas-haber","category-gundem","category-manset","category-mersin"],"views":9,"_links":{"self":[{"href":"https:\/\/mersinkadingazetesi.com\/index.php?rest_route=\/wp\/v2\/posts\/39256"}],"collection":[{"href":"https:\/\/mersinkadingazetesi.com\/index.php?rest_route=\/wp\/v2\/posts"}],"about":[{"href":"https:\/\/mersinkadingazetesi.com\/index.php?rest_route=\/wp\/v2\/types\/post"}],"author":[{"embeddable":true,"href":"https:\/\/mersinkadingazetesi.com\/index.php?rest_route=\/wp\/v2\/users\/2"}],"replies":[{"embeddable":true,"href":"https:\/\/mersinkadingazetesi.com\/index.php?rest_route=%2Fwp%2Fv2%2Fcomments&post=39256"}],"version-history":[{"count":1,"href":"https:\/\/mersinkadingazetesi.com\/index.php?rest_route=\/wp\/v2\/posts\/39256\/revisions"}],"predecessor-version":[{"id":39258,"href":"https:\/\/mersinkadingazetesi.com\/index.php?rest_route=\/wp\/v2\/posts\/39256\/revisions\/39258"}],"wp:featuredmedia":[{"embeddable":true,"href":"https:\/\/mersinkadingazetesi.com\/index.php?rest_route=\/wp\/v2\/media\/39257"}],"wp:attachment":[{"href":"https:\/\/mersinkadingazetesi.com\/index.php?rest_route=%2Fwp%2Fv2%2Fmedia&parent=39256"}],"wp:term":[{"taxonomy":"category","embeddable":true,"href":"https:\/\/mersinkadingazetesi.com\/index.php?rest_route=%2Fwp%2Fv2%2Fcategories&post=39256"},{"taxonomy":"post_tag","embeddable":true,"href":"https:\/\/mersinkadingazetesi.com\/index.php?rest_route=%2Fwp%2Fv2%2Ftags&post=39256"}],"curies":[{"name":"wp","href":"https:\/\/api.w.org\/{rel}","templated":true}]}}