{"id":39262,"date":"2025-02-03T12:12:14","date_gmt":"2025-02-03T09:12:14","guid":{"rendered":"https:\/\/mersinkadingazetesi.com\/?p=39262"},"modified":"2025-02-03T12:12:15","modified_gmt":"2025-02-03T09:12:15","slug":"mersin-tarimsal-ihracatta-ucunculuge-yukseldi","status":"publish","type":"post","link":"https:\/\/mersinkadingazetesi.com\/?p=39262","title":{"rendered":"&#8216;Mersin, Tar\u0131msal \u0130hracatta \u00dc\u00e7\u00fcnc\u00fcl\u00fc\u011fe Y\u00fckseldi&#8217;"},"content":{"rendered":"\n<p>Mersin Ticaret Borsas\u0131&nbsp;<\/p>\n\n\n\n<p>Ba\u015fkan\u0131 \u00d6. Abdullah \u00d6zdemir&#8217;in &#8216;Mersin&#8217;in Tar\u0131msal \u0130hracatta \u00dc\u00e7\u00fcnc\u00fcl\u00fc\u011fe Y\u00fckselmesi&#8217;ne dair a\u00e7\u0131klamalarda bulundu.&nbsp;T\u00fcrkiye \u0130statistik Kurumu (T\u00dc\u0130K) taraf\u0131ndan a\u00e7\u0131klanan D\u0131\u015f Ticaret \u0130statistikleri Genel Ticaret Sistemine g\u00f6re \u00fclkemizin tar\u0131msal ihracat\u0131, 2024 y\u0131l\u0131nda bir \u00f6nceki y\u0131la g\u00f6re y\u00fczde 5,3 artarak 32,6 milyar dolar oldu. Tar\u0131msal ithalat ise 2023&#8217;e k\u0131yasla y\u00fczde 9,7 azalarak 21,7 milyar dolara geriledi. B\u00f6ylece tar\u0131msal ihracat\u0131n tar\u0131msal ithalat\u0131 kar\u015f\u0131lama oran\u0131 y\u00fczde 150 oldu. Bu oran &#8216;Genel Ticaret Sistemi&#8217;nin ba\u015flang\u0131\u00e7 y\u0131l\u0131 olan 2013\u2019ten bu yana&nbsp;T\u00fcrkiye&#8217;nin&nbsp;ula\u015ft\u0131\u011f\u0131&nbsp;en y\u00fcksek kar\u015f\u0131lama oran\u0131 oldu.<br>Mersin Ticaret Borsas\u0131&nbsp;<\/p>\n\n\n\n<p>Ba\u015fkan\u0131 \u00d6. Abdullah \u00d6zdemir,&nbsp;T\u00fcrkiye&#8217;nin, \u015fu anda f\u0131nd\u0131k, kiraz, kay\u0131s\u0131, ke\u00e7iboynuzu, incir, ayva, \u00e7am bal\u0131, ha\u015fha\u015f tohumu \u00fcretiminde ilk s\u0131rada yer ald\u0131\u011f\u0131n\u0131 belite<\/p>\n\n\n\n<p>rek, &#8220;\u0130hracatta ise; f\u0131nd\u0131k, kuru incir, ayva, kuru kay\u0131s\u0131, kuru \u00fcz\u00fcm, bu\u011fday unu ve kahvalt\u0131l\u0131k tah\u0131llarda lider konumdad\u0131r.&nbsp;Mersin a\u00e7\u0131s\u0131ndan incelendi\u011finde ise ilimiz, 2024 y\u0131l\u0131nda toplam 8,3 milyar dolar ihracat ger\u00e7ekle\u015ftirirken, 8 milyar dolar da ithalat yapm\u0131\u015ft\u0131r. D\u0131\u015f ticaret a\u00e7\u0131s\u0131ndan Mersin, net ihracat\u00e7\u0131 konumda bulunmakta olup, \u00fclkemizin en b\u00fcy\u00fck yedinci ihracat\u00e7\u0131s\u0131d\u0131r.&nbsp;T\u00fcrkiye\u2019nin 32,6 milyar dolarl\u0131k tar\u0131msal ihracat\u0131na en fazla katk\u0131da bulunan illerden \u00fc\u00e7\u00fcnc\u00fcs\u00fc Mersin\u2019dir. Ger\u00e7ekle\u015ftirdi\u011fi 4 milyar dolarl\u0131k tar\u0131msal ihracat ile Mersin, \u00fclkemiz tar\u0131msal ihracat\u0131n\u0131n y\u00fczde 12\u2019sini yapmaktad\u0131r. Mersin bu ihracat hacmiyle 2023 y\u0131l\u0131 ile kar\u015f\u0131la\u015ft\u0131r\u0131ld\u0131\u011f\u0131nda bir basamak y\u00fckselerek 3\u2019\u00fcnc\u00fc s\u0131raya \u00e7\u0131km\u0131\u015ft\u0131r.&#8221; dedi.<br>&#8220;Mersin, Narenciye ve Bakliyatta Birinci&#8221;<br>Mersin ekonomisinin en \u00f6nemli sac aya\u011f\u0131n\u0131n tar\u0131m ve g\u0131da sekt\u00f6r\u00fc oldu\u011funu,&nbsp;<\/p>\n\n\n\n<p>Mersin&nbsp;de ayn\u0131&nbsp;zamanda&nbsp;<\/p>\n\n\n\n<p>T\u00fcrkiye&#8217;nin&nbsp;tar\u0131m ve g\u0131da sekt\u00f6r\u00fcn\u00fcn performans\u0131na en fazla&nbsp;katk\u0131 sa\u011flayan iller aras\u0131nda ilk s\u0131ralarda yer ald\u0131\u011f\u0131n\u0131 ifade eden&nbsp;<\/p>\n\n\n\n<p>\u00d6zdemir, &#8220;Bitkisel \u00fcretim de\u011ferinde 3\u2019\u00fcnc\u00fc s\u0131rada bulunan ilimiz, meyve \u00fcretiminde 1\u2019inci&nbsp;ve sebze \u00fcretiminde 3\u2019\u00fcnc\u00fcd\u00fcr. 12 \u00fcr\u00fcn\u00fcn \u00fcretiminde 1\u2019inci ve yine 12 \u00fcr\u00fcn\u00fcn \u00fcretiminde 2\u2019ncidir.&nbsp;<\/p>\n\n\n\n<p>Narenciye ve bakliyat, Mersin\u2019in tar\u0131msal ihracatta g\u00f6sterdi\u011fi verime en fazla katk\u0131 yapan \u00fcr\u00fcn gruplar\u0131d\u0131r. \u0130limizde bakliyat \u00fcretimi yok denecek kadar az olmas\u0131na kar\u015f\u0131n, Mersin, bakliyat i\u00e7 ve d\u0131\u015f ticaretinin \u00fclkemizdeki merkezi ve d\u00fcnyan\u0131n da \u00f6nde gelen merkezlerinden biridir. AK\u0130B verilerine g\u00f6re, \u00fclkemizin bakliyat ihracat\u0131n\u0131n y\u00fczde 88\u2019i Mersinli firmalar taraf\u0131ndan yap\u0131lmaktad\u0131r. Benzer \u015fekilde, narenciye ihracat\u0131n\u0131n y\u00fczde 41\u2019i ve ya\u015f meyve-sebze ihracat\u0131n\u0131n y\u00fczde 27\u2019si Mersinli firmalara aittir. Mersin, her \u00fc\u00e7 \u00fcr\u00fcn grubunda da ihracat a\u00e7\u0131s\u0131ndan lider konumdad\u0131r.&#8221; \u015feklinde&nbsp;konu\u015ftu.<br>&#8220;Hedefimiz Katma De\u011feri Y\u00fcksek \u00dcr\u00fcnler Olmal\u0131d\u0131r&#8221;<\/p>\n\n\n\n<p>\u00d6zdemir \u015f\u00f6yle devam etti;&#8221;Tar\u0131m ve Orman Bakanl\u0131\u011f\u0131m\u0131z\u0131n 2024-2028 y\u0131llar\u0131n\u0131 kapsayan Stratejik Plan\u0131nda \u00e7ok yerinde belirlenmi\u015f bir hedef bulunmaktad\u0131r. Bu hedef; \u201cTar\u0131msal \u00fcretimde verim ve kaliteyi art\u0131racak Ar-Ge ve inovasyon \u00e7al\u0131\u015fmalar\u0131na h\u0131z verilmelidir.\u201d \u015feklinde belirtilmi\u015ftir. Ayr\u0131ca, Say\u0131n Bakan\u0131m\u0131z katma de\u011feri y\u00fcksek \u00fcr\u00fcn \u00fcretimine ve \u00fcretimde \u00e7e\u015fitlili\u011fin sa\u011flanmas\u0131n\u0131n \u00f6nemine her platformda vurgu yapmaktad\u0131r.&nbsp;<\/p>\n\n\n\n<p>Sadece Stratejik Planda de\u011fil, 2025-2027 Orta Vadeli Program, 12\u2019nci Kalk\u0131nma Plan\u0131, Cumhurba\u015fkanl\u0131\u011f\u0131 Y\u0131ll\u0131k Program\u0131 vb. bir\u00e7ok plan ve programda bu ve benzeri hedeflere yer verilmi\u015ftir. Planlanan takvim \u00e7er\u00e7evesinde, bu hedeflere ula\u015fmak i\u00e7in olu\u015fturulan eylem planlar\u0131 istikrarl\u0131 bir \u015fekilde yerine getirilirse e\u011fer, Say\u0131n Bakan\u0131m\u0131z\u0131n belirtti\u011fi \u00fczere, ilk ad\u0131mda 35-40 milyar dolarl\u0131k tar\u0131msal ihracata k\u0131sa vadede m\u00fcmk\u00fcn olacakt\u0131r.&#8221;<\/p>\n","protected":false},"excerpt":{"rendered":"<p>Mersin Ticaret Borsas\u0131&nbsp; Ba\u015fkan\u0131 \u00d6. Abdullah \u00d6zdemir&#8217;in &#8216;Mersin&#8217;in Tar\u0131msal \u0130hracatta \u00dc\u00e7\u00fcnc\u00fcl\u00fc\u011fe Y\u00fckselmesi&#8217;ne dair a\u00e7\u0131klamalarda bulundu.&nbsp;T\u00fcrkiye \u0130statistik Kurumu (T\u00dc\u0130K) taraf\u0131ndan a\u00e7\u0131klanan D\u0131\u015f Ticaret \u0130statistikleri Genel Ticaret Sistemine g\u00f6re \u00fclkemizin tar\u0131msal ihracat\u0131, 2024 y\u0131l\u0131nda bir \u00f6nceki y\u0131la g\u00f6re y\u00fczde 5,3 artarak 32,6 milyar dolar oldu. Tar\u0131msal ithalat ise 2023&#8217;e k\u0131yasla y\u00fczde 9,7 azalarak 21,7 milyar dolara geriledi. [&hellip;]<\/p>\n","protected":false},"author":2,"featured_media":39263,"comment_status":"closed","ping_status":"closed","sticky":false,"template":"","format":"standard","meta":{"footnotes":""},"categories":[8,34,3],"tags":[],"class_list":["post-39262","post","type-post","status-publish","format-standard","has-post-thumbnail","hentry","category-ekonomi","category-flas-haber","category-manset"],"views":11,"_links":{"self":[{"href":"https:\/\/mersinkadingazetesi.com\/index.php?rest_route=\/wp\/v2\/posts\/39262"}],"collection":[{"href":"https:\/\/mersinkadingazetesi.com\/index.php?rest_route=\/wp\/v2\/posts"}],"about":[{"href":"https:\/\/mersinkadingazetesi.com\/index.php?rest_route=\/wp\/v2\/types\/post"}],"author":[{"embeddable":true,"href":"https:\/\/mersinkadingazetesi.com\/index.php?rest_route=\/wp\/v2\/users\/2"}],"replies":[{"embeddable":true,"href":"https:\/\/mersinkadingazetesi.com\/index.php?rest_route=%2Fwp%2Fv2%2Fcomments&post=39262"}],"version-history":[{"count":1,"href":"https:\/\/mersinkadingazetesi.com\/index.php?rest_route=\/wp\/v2\/posts\/39262\/revisions"}],"predecessor-version":[{"id":39264,"href":"https:\/\/mersinkadingazetesi.com\/index.php?rest_route=\/wp\/v2\/posts\/39262\/revisions\/39264"}],"wp:featuredmedia":[{"embeddable":true,"href":"https:\/\/mersinkadingazetesi.com\/index.php?rest_route=\/wp\/v2\/media\/39263"}],"wp:attachment":[{"href":"https:\/\/mersinkadingazetesi.com\/index.php?rest_route=%2Fwp%2Fv2%2Fmedia&parent=39262"}],"wp:term":[{"taxonomy":"category","embeddable":true,"href":"https:\/\/mersinkadingazetesi.com\/index.php?rest_route=%2Fwp%2Fv2%2Fcategories&post=39262"},{"taxonomy":"post_tag","embeddable":true,"href":"https:\/\/mersinkadingazetesi.com\/index.php?rest_route=%2Fwp%2Fv2%2Ftags&post=39262"}],"curies":[{"name":"wp","href":"https:\/\/api.w.org\/{rel}","templated":true}]}}