{"id":39268,"date":"2025-02-03T14:22:58","date_gmt":"2025-02-03T11:22:58","guid":{"rendered":"https:\/\/mersinkadingazetesi.com\/?p=39268"},"modified":"2025-02-03T14:22:58","modified_gmt":"2025-02-03T11:22:58","slug":"baskan-secer-etem-caliskanin-cenaze-torenine-katildi","status":"publish","type":"post","link":"https:\/\/mersinkadingazetesi.com\/?p=39268","title":{"rendered":"BA\u015eKAN SE\u00c7ER, ETEM \u00c7ALI\u015eKAN&#8217;IN CENAZE T\u00d6REN\u0130NE KATILDI"},"content":{"rendered":"\n<p>Mersinli hat ve kaligrafi ustas\u0131, ressam, B\u00fcy\u00fck Usta Etem \u00c7al\u0131\u015fkan, son yolculu\u011funa u\u011furland\u0131.<\/p>\n\n\n\n<p>Mersin B\u00fcy\u00fck\u015fehir Belediye Ba\u015fkan\u0131 Vahap Se\u00e7er; Mersin Valili\u011fi ve Mersin B\u00fcy\u00fck\u015fehir Belediyesi taraf\u0131ndan d\u00fczenlenen cenaze t\u00f6renine kat\u0131larak, \u00fclkemizin yeti\u015ftirdi\u011fi hat, kaligrafi ve resim sanat\u0131n\u0131n b\u00fcy\u00fck ustas\u0131, Mersinli sanat\u00e7\u0131 Etem \u00c7al\u0131\u015fkan&#8217;\u0131 son yolculu\u011funa u\u011furlad\u0131. 97 ya\u015f\u0131nda hayata g\u00f6zlerini yuman ve sanat\u0131m\u0131za yapt\u0131\u011f\u0131 e\u015fsiz katk\u0131lar\u0131yla hat\u0131rlanacak ve eserleriyle her zaman ya\u015fayacak olan B\u00fcy\u00fck Usta Etem \u00c7al\u0131\u015fkan, sevenleri taraf\u0131ndan&nbsp;son yolculu\u011funa u\u011furland\u0131. Cenaze t\u00f6reni, sayg\u0131 duru\u015fu ve \u0130stiklal Mar\u015f\u0131 ile ba\u015flad\u0131.<\/p>\n\n\n\n<p>Mersin K\u00fclt\u00fcr Merkezi&#8217;nde d\u00fczenlenen cenaze t\u00f6renine; Mersin Valisi Ali Hamza Pehlivan, Mersin B\u00fcy\u00fck\u015fehir Belediye Ba\u015fkan\u0131 Vahap Se\u00e7er, Cumhuriyet Halk Partisi (CHP) Mersin Milletvekili G\u00fclcan K\u0131\u015f, Yeni\u015fehir Belediye Ba\u015fkan\u0131 Abdullah \u00d6zyi\u011fit, Tarsus Belediye Ba\u015fkan\u0131 Ali Bolta\u00e7, B\u00fcy\u00fck Usta Etem \u00c7al\u0131\u015fkan&#8217;\u0131n e\u015fi G\u00fcng\u00f6r \u00c7al\u0131\u015fkan ile \u00e7ocuklar\u0131 Raci \u00c7al\u0131\u015fkan, Adnan \u00c7al\u0131\u015fkan ve Dilek \u00c7al\u0131\u015fkan, Alt\u0131noran D\u00fc\u015f\u00fcnce ve Sanat Derne\u011fi Ba\u015fkan\u0131 Dr. Haluk Uygur, b\u00fcrokratlar, sivil toplum kurulu\u015flar\u0131n\u0131n, oda ve derneklerin temsilcileri, sevenleri, sanat d\u00fcnyas\u0131ndan isimler ile Mersinliler kat\u0131l\u0131m sa\u011flad\u0131.<\/p>\n\n\n\n<p><strong>Ba\u015fkan Se\u00e7er: &#8220;Cumhuriyet ayd\u0131nlanmas\u0131n\u0131n en \u00f6nemli ve de\u011ferli sanat\u00e7\u0131lar\u0131ndan birisiydi&#8221;<\/strong><\/p>\n\n\n\n<p>Ba\u015fkan Se\u00e7er cenaze treninde yapt\u0131\u011f\u0131 konu\u015fmas\u0131nda; Etem \u00c7al\u0131\u015fkan&#8217;\u0131n bu topraklar\u0131n yeti\u015ftirdi\u011fi ve Cumhuriyet ayd\u0131nlanmas\u0131n\u0131n en \u00f6nemli ve de\u011ferli sanat\u00e7\u0131lar\u0131ndan birisi oldu\u011funu belirtti. \u00c7al\u0131\u015fkan ile g\u00f6rev s\u00fcresi i\u00e7erisinde farkl\u0131 zamanlarda g\u00f6r\u00fc\u015fme f\u0131rsatlar\u0131 buldu\u011funu aktaran Ba\u015fkan Se\u00e7er,&nbsp;<strong>&#8220;Bir hattat ustas\u0131, ressam, d\u00fc\u015f\u00fcn\u00fcr, vatansever ve bir Atat\u00fcrk\u00e7\u00fc oldu\u011funu, kimli\u011fini T\u00fcrkiye&#8217;de ya\u015fayan her insan kadar ben de biliyorum. Kendisiyle; onun derinli\u011fini, d\u00fc\u015f\u00fcnce zenginli\u011fini, hayata ve insanl\u0131\u011fa bak\u0131\u015f\u0131n\u0131, vatan\u0131na, milletine, Cumhuriyet&#8217;in de\u011ferlerine, Atat\u00fcrk Cumhuriyetine ve T\u00fcrk milletine kazand\u0131rd\u0131\u011f\u0131 erdemlere dair \u00e7ok de\u011ferli sohbetlerimiz oldu&#8221;<\/strong>&nbsp;dedi.<\/p>\n\n\n\n<p><strong>&#8220;Etem abinin hat\u0131ras\u0131 \u00f6n\u00fcnde sayg\u0131 ile e\u011filiyorum&#8221;<\/strong><\/p>\n\n\n\n<p>Etem \u00c7al\u0131\u015fkan ile ger\u00e7ekle\u015ftirdikleri sohbetlerden faydaland\u0131\u011f\u0131n\u0131 belirterek k\u0131sa anekdotlar da anlatan Se\u00e7er,&nbsp;<strong>&#8220;Biz her zaman bu topraklardan \u00e7ok de\u011ferli insanlar\u0131n yeti\u015fmesiyle \u00f6v\u00fcnm\u00fc\u015f\u00fczd\u00fcr. Vatan\u0131m\u0131za, milletimize ve insanl\u0131\u011fa yararl\u0131, \u00e7a\u011f\u0131 okuyabilen; topluma; bar\u0131\u015f ve karde\u015flik temel prensibiyle \u00e7ok de\u011ferli katk\u0131lar sunan b\u00fcy\u00fck ustalar kar\u015f\u0131s\u0131nda her zaman sayg\u0131 duyduk, \u00f6nlerinde sayg\u0131 ile e\u011fildik. Ben de Etem abinin hat\u0131ras\u0131 \u00f6n\u00fcnde sayg\u0131 ile e\u011filiyorum. Kendisine gani gani rahmet diliyorum, mek\u00e2n\u0131 cennet olsun, \u0131\u015f\u0131klar i\u00e7erisinde uyusun. Bu topraklar nice Etem \u00c7al\u0131\u015fkan&#8217;lar, b\u00f6yle b\u00fcy\u00fck ustalar, insanl\u0131\u011fa yararl\u0131 insanlar yarats\u0131n diyorum. Ba\u015fta ailesinin olmak \u00fczere, milletimizin ba\u015f\u0131 sa\u011f olsun&#8221;<\/strong>&nbsp;diye konu\u015ftu. .<\/p>\n\n\n\n<p><strong>Vali Pehlivan: &#8220;Gen\u00e7lerimize \u00f6rnek bir ya\u015fam yolculu\u011funu geride b\u0131rakt\u0131&#8221;<\/strong><\/p>\n\n\n\n<p>Mersin Valisi Ali Hamza Pehlivan, Etem \u00c7al\u0131\u015fkan&#8217;\u0131n eserleri ile herkesin takdirini kazanan bir sanat\u00e7\u0131 oldu\u011funu s\u00f6yleyerek,&nbsp;<strong>&#8220;Hayat hik\u00e2yesi ve eserlerine bakt\u0131\u011f\u0131mda soyad\u0131 gibi&nbsp;<em>&#8216;\u00c7al\u0131\u015fkan&#8217;<\/em>&nbsp;bir insan. Nice yollardan ge\u00e7mi\u015f ve bir as\u0131rl\u0131k ya\u015fanm\u0131\u015fl\u0131k geride b\u0131rakm\u0131\u015f. Gen\u00e7lerimize \u00f6rnek bir ya\u015fam yolculu\u011funu geride b\u0131rakt\u0131. Grafik, resim, kaligrafi, hat, gazetecilik gibi saymakla bitmeyen bir \u00e7ok mesle\u011fe mensup olmu\u015f ve o mesleklerin en iyisi olmu\u015f. Ba\u015fta ailesi ve bizler i\u00e7in bir gurur kayna\u011f\u0131&#8221;&nbsp;<\/strong>dedi.<\/p>\n\n\n\n<p><strong>\u00c7al\u0131\u015fkan: &#8220;Babam; bir okuldu&#8221;<\/strong><\/p>\n\n\n\n<p>B\u00fcy\u00fck usta Etem \u00c7al\u0131\u015fkan&#8217;\u0131n o\u011flu Raci \u00c7al\u0131\u015fkan, Etem \u00c7al\u0131\u015fkan&#8217;\u0131n memleketi Mersin&#8217;e getirilmesini sa\u011flayan herkese te\u015fekk\u00fcr etti. Raci \u00c7al\u0131\u015fkan, babas\u0131n\u0131n iyi bir sanat\u00e7\u0131 ve insan olmas\u0131n\u0131n yan\u0131 s\u0131ra \u00e7ok say\u0131da \u00f6\u011frenciyi de yeti\u015ftirdi\u011fini belirterek,&nbsp;<strong>&#8220;Babama insan olarak bakt\u0131\u011f\u0131n\u0131zda bir okuldu. \u00d6mr\u00fc boyunca, bir akademinin bir y\u0131l i\u00e7erisinde yeti\u015ftirdi\u011fi \u00f6\u011frenci say\u0131s\u0131ndan daha fazla \u00f6\u011frenci yeti\u015ftirdi. \u015eu anda \u00f6\u011frencilerinin \u00f6\u011frencileri \u00fcniversitelerde ders veriyor. Bu bizim i\u00e7in \u00e7ok b\u00fcy\u00fck bir gurur kayna\u011f\u0131. \u00c7\u00fcnk\u00fc sanat zincir halinde ilerliyor. Sanat\u0131n en b\u00fcy\u00fck \u00f6zelli\u011fi durdurulamaz olmas\u0131. Babam da bu durdurulamazl\u0131\u011fa y\u0131llar i\u00e7inde \u00e7ok katk\u0131 sa\u011flad\u0131 ama bence en b\u00fcy\u00fck katk\u0131lar\u0131ndan biri yeti\u015ftirdikleri&#8221;<\/strong>&nbsp;dedi.<\/p>\n\n\n\n<p><strong>Dr. Uygur: &#8220;Ressaml\u0131\u011f\u0131 duvara asmak i\u00e7in de\u011fil, insanl\u0131\u011f\u0131 de\u011fi\u015ftirmek i\u00e7in bir ara\u00e7 olarak yapard\u0131&#8221;<\/strong><\/p>\n\n\n\n<p>Alt\u0131noran D\u00fc\u015f\u00fcnce ve Sanat Derne\u011fi Ba\u015fkan\u0131 Dr. Haluk Uygur, Etem \u00c7al\u0131\u015fkan&#8217;\u0131n Mersin i\u00e7in \u00e7ok \u00f6nemli bir de\u011fer oldu\u011funu anlatt\u0131. \u00c7al\u0131\u015fkan&#8217;\u0131n sanat hayat\u0131na s\u0131\u011fd\u0131rd\u0131\u011f\u0131 unvan\u0131 ve \u00f6d\u00fclleri hat\u0131rlatan Uygur,&nbsp;<strong>&#8220;O, okunan resimler yapt\u0131. Hi\u00e7bir zaman bir \u00f6nce yapt\u0131\u011f\u0131n\u0131 yapmad\u0131. Her defas\u0131nda bir ad\u0131m \u00f6teye gitti. Her yapt\u0131\u011f\u0131 i\u015fte insanl\u0131\u011fa bir ders verdi. Her dakika \u00fclkesini d\u00fc\u015f\u00fcnen bir insand\u0131. Ressaml\u0131\u011f\u0131 duvara asmak i\u00e7in de\u011fil, ressaml\u0131\u011f\u0131 insanl\u0131\u011f\u0131 de\u011fi\u015ftirmek i\u00e7in bir ara\u00e7 olarak yapard\u0131&#8221;<\/strong>&nbsp;ifadelerine yer verdi.&nbsp;<\/p>\n\n\n\n<p>Konu\u015fmalar\u0131n ard\u0131ndan Mersin \u0130l M\u00fcft\u00fcs\u00fc Ayd\u0131n Y\u0131\u011fman taraf\u0131ndan dua okundu. Etem \u00c7al\u0131\u015fkan, cenaze t\u00f6reninin ard\u0131ndan; Tarsus \u0130l\u00e7esi&nbsp;G\u00f6c\u00fck K\u00f6y\u00fc&#8217;de topra\u011fa verildi.<\/p>\n\n\n\n<p><strong>Etem \u00c7al\u0131\u015fkan kimdir?<\/strong><\/p>\n\n\n\n<p>Cumhurba\u015fkanl\u0131\u011f\u0131 K\u00fclt\u00fcr ve Sanat B\u00fcy\u00fck \u00d6d\u00fcl\u00fc sahibi olan Etem \u00c7al\u0131\u015fkan, 1928&#8217;de Tarsus&#8217;un G\u00f6\u00e7\u00fck k\u00f6y\u00fcnde d\u00fcnyaya geldi. T\u00fcrk ressam, grafiker, kaligraf ve gazeteci olan ve yeni yaz\u0131 ile hat yapan Etem \u00c7al\u0131\u015fkan, T\u00fcrkiye&#8217;de ders kitaplar\u0131nda yer alan Gen\u00e7li\u011fe Hitabe ve \u0130stiklal Mar\u015f\u0131&#8217;n\u0131n yaz\u0131m\u0131n\u0131 yapan ki\u015fidir ve me\u015fhur Atat\u00fcrk portresinin de \u00e7izeridir. Atat\u00fcrk&#8217;\u00fcn imzas\u0131n\u0131 stilize eden Etem \u00c7al\u0131\u015fkan, Mersin Lisesi&#8217;nden mezun olduktan sonra y\u00fcksek\u00f6\u011frenimini \u0130stanbul Devlet G\u00fczel Sanatlar Akademisi&#8217;nde yapt\u0131. Hattat Emin Bar\u0131n, grafik tasar\u0131mc\u0131 Nam\u0131k Bay\u0131k ve ressam Sabri Berker&#8217;in \u00f6\u011frencisi olan usta sanat\u00e7\u0131, \u00f6\u011frencilik d\u00f6neminde An\u0131tkabir kitabelerinin yaz\u0131l\u0131\u015f\u0131nda Emin Bar\u0131n&#8217;\u0131n asistanl\u0131\u011f\u0131n\u0131 yapt\u0131. \u00c7al\u0131\u015fkan, 2005&#8217;te T\u00fcrkiye Gazeteciler Cemiyeti taraf\u0131ndan Burhan Felek Bas\u0131n Hizmet \u00d6d\u00fcl\u00fc&#8217;ne, 2021&#8217;de ise Cumhurba\u015fkanl\u0131\u011f\u0131 K\u00fclt\u00fcr ve Sanat B\u00fcy\u00fck \u00d6d\u00fcl\u00fc&#8217;ne de\u011fer g\u00f6r\u00fcld\u00fc. \u00c7al\u0131\u015fkan, 97 ya\u015f\u0131nda hayata g\u00f6zlerini yumdu.<\/p>\n","protected":false},"excerpt":{"rendered":"<p>Mersinli hat ve kaligrafi ustas\u0131, ressam, B\u00fcy\u00fck Usta Etem \u00c7al\u0131\u015fkan, son yolculu\u011funa u\u011furland\u0131. Mersin B\u00fcy\u00fck\u015fehir Belediye Ba\u015fkan\u0131 Vahap Se\u00e7er; Mersin Valili\u011fi ve Mersin B\u00fcy\u00fck\u015fehir Belediyesi taraf\u0131ndan d\u00fczenlenen cenaze t\u00f6renine kat\u0131larak, \u00fclkemizin yeti\u015ftirdi\u011fi hat, kaligrafi ve resim sanat\u0131n\u0131n b\u00fcy\u00fck ustas\u0131, Mersinli sanat\u00e7\u0131 Etem \u00c7al\u0131\u015fkan&#8217;\u0131 son yolculu\u011funa u\u011furlad\u0131. 97 ya\u015f\u0131nda hayata g\u00f6zlerini yuman ve sanat\u0131m\u0131za yapt\u0131\u011f\u0131 e\u015fsiz [&hellip;]<\/p>\n","protected":false},"author":2,"featured_media":39269,"comment_status":"closed","ping_status":"closed","sticky":false,"template":"","format":"standard","meta":{"footnotes":""},"categories":[34,3],"tags":[],"class_list":["post-39268","post","type-post","status-publish","format-standard","has-post-thumbnail","hentry","category-flas-haber","category-manset"],"views":3,"_links":{"self":[{"href":"https:\/\/mersinkadingazetesi.com\/index.php?rest_route=\/wp\/v2\/posts\/39268"}],"collection":[{"href":"https:\/\/mersinkadingazetesi.com\/index.php?rest_route=\/wp\/v2\/posts"}],"about":[{"href":"https:\/\/mersinkadingazetesi.com\/index.php?rest_route=\/wp\/v2\/types\/post"}],"author":[{"embeddable":true,"href":"https:\/\/mersinkadingazetesi.com\/index.php?rest_route=\/wp\/v2\/users\/2"}],"replies":[{"embeddable":true,"href":"https:\/\/mersinkadingazetesi.com\/index.php?rest_route=%2Fwp%2Fv2%2Fcomments&post=39268"}],"version-history":[{"count":1,"href":"https:\/\/mersinkadingazetesi.com\/index.php?rest_route=\/wp\/v2\/posts\/39268\/revisions"}],"predecessor-version":[{"id":39270,"href":"https:\/\/mersinkadingazetesi.com\/index.php?rest_route=\/wp\/v2\/posts\/39268\/revisions\/39270"}],"wp:featuredmedia":[{"embeddable":true,"href":"https:\/\/mersinkadingazetesi.com\/index.php?rest_route=\/wp\/v2\/media\/39269"}],"wp:attachment":[{"href":"https:\/\/mersinkadingazetesi.com\/index.php?rest_route=%2Fwp%2Fv2%2Fmedia&parent=39268"}],"wp:term":[{"taxonomy":"category","embeddable":true,"href":"https:\/\/mersinkadingazetesi.com\/index.php?rest_route=%2Fwp%2Fv2%2Fcategories&post=39268"},{"taxonomy":"post_tag","embeddable":true,"href":"https:\/\/mersinkadingazetesi.com\/index.php?rest_route=%2Fwp%2Fv2%2Ftags&post=39268"}],"curies":[{"name":"wp","href":"https:\/\/api.w.org\/{rel}","templated":true}]}}