{"id":39284,"date":"2025-02-03T16:02:31","date_gmt":"2025-02-03T13:02:31","guid":{"rendered":"https:\/\/mersinkadingazetesi.com\/?p=39284"},"modified":"2025-02-03T16:02:31","modified_gmt":"2025-02-03T13:02:31","slug":"mersin-barosu-esit-ise-esit-ucret-talebimizde-israr-ediyoruz","status":"publish","type":"post","link":"https:\/\/mersinkadingazetesi.com\/?p=39284","title":{"rendered":"MERS\u0130N BAROSU: &#8220;E\u015e\u0130T \u0130\u015eE E\u015e\u0130T \u00dcCRET TALEB\u0130M\u0130ZDE ISRAR ED\u0130YORUZ&#8221;"},"content":{"rendered":"\n<p>Mersin Barosu y\u00f6netimi yapt\u0131\u011f\u0131 yaz\u0131l\u0131 a\u00e7\u0131klamas\u0131nda, Ceza Muhakemesi Kanunu gere\u011fince g\u00f6revlendirilen m\u00fcdafi ve vekillere yap\u0131lacak \u00f6demelere ili\u015fkin Resmi Gazete&#8217; de yay\u0131mlanan 2025 y\u0131l\u0131 \u00fccret tarifesi art\u0131\u015f oran\u0131n\u0131n yeterli olmad\u0131\u011f\u0131n\u0131 belirterek, &#8220;Avukatl\u0131k asgari \u00fccret tarifesine e\u015fitlenmeyen CMK \u00fccret tarifesini kabul etmiyoruz. E\u015fit i\u015fe e\u015fit \u00fccret talebimizde \u0131srar ediyoruz&#8221; dedi.<\/p>\n\n\n\n<p>&#8220;CMK \u00dcCRETLER\u0130 ADETA SAVUNMANIN BEL\u0130N\u0130 KIRMAKTADIR&#8221;<\/p>\n\n\n\n<p>CMK kapsam\u0131nda belirlenen \u00fccretlerin, savunman\u0131n belini k\u0131rd\u0131\u011f\u0131n\u0131 ifade eden Mersin Barosu y\u00f6netimi a\u00e7\u0131klamas\u0131nda \u015fu ifadelere yer verdi:<\/p>\n\n\n\n<p>&#8220;01.02.2025 tarihinde 32 g\u00fcnl\u00fck bir gecikmenin neticesinde CMK Zorunlu M\u00fcdafilik \u00dccret Tarifesi yay\u0131mland\u0131. Baromuz s\u00f6z konusu art\u0131\u015f oran\u0131n\u0131 yetersiz bulmakta olup, bu d\u00fczenlemeyi kabul etmemektedir. Zorunlu m\u00fcdafilik m\u00fcessesesine ili\u015fkin CMK tarifesi, mesle\u011fe yeni ba\u015flam\u0131\u015f olan gen\u00e7 avukatlar\u0131n ge\u00e7imlerini sa\u011flayabilmek bak\u0131m\u0131ndan temel gelir kaynaklar\u0131ndan birisi olmakla birlikte gelinen a\u015famada en k\u00fc\u00e7\u00fck gider kalemine dahi yarar sa\u011flamaktan uzak bir hale gelmi\u015ftir.<\/p>\n\n\n\n<p>Avukatl\u0131k Asgari \u00dccret Tarifesi (AA\u00dcT) ile belirlenen \u00fccretler d\u00fc\u015f\u00fcn\u00fcld\u00fc\u011f\u00fcnde, CMK kapsam\u0131nda belirlenen \u00fccretler bariz bir \u015fekilde d\u00fc\u015f\u00fck kalmakta olup adeta savunman\u0131n belini k\u0131rmaktad\u0131r. Bu, tarifenin yay\u0131mlanmas\u0131na ili\u015fkin irade g\u00f6steren b\u00fct\u00fcn b\u00fcrokratik olu\u015fumlar\u0131n malumu olmakla birlikte avukatl\u0131k mesle\u011fi istikrarl\u0131 bir \u015fekilde her eylemsizlikle g\u00f6rmezden gelinmekte; e\u015fit, hakkaniyetli bir ortamda s\u00fcrd\u00fcr\u00fclebilir bir meslek icra etmek imk\u00e2ns\u0131z hale getirmektedir.<\/p>\n\n\n\n<p>AA\u00dcT&#8217;YE E\u015e\u0130TLENMEYEN CMK \u00dcCRET TAR\u0130FES\u0130N\u0130 KABUL ETM\u0130YORUZ!&#8221;<\/p>\n\n\n\n<p>Bizler; soru\u015fturma a\u015famas\u0131nda kollukta, savc\u0131l\u0131kta ve sulh ceza hakimliklerinde, kovu\u015fturma a\u015famas\u0131nda ise mahkeme salonlar\u0131nda hi\u00e7bir ayr\u0131m g\u00f6zetmeksizin mesle\u011fimizi ifa etmekte oldu\u011fumuz halde, T.C Adalet Bakanl\u0131\u011f\u0131 CMK \u00fccret tarifesini AA\u00dcT ile e\u015fitlememe y\u00f6n\u00fcndeki \u0131srar\u0131 ile zorunlu m\u00fcdafilik m\u00fcessesesine angarya g\u00f6z\u00fcyle bakt\u0131\u011f\u0131n\u0131 bir kez daha a\u00e7\u0131k bir \u015fekilde g\u00f6stermi\u015ftir. Bizler mesle\u011fimizin onurunu, eme\u011fimizin kutsall\u0131\u011f\u0131n\u0131 savunmakta ve e\u015fit i\u015fe e\u015fit \u00fccret talebimizde \u0131srar ediyoruz. AA\u00dcT&#8217;ye e\u015fitlenmeyen CMK \u00fccret tarifesini kabul etmiyoruz!&#8221; Baromuz; TBB, barolar ve meslekta\u015flar\u0131m\u0131zla birlikte s\u00fcreci de\u011ferlendirecek, her t\u00fcrl\u00fc haks\u0131z tarifeye kar\u015f\u0131 m\u00fccadele edece\u011fimizi kamuoyu ile payla\u015f\u0131yoruz.&#8221;<\/p>\n","protected":false},"excerpt":{"rendered":"<p>Mersin Barosu y\u00f6netimi yapt\u0131\u011f\u0131 yaz\u0131l\u0131 a\u00e7\u0131klamas\u0131nda, Ceza Muhakemesi Kanunu gere\u011fince g\u00f6revlendirilen m\u00fcdafi ve vekillere yap\u0131lacak \u00f6demelere ili\u015fkin Resmi Gazete&#8217; de yay\u0131mlanan 2025 y\u0131l\u0131 \u00fccret tarifesi art\u0131\u015f oran\u0131n\u0131n yeterli olmad\u0131\u011f\u0131n\u0131 belirterek, &#8220;Avukatl\u0131k asgari \u00fccret tarifesine e\u015fitlenmeyen CMK \u00fccret tarifesini kabul etmiyoruz. E\u015fit i\u015fe e\u015fit \u00fccret talebimizde \u0131srar ediyoruz&#8221; dedi. &#8220;CMK \u00dcCRETLER\u0130 ADETA SAVUNMANIN BEL\u0130N\u0130 KIRMAKTADIR&#8221; CMK [&hellip;]<\/p>\n","protected":false},"author":2,"featured_media":39285,"comment_status":"closed","ping_status":"closed","sticky":false,"template":"","format":"standard","meta":{"footnotes":""},"categories":[3],"tags":[],"class_list":["post-39284","post","type-post","status-publish","format-standard","has-post-thumbnail","hentry","category-manset"],"views":4,"_links":{"self":[{"href":"https:\/\/mersinkadingazetesi.com\/index.php?rest_route=\/wp\/v2\/posts\/39284"}],"collection":[{"href":"https:\/\/mersinkadingazetesi.com\/index.php?rest_route=\/wp\/v2\/posts"}],"about":[{"href":"https:\/\/mersinkadingazetesi.com\/index.php?rest_route=\/wp\/v2\/types\/post"}],"author":[{"embeddable":true,"href":"https:\/\/mersinkadingazetesi.com\/index.php?rest_route=\/wp\/v2\/users\/2"}],"replies":[{"embeddable":true,"href":"https:\/\/mersinkadingazetesi.com\/index.php?rest_route=%2Fwp%2Fv2%2Fcomments&post=39284"}],"version-history":[{"count":1,"href":"https:\/\/mersinkadingazetesi.com\/index.php?rest_route=\/wp\/v2\/posts\/39284\/revisions"}],"predecessor-version":[{"id":39286,"href":"https:\/\/mersinkadingazetesi.com\/index.php?rest_route=\/wp\/v2\/posts\/39284\/revisions\/39286"}],"wp:featuredmedia":[{"embeddable":true,"href":"https:\/\/mersinkadingazetesi.com\/index.php?rest_route=\/wp\/v2\/media\/39285"}],"wp:attachment":[{"href":"https:\/\/mersinkadingazetesi.com\/index.php?rest_route=%2Fwp%2Fv2%2Fmedia&parent=39284"}],"wp:term":[{"taxonomy":"category","embeddable":true,"href":"https:\/\/mersinkadingazetesi.com\/index.php?rest_route=%2Fwp%2Fv2%2Fcategories&post=39284"},{"taxonomy":"post_tag","embeddable":true,"href":"https:\/\/mersinkadingazetesi.com\/index.php?rest_route=%2Fwp%2Fv2%2Ftags&post=39284"}],"curies":[{"name":"wp","href":"https:\/\/api.w.org\/{rel}","templated":true}]}}