{"id":39299,"date":"2025-02-04T11:09:53","date_gmt":"2025-02-04T08:09:53","guid":{"rendered":"https:\/\/mersinkadingazetesi.com\/?p=39299"},"modified":"2025-02-04T11:09:54","modified_gmt":"2025-02-04T08:09:54","slug":"toroslar-belediyesinde-en-dusuk-isci-maasi-33-bin-lira-oldu","status":"publish","type":"post","link":"https:\/\/mersinkadingazetesi.com\/?p=39299","title":{"rendered":"TOROSLAR BELED\u0130YES\u0130&#8217;NDE EN D\u00dc\u015e\u00dcK \u0130\u015e\u00c7\u0130 MAA\u015eI 33 B\u0130N L\u0130RA OLDU"},"content":{"rendered":"\n<p><strong>Toroslar Belediyesi, yeni asgari \u00fccretin 22 bin 104 lira olarak belirlenmesinin ard\u0131ndan i\u015f\u00e7i maa\u015flar\u0131nda d\u00fczenlemeye giderek en d\u00fc\u015f\u00fck i\u015f\u00e7i maa\u015f\u0131n\u0131 33 bin liraya y\u00fckseltti.<\/strong><\/p>\n\n\n\n<p>Belediye y\u00f6netiminin, i\u015f\u00e7ilerin maa\u015flar\u0131n\u0131n art\u0131r\u0131lmas\u0131 konusunda inisiyatif alarak bir d\u00fczenleme yapt\u0131\u011f\u0131n\u0131 belirten Toroslar Belediye Ba\u015fkan\u0131 Abdurrahman Y\u0131ld\u0131z, &#8220;En d\u00fc\u015f\u00fck belediye i\u015f\u00e7isi maa\u015f\u0131n\u0131 33 bin lira olarak belirledik. Asl\u0131nda bu rakam 37 bin lira olacakt\u0131, ancak mevcut s\u00f6zle\u015fme nedeniyle sosyal haklar k\u0131sm\u0131na m\u00fcdahale edemedik. Ancak yapt\u0131\u011f\u0131m\u0131z bu d\u00fczenleme ile i\u015f\u00e7ilerimizin k\u00f6k maa\u015f\u0131 y\u00fckseldi ve gelecekte yap\u0131lacak zamlarla daha avantajl\u0131 hale gelecekler&#8221; dedi.<\/p>\n\n\n\n<p>Toroslar Belediyesinin \u015eubat ay\u0131 Ola\u011fan Meclis Toplant\u0131s\u0131, Belediye Ba\u015fkan\u0131 Abdurrahman Y\u0131ld\u0131z ba\u015fkanl\u0131\u011f\u0131nda ger\u00e7ekle\u015fti.<\/p>\n\n\n\n<p><strong>&#8220;EK PROTOKOL YASALARA AYKIRI&#8221;<\/strong><\/p>\n\n\n\n<p>G\u00fcndeme ili\u015fkin konu\u015fan Toroslar Belediye Ba\u015fkan\u0131 Abdurrahman Y\u0131ld\u0131z, i\u015f\u00e7ilerin maa\u015flar\u0131yla ilgili kamuoyunda yap\u0131lan spek\u00fclasyonlara a\u00e7\u0131kl\u0131k getirdi. Ba\u015fkan Y\u0131ld\u0131z, belediyenin \u00f6nceki y\u00f6netim d\u00f6neminde yap\u0131lan toplu i\u015f s\u00f6zle\u015fmelerini uygulamaya devam ettiklerini, ancak se\u00e7im \u00f6ncesinde yap\u0131lan ek protokol\u00fcn yasalara ayk\u0131r\u0131 oldu\u011funu belirterek, mahkeme s\u00fcrecinin devam etti\u011fini s\u00f6yledi.<\/p>\n\n\n\n<p>Ba\u015fkan Y\u0131ld\u0131z, \u00f6nceki belediye y\u00f6netiminin 31 Mart se\u00e7imlerinden hemen \u00f6nce, Mart ay\u0131n\u0131n ba\u015f\u0131nda bir ek protokol imzalad\u0131\u011f\u0131n\u0131 ve bu protokol\u00fcn belediyeyi mali a\u00e7\u0131dan zor duruma sokacak h\u00fck\u00fcmler i\u00e7erdi\u011fini ifade etti. Protokol\u00fcn hukuki olmad\u0131\u011f\u0131 gerek\u00e7esiyle mahkemeye ta\u015f\u0131nd\u0131\u011f\u0131n\u0131 belirten Y\u0131ld\u0131z, &#8220;Biz geldi\u011fimizin hemen ertesinde bu protokol\u00fc dava ettik. Bunun olmayaca\u011f\u0131n\u0131, belediyeyi kilitleyece\u011fini, anayasaya ve yasaya ayk\u0131r\u0131 oldu\u011funu s\u00f6yledik. \u00c7\u00fcnk\u00fc i\u015f kanunu diyor ki; i\u015f\u00e7ilerin emekli olduklar\u0131nda nas\u0131l emekli olacaklar\u0131 ve ne kadar tazminat alacaklar\u0131 herhangi bir sebepten kaynakl\u0131 kendi iste\u011fiyle i\u015ften ayr\u0131l\u0131rsa ne kadar tazminat alacaklar\u0131 vesaire \u00fcst s\u0131n\u0131rlar\u0131 belli. Bu sadece belediye ya da kamu i\u015fyerleri i\u00e7in de\u011fil, b\u00fct\u00fcn i\u015fverenler i\u00e7in ba\u011flay\u0131c\u0131 h\u00fckm\u00fcndeki yasalar bunlar. Fakat bizim bu ek protokolde biraz acele yap\u0131ld\u0131\u011f\u0131 i\u00e7in usule ayk\u0131r\u0131 olmu\u015f bu i\u015f. Mesela belediye ba\u015fkan\u0131n imzas\u0131 yok, sendika bunu otob\u00fcs ile g\u00f6ndermi\u015f, kargodan al\u0131nm\u0131\u015f, karmakar\u0131\u015f\u0131k bir durum var. Buradaki i\u015fin muhatab\u0131 kim belli de\u011fil. \u0130mzalar\u0131n ger\u00e7ek olup olmad\u0131\u011f\u0131 belli de\u011fil. Zaten bizim davet etmemizin temel sebeplerinden bir tanesi de bu. Mesela bu protokolde; i\u015f\u00e7i bir g\u00fcn bile \u00e7al\u0131\u015fm\u0131\u015fsa Toroslar Belediyesi&#8217;nde 36 ay tazminat \u00f6demeniz gerekir, diyor. Bu durum anayasa, i\u015f yasas\u0131 ve sendika yasas\u0131na ayk\u0131r\u0131 bir durum&#8221; dedi.<\/p>\n\n\n\n<p><strong>&#8220;S\u00d6ZLE\u015eME ALELACELE HAZIRLANMI\u015e&#8221;<\/strong><\/p>\n\n\n\n<p>Bir maa\u015f skalas\u0131n\u0131n olu\u015ftu\u011funu belirten Ba\u015fkan Y\u0131ld\u0131z, &#8220;Bu skala i\u00e7erisinde ortalama 70 bin lira maa\u015f \u00f6demeniz laz\u0131m diyorlar. Ke\u015fke b\u00f6yle bir imkan olsa benim de asl\u0131nda istedi\u011fim \u015fey bu. Yani otuz y\u0131ldan fazlas\u0131n\u0131 i\u015f\u00e7i s\u0131n\u0131f\u0131 m\u00fccadelesine vermi\u015f bir belediye ba\u015fkan\u0131 olarak belediye \u00e7al\u0131\u015fanlar\u0131m\u0131za ke\u015fke 70 bin lira maa\u015f verebiliyor olsayd\u0131k. Ama siz de biliyorsunuz; b\u00fct\u00e7e k\u0131s\u0131tl\u0131 ve personele normal b\u00fct\u00e7enin y\u00fczde otuzundan daha fazla maa\u015f verilemeyece\u011fini biliyorsunuz. Dolay\u0131s\u0131yla b\u00f6yle bir \u015feyin haz\u0131rlanmas\u0131 asl\u0131nda, biz se\u00e7imi kaybediyoruz ya da aday g\u00f6sterilmedik \u00f6yleyse &#8216;bizden sonras\u0131 tufan&#8217; denilerek alelacele imzalanm\u0131\u015f bir s\u00f6zle\u015fmeyle kar\u015f\u0131 kar\u015f\u0131yay\u0131z&#8221; \u015feklinde konu\u015ftu.<\/p>\n\n\n\n<p><strong>&#8220;SEND\u0130KA \u0130\u015eB\u0130RL\u0130\u011e\u0130N\u0130 REDDETT\u0130&#8221;<\/strong><\/p>\n\n\n\n<p>Belediye y\u00f6netiminin, yetkili sendikayla temas kurdu\u011funu ve i\u015f\u00e7ilerin ma\u011fdur olmamas\u0131 i\u00e7in sendika ile g\u00f6r\u00fc\u015fmeler yapt\u0131\u011f\u0131n\u0131 belirten Y\u0131ld\u0131z, &#8220;Bu i\u015f, i\u015f\u00e7iyi ma\u011fdur ediyor, mahkemeden ge\u00e7mesi m\u00fcmk\u00fcn de\u011fil, gelin ek protokol\u00fc tekrar d\u00fczenleyelim, mant\u0131kl\u0131 bir hale getirelim dedik. Biz bu ek protokol\u00fcn uygulanamaz oldu\u011funu, belediyeyi kilitleyece\u011fini sendikaya anlatt\u0131k. Ancak sendikan\u0131n bu konuda i\u015f birli\u011fi yapmad\u0131\u011f\u0131n\u0131 g\u00f6rd\u00fck. Sonras\u0131nda yetkili sendika de\u011fi\u015fti ve yeni bir s\u00f6zle\u015fme yapma s\u00fcrecine girildi&#8221; diye konu\u015ftu.<\/p>\n\n\n\n<p><strong>&#8220;AMACIMIZ \u0130\u015e\u00c7\u0130LER\u0130N MA\u011eDUR\u0130YET\u0130N\u0130 \u00d6NLEMEK. TEMMUZ AYINDA YAPACA\u011eIMIZ YEN\u0130 S\u00d6ZLE\u015eMEY\u0130 \u0130\u015e\u00c7\u0130LER\u0130M\u0130ZLE KUTLAYACA\u011eIZ&#8221;<\/strong><\/p>\n\n\n\n<p>Mevcut ek protokol\u00fcn mahkeme s\u00fcrecinin devam etti\u011fini ifade eden Y\u0131ld\u0131z, mahkeme karar\u0131na g\u00f6re i\u015f\u00e7ilerin haklar\u0131n\u0131 koruyacak yeni d\u00fczenlemeler yapacaklar\u0131n\u0131 belirtti. Y\u0131ld\u0131z, &#8220;Mahkemeden \u00e7\u0131kacak sonuca g\u00f6re, s\u00f6zle\u015fmenin ge\u00e7erli b\u00f6l\u00fcmlerini uygulamaya devam edece\u011fiz. E\u011fer iptal edilirse, 1 Ocak 2025&#8217;ten itibaren ge\u00e7erli olacak \u015fekilde yeni bir s\u00f6zle\u015fme yaparak i\u015f\u00e7ilerimizin haklar\u0131n\u0131 koruyaca\u011f\u0131z. Amac\u0131m\u0131z, i\u015f\u00e7ilerin ma\u011fdur olmas\u0131n\u0131 \u00f6nlemek ve belediyenin s\u00fcrd\u00fcr\u00fclebilir bir mali yap\u0131ya sahip olmas\u0131n\u0131 sa\u011flamakt\u0131r&#8221; \u015feklinde konu\u015ftu.<\/p>\n\n\n\n<p>Y\u0131ld\u0131z, Temmuz 2025&#8217;te yap\u0131lacak yeni s\u00f6zle\u015fme s\u00fcrecinde i\u015f\u00e7ilerin haklar\u0131n\u0131 en iyi \u015fekilde koruyacaklar\u0131n\u0131 ve bu s\u00fcreci i\u015f\u00e7ilerle birlikte kutlayacaklar\u0131n\u0131 belirterek, &#8220;Sendikalar\u0131n temel g\u00f6revi i\u015f\u00e7ilerin haklar\u0131n\u0131 korumakt\u0131r, siyasi \u00e7eki\u015fmelere girmemelidir&#8221; ifadelerini kulland\u0131.<\/p>\n\n\n\n<p><strong>&#8220;\u0130BADET \u00d6ZG\u00dcRL\u00dc\u011e\u00dcNE SAYGIMIZ SONSUZ&#8221;<\/strong><\/p>\n\n\n\n<p>Ba\u015fkan Y\u0131ld\u0131z, belediyenin camilere ve ibadet yerlerine y\u00f6nelik hizmetlerini vurgulayarak, &#8220;Belediyemiz, camilerin temizli\u011fine destek oluyor. Ayn\u0131 \u015fekilde bir cemevi veya kilise de talepte bulunsa, onlara da adil \u015fekilde yakla\u015f\u0131r\u0131z&#8221; ifadelerini kulland\u0131.<\/p>\n\n\n\n<p>\u00d6nemli g\u00fcnlerde ihtiya\u00e7 sahiplerine yap\u0131lacak yard\u0131mlar\u0131n da reklam amac\u0131yla kullan\u0131lmayaca\u011f\u0131n\u0131 belirten Y\u0131ld\u0131z, &#8220;Yard\u0131m gizli yap\u0131l\u0131r, belediye ba\u015fkan\u0131n\u0131n foto\u011fraf\u0131n\u0131n bas\u0131lmas\u0131na kar\u015f\u0131y\u0131z&#8221; diye konu\u015ftu.<\/p>\n\n\n\n<p>Ba\u015fkan Y\u0131ld\u0131z, Toroslar&#8217;da bulunan Osmaniye Camii&#8217;nin il\u00e7edeki \u00f6nemine de de\u011findi. Y\u0131ld\u0131z, &#8220;Bu camiyi koruma alt\u0131na almak istiyoruz. \u00c7evresindeki d\u00fckk\u00e2nlar ve at\u0131l alanlar d\u00fczenlenecek, tarihi yap\u0131n\u0131n \u00f6zg\u00fcn g\u00fczelli\u011fi ortaya \u00e7\u0131kar\u0131lacak. Yine Arslank\u00f6y&#8217;de de tarihi bir camimiz var bizim. Valilik ile yaz\u0131\u015ft\u0131k, yetkiyi ald\u0131k. Camimizin onar\u0131m\u0131 konusunda bir proje \u00e7\u0131karaca\u011f\u0131z. Arslank\u00f6y tarihi caminin kurtar\u0131lmas\u0131 noktas\u0131nda elimizden geleni yapaca\u011f\u0131z&#8221; dedi.<\/p>\n\n\n\n<p>Son olarak, inan\u00e7 \u00f6zg\u00fcrl\u00fc\u011f\u00fcne verdi\u011fi \u00f6nemi bir kez daha vurgulayan Y\u0131ld\u0131z, &#8220;Herkes inanc\u0131n\u0131 \u00f6zg\u00fcrce ya\u015fayabilmeli. Toroslar Belediyesi, ibadethanelerin ihtiya\u00e7lar\u0131n\u0131 kar\u015f\u0131lamak i\u00e7in \u00fczerine d\u00fc\u015feni yapmaya devam edecek&#8221; \u015feklinde konu\u015ftu.<\/p>\n\n\n\n<p>Meclis toplant\u0131s\u0131, g\u00fcndem maddelerinin g\u00f6r\u00fc\u015f\u00fclerek karara ba\u011flanmas\u0131yla son buldu.<\/p>\n","protected":false},"excerpt":{"rendered":"<p>Toroslar Belediyesi, yeni asgari \u00fccretin 22 bin 104 lira olarak belirlenmesinin ard\u0131ndan i\u015f\u00e7i maa\u015flar\u0131nda d\u00fczenlemeye giderek en d\u00fc\u015f\u00fck i\u015f\u00e7i maa\u015f\u0131n\u0131 33 bin liraya y\u00fckseltti. Belediye y\u00f6netiminin, i\u015f\u00e7ilerin maa\u015flar\u0131n\u0131n art\u0131r\u0131lmas\u0131 konusunda inisiyatif alarak bir d\u00fczenleme yapt\u0131\u011f\u0131n\u0131 belirten Toroslar Belediye Ba\u015fkan\u0131 Abdurrahman Y\u0131ld\u0131z, &#8220;En d\u00fc\u015f\u00fck belediye i\u015f\u00e7isi maa\u015f\u0131n\u0131 33 bin lira olarak belirledik. Asl\u0131nda bu rakam 37 [&hellip;]<\/p>\n","protected":false},"author":2,"featured_media":39300,"comment_status":"closed","ping_status":"closed","sticky":false,"template":"","format":"standard","meta":{"footnotes":""},"categories":[34,3],"tags":[],"class_list":["post-39299","post","type-post","status-publish","format-standard","has-post-thumbnail","hentry","category-flas-haber","category-manset"],"views":7,"_links":{"self":[{"href":"https:\/\/mersinkadingazetesi.com\/index.php?rest_route=\/wp\/v2\/posts\/39299"}],"collection":[{"href":"https:\/\/mersinkadingazetesi.com\/index.php?rest_route=\/wp\/v2\/posts"}],"about":[{"href":"https:\/\/mersinkadingazetesi.com\/index.php?rest_route=\/wp\/v2\/types\/post"}],"author":[{"embeddable":true,"href":"https:\/\/mersinkadingazetesi.com\/index.php?rest_route=\/wp\/v2\/users\/2"}],"replies":[{"embeddable":true,"href":"https:\/\/mersinkadingazetesi.com\/index.php?rest_route=%2Fwp%2Fv2%2Fcomments&post=39299"}],"version-history":[{"count":1,"href":"https:\/\/mersinkadingazetesi.com\/index.php?rest_route=\/wp\/v2\/posts\/39299\/revisions"}],"predecessor-version":[{"id":39301,"href":"https:\/\/mersinkadingazetesi.com\/index.php?rest_route=\/wp\/v2\/posts\/39299\/revisions\/39301"}],"wp:featuredmedia":[{"embeddable":true,"href":"https:\/\/mersinkadingazetesi.com\/index.php?rest_route=\/wp\/v2\/media\/39300"}],"wp:attachment":[{"href":"https:\/\/mersinkadingazetesi.com\/index.php?rest_route=%2Fwp%2Fv2%2Fmedia&parent=39299"}],"wp:term":[{"taxonomy":"category","embeddable":true,"href":"https:\/\/mersinkadingazetesi.com\/index.php?rest_route=%2Fwp%2Fv2%2Fcategories&post=39299"},{"taxonomy":"post_tag","embeddable":true,"href":"https:\/\/mersinkadingazetesi.com\/index.php?rest_route=%2Fwp%2Fv2%2Ftags&post=39299"}],"curies":[{"name":"wp","href":"https:\/\/api.w.org\/{rel}","templated":true}]}}