{"id":39311,"date":"2025-02-04T11:50:51","date_gmt":"2025-02-04T08:50:51","guid":{"rendered":"https:\/\/mersinkadingazetesi.com\/?p=39311"},"modified":"2025-02-04T11:50:52","modified_gmt":"2025-02-04T08:50:52","slug":"musiad-mersinden-de-mersin-sanayi-odasina-evet","status":"publish","type":"post","link":"https:\/\/mersinkadingazetesi.com\/?p=39311","title":{"rendered":"M\u00dcS\u0130AD Mersin\u2019den de, &#8216;Mersin Sanayi Odas\u0131\u2019na \u2018Evet\u2019"},"content":{"rendered":"\n<h2 class=\"wp-block-heading\">Mersin\u2019in stratejik konumu, lojistik avantajlar\u0131 ve tar\u0131msal \u00fcretimdeki ba\u015far\u0131s\u0131yla b\u00fcy\u00fck potansiyel bar\u0131nd\u0131rd\u0131\u011f\u0131n\u0131n alt\u0131n\u0131 \u00e7izen M\u00dcS\u0130AD Mersin \u015eube Ba\u015fkan\u0131 M. Sait Kayan, farkl\u0131 ama\u00e7la kullan\u0131lmayacaksa Mersin\u2019de sanayi odas\u0131n\u0131n kurulmas\u0131na evet dedikleri s\u00f6yledi.<\/h2>\n\n\n\n<p><strong><br><\/strong>Genel kurulda g\u00fcven tazeleyerek yeniden g\u00f6reve getirilen M\u00fcstakil Sanayici ve \u0130\u015f Adamlar\u0131 Derne\u011fi (M\u00dcS\u0130AD) Mersin \u015eube Ba\u015fkan\u0131 M. Sait Kayan, d\u00fczenledikleri toplant\u0131s\u0131nda bas\u0131n mensuplar\u0131yla bulu\u015farak \u20182025-2026 \u00c7al\u0131\u015fma Vizyonu\u2019 hakk\u0131nda geni\u015f bilgi verdi.<\/p>\n\n\n\n<p>Mersin i\u015f d\u00fcnyas\u0131 temsilcileri, kamu kurumlar\u0131 ve yerel y\u00f6netimlerle birlikte hareket ederek \u015fehri daha parlak bir gelece\u011fe ta\u015f\u0131mak i\u00e7in kararl\u0131 olduklar\u0131n\u0131 dile getiren M. Sait Kayan, \u201cM\u00dcS\u0130AD olarak 2 y\u0131l i\u00e7inde sadece ekonomik b\u00fcy\u00fcme de\u011fil, \u015fehrin sosyal yap\u0131s\u0131n\u0131n g\u00fc\u00e7lendi\u011fi, altyap\u0131s\u0131n\u0131n geli\u015fti\u011fi, e\u011fitim ve istihdam imk\u00e2nlar\u0131n\u0131n artt\u0131\u011f\u0131 bir d\u00f6nem olacak. Bu s\u00fcre\u00e7te, hem bizler hem de \u015fehrimizin di\u011fer payda\u015flar\u0131 bu vizyonun \u015fekillenmesinde kritik rol oynayacak. Mersin; sahip oldu\u011fu stratejik konumu, limanlar\u0131, serbest b\u00f6lgeleri ve tar\u0131m sekt\u00f6r\u00fcyle b\u00fcy\u00fck bir potansiyele sahip. Bu potansiyeli kullanmak ve Mersin\u2019i b\u00f6lgesel bir merkez haline getirmek i\u00e7in t\u00fcm imk\u00e2nlar\u0131m\u0131z\u0131 seferber edece\u011fiz. \u00d6n\u00fcm\u00fczdeki d\u00f6nemde, yat\u0131r\u0131mc\u0131lar\u0131 Mersin&#8217;e \u00e7ekmek i\u00e7in \u00e7e\u015fitli projeler geli\u015ftirece\u011fiz. Organize sanayi b\u00f6lgelerinin altyap\u0131s\u0131n\u0131 g\u00fc\u00e7lendirecek, yeni sanayi alanlar\u0131 ve ticaret odakl\u0131 projelerle \u015fehrimizin ekonomik b\u00fcy\u00fcmesini h\u0131zland\u0131raca\u011f\u0131z. \u015eehrimize ulusal ve uluslararas\u0131 yat\u0131r\u0131mc\u0131lar\u0131 \u00e7ekmek i\u00e7in \u00e7al\u0131\u015fmalar\u0131m\u0131z\u0131 yo\u011funla\u015ft\u0131raca\u011f\u0131z\u201d dedi.<br><\/p>\n\n\n\n<p>\u201c\u00dcniversitelerle, meslek y\u00fcksekokullar\u0131yla ve sanayi sekt\u00f6r\u00fcyle i\u015f birli\u011fi yap\u0131lacak\u201d<\/p>\n\n\n\n<p><strong><br><\/strong>Mersin\u2019de ekonomik b\u00fcy\u00fcmenin birlik ve beraberlik i\u00e7erisinde kaliteli bir i\u015f g\u00fcc\u00fc ve g\u00fc\u00e7l\u00fc e\u011fitim altyap\u0131s\u0131yla m\u00fcmk\u00fcn olaca\u011f\u0131n\u0131 vurgulayan M. Sait Kayan, \u201c\u00dcniversitelerle, meslek y\u00fcksekokullar\u0131yla ve sanayi sekt\u00f6r\u00fcyle i\u015f birli\u011fi yaparak, gen\u00e7lerimize nitelikli e\u011fitim imk\u00e2nlar\u0131 sunaca\u011f\u0131z. \u015eehirdeki i\u015f g\u00fcc\u00fc, i\u015f d\u00fcnyam\u0131z\u0131n ihtiya\u00e7lar\u0131na uygun olarak yeti\u015ftirilecek ve b\u00f6ylece Mersin, hem yerel hem de b\u00f6lgesel d\u00fczeyde istihdam art\u0131\u015f\u0131 sa\u011flayacak. \u0130htiya\u00e7 duyulan teknik ve mesleki alanlarda e\u011fitim veren kurslar, sertifika programlar\u0131 ve i\u015f ba\u015f\u0131 e\u011fitim projeleri ba\u015flatarak, gen\u00e7lerin istihdam\u0131n\u0131 art\u0131rmay\u0131 hedefliyoruz. Ayr\u0131ca, kad\u0131n giri\u015fimcilerin ve \u00e7al\u0131\u015fanlar\u0131n\u0131n desteklenmesi, \u015fehrimizin kalk\u0131nmas\u0131nda \u00f6nemli bir rol oynayacak. Bu nedenle kad\u0131nlar\u0131n i\u015f g\u00fcc\u00fcne kat\u0131l\u0131m\u0131n\u0131 art\u0131racak projeleri de \u015fehrimizin \u00f6ncelikleri aras\u0131na al\u0131yoruz\u201d diye konu\u015ftu.<br><br>\u201cMersin\u2019in altyap\u0131 yat\u0131r\u0131mlar\u0131 ve ula\u015f\u0131m sorunlar\u0131 bir an \u00f6nce \u00e7\u00f6z\u00fclmeli\u201d<\/p>\n\n\n\n<p>Mersin\u2019in s\u00fcrd\u00fcr\u00fclebilir b\u00fcy\u00fcmesi i\u00e7in altyap\u0131 yat\u0131r\u0131mlar\u0131 ve ula\u015f\u0131m sorunlar\u0131n\u0131n bir an \u00f6nce \u00e7\u00f6z\u00fclmesi gerekti\u011fini belirten M. Sait Kayan, \u201c\u0130mar sorunlar\u0131ndan trafik s\u0131k\u0131\u015f\u0131kl\u0131\u011f\u0131na, sosyal konut projelerinden ula\u015f\u0131m altyap\u0131s\u0131n\u0131n iyile\u015ftirilmesine kadar bir\u00e7ok alanda yerel y\u00f6netimlerle i\u015f birli\u011fi yaparak, kal\u0131c\u0131 \u00e7\u00f6z\u00fcmler \u00fcretece\u011fiz. Ba\u015fkanl\u0131\u011f\u0131mda M\u00dcS\u0130AD Mersin, \u015fehri daha modern ve ula\u015f\u0131labilir k\u0131lmak ad\u0131na her f\u0131rsatta bu alanlarda somut ad\u0131mlar at\u0131lmas\u0131 i\u00e7in gerekli deste\u011fi verecek. \u00d6zellikle D-400 yolundaki trafik s\u0131k\u0131\u015f\u0131kl\u0131\u011f\u0131n\u0131 hafifletilmesi, \u00fc\u00e7\u00fcnc\u00fc \u00e7evre yolunun in\u015fas\u0131na h\u0131z kazand\u0131r\u0131lmas\u0131, \u015fehrin d\u00f6rt bir yan\u0131ndaki ula\u015f\u0131m altyap\u0131s\u0131n\u0131n g\u00fc\u00e7lendirilmesi i\u00e7in yerel y\u00f6netimlerle koordineli \u015fekilde \u00e7al\u0131\u015faca\u011f\u0131z. Ayr\u0131ca, Mersin\u2019in afet durumunda tahliye ve ula\u015f\u0131labilirli\u011fini sa\u011flamak i\u00e7in alternatif yollar geli\u015ftirmek, \u015fehrin her noktas\u0131na ula\u015f\u0131m\u0131n daha h\u0131zl\u0131 ve g\u00fcvenli olmas\u0131n\u0131 sa\u011flayacak. Ula\u015f\u0131m altyap\u0131s\u0131ndaki bu d\u00f6n\u00fc\u015f\u00fcm, sanayi b\u00f6lgelerimizdeki i\u015fletmelerin,&nbsp;<a href=\"https:\/\/www.ekonomim.com\/sektorler\/lojistik\" rel=\"noreferrer noopener\" target=\"_blank\">lojistik<\/a>&nbsp;sekt\u00f6r\u00fcn\u00fcn&nbsp;ve ticaretin daha verimli i\u015flemesine de katk\u0131 verecek.\u201d \u015feklinde konu\u015ftu.<\/p>\n\n\n\n<h2 class=\"wp-block-heading\">Son d\u00f6nemde kurulma \u00e7al\u0131\u015fmalar\u0131 h\u0131z kazanan Mersin Sanayi Odas\u0131 ile ilgili soruya cevap veren M\u00dcS\u0130AD Mersin \u015eube Ba\u015fkan\u0131 M. Sait Kayan, farkl\u0131 ama\u00e7la kullan\u0131lmayacaksa, Mersin\u2019de sanayinin daha h\u0131zl\u0131 geli\u015fmesi i\u00e7in sanayi odas\u0131n\u0131n kurulmas\u0131na evet dedikleri dile getirdi.<\/h2>\n","protected":false},"excerpt":{"rendered":"<p>Mersin\u2019in stratejik konumu, lojistik avantajlar\u0131 ve tar\u0131msal \u00fcretimdeki ba\u015far\u0131s\u0131yla b\u00fcy\u00fck potansiyel bar\u0131nd\u0131rd\u0131\u011f\u0131n\u0131n alt\u0131n\u0131 \u00e7izen M\u00dcS\u0130AD Mersin \u015eube Ba\u015fkan\u0131 M. Sait Kayan, farkl\u0131 ama\u00e7la kullan\u0131lmayacaksa Mersin\u2019de sanayi odas\u0131n\u0131n kurulmas\u0131na evet dedikleri s\u00f6yledi. Genel kurulda g\u00fcven tazeleyerek yeniden g\u00f6reve getirilen M\u00fcstakil Sanayici ve \u0130\u015f Adamlar\u0131 Derne\u011fi (M\u00dcS\u0130AD) Mersin \u015eube Ba\u015fkan\u0131 M. Sait Kayan, d\u00fczenledikleri toplant\u0131s\u0131nda bas\u0131n mensuplar\u0131yla [&hellip;]<\/p>\n","protected":false},"author":2,"featured_media":39312,"comment_status":"closed","ping_status":"closed","sticky":false,"template":"","format":"standard","meta":{"footnotes":""},"categories":[1,3],"tags":[],"class_list":["post-39311","post","type-post","status-publish","format-standard","has-post-thumbnail","hentry","category-genel","category-manset"],"views":7,"_links":{"self":[{"href":"https:\/\/mersinkadingazetesi.com\/index.php?rest_route=\/wp\/v2\/posts\/39311"}],"collection":[{"href":"https:\/\/mersinkadingazetesi.com\/index.php?rest_route=\/wp\/v2\/posts"}],"about":[{"href":"https:\/\/mersinkadingazetesi.com\/index.php?rest_route=\/wp\/v2\/types\/post"}],"author":[{"embeddable":true,"href":"https:\/\/mersinkadingazetesi.com\/index.php?rest_route=\/wp\/v2\/users\/2"}],"replies":[{"embeddable":true,"href":"https:\/\/mersinkadingazetesi.com\/index.php?rest_route=%2Fwp%2Fv2%2Fcomments&post=39311"}],"version-history":[{"count":1,"href":"https:\/\/mersinkadingazetesi.com\/index.php?rest_route=\/wp\/v2\/posts\/39311\/revisions"}],"predecessor-version":[{"id":39313,"href":"https:\/\/mersinkadingazetesi.com\/index.php?rest_route=\/wp\/v2\/posts\/39311\/revisions\/39313"}],"wp:featuredmedia":[{"embeddable":true,"href":"https:\/\/mersinkadingazetesi.com\/index.php?rest_route=\/wp\/v2\/media\/39312"}],"wp:attachment":[{"href":"https:\/\/mersinkadingazetesi.com\/index.php?rest_route=%2Fwp%2Fv2%2Fmedia&parent=39311"}],"wp:term":[{"taxonomy":"category","embeddable":true,"href":"https:\/\/mersinkadingazetesi.com\/index.php?rest_route=%2Fwp%2Fv2%2Fcategories&post=39311"},{"taxonomy":"post_tag","embeddable":true,"href":"https:\/\/mersinkadingazetesi.com\/index.php?rest_route=%2Fwp%2Fv2%2Ftags&post=39311"}],"curies":[{"name":"wp","href":"https:\/\/api.w.org\/{rel}","templated":true}]}}