{"id":39327,"date":"2025-02-04T15:40:42","date_gmt":"2025-02-04T12:40:42","guid":{"rendered":"https:\/\/mersinkadingazetesi.com\/?p=39327"},"modified":"2025-02-04T15:40:42","modified_gmt":"2025-02-04T12:40:42","slug":"toroslar-belediyesi-bir-ilki-gerceklestirdi","status":"publish","type":"post","link":"https:\/\/mersinkadingazetesi.com\/?p=39327","title":{"rendered":"TOROSLAR BELED\u0130YES\u0130 B\u0130R \u0130LK\u0130 GER\u00c7EKLE\u015eT\u0130RD\u0130"},"content":{"rendered":"\n<p>Toroslar Belediye Ba\u015fkan\u0131 Abdurrahman Y\u0131ld\u0131z, il\u00e7enin tarihinde ilk kez d\u00fczenlenen Tar\u0131m \u00c7al\u0131\u015ftay\u0131nda y\u00f6re \u00e7ift\u00e7isinin isyan\u0131n\u0131 dile getirdi. Mersin&#8217;in tar\u0131msal ihracata 32,6 milyar dolar katk\u0131 verdi\u011fini kaydeden Ba\u015fkan Y\u0131ld\u0131z, &#8220;Madem bu kadar milyar dolar kazan\u0131yoruz, peki k\u00f6yl\u00fclerimiz neden kazanm\u0131yor? K\u00f6yl\u00fclerimiz bu paradan ne kadar pay al\u0131yor? E\u011fer ihracat bu kadar kazand\u0131r\u0131yorsa \u00fcreticilerin de bundan adil pay almas\u0131 gerekir&#8221; dedi.<\/p>\n\n\n\n<p>\u00dcreticinin \u00f6rg\u00fctl\u00fc olmad\u0131\u011f\u0131n\u0131, \u00fcreticinin mal\u0131n\u0131 alanlar\u0131n ise \u00f6rg\u00fctl\u00fc oldu\u011funu belirten Y\u0131ld\u0131z, \u00fcreticinin de \u00fcretim ve sat\u0131\u015f s\u00fcrecinde s\u00f6z sahibi olmas\u0131 i\u00e7in \u00f6rg\u00fctlenmesi gerekti\u011fini vurgulad\u0131. Ba\u015fkan Y\u0131ld\u0131z, Akdeniz meyve sine\u011fi zararl\u0131s\u0131yla m\u00fccadelede \u00fcreticilere destek olacaklar\u0131n\u0131n m\u00fcjdesini de verdi.<\/p>\n\n\n\n<p>Mersin&#8217;in merkez Toroslar Belediyesi, il\u00e7enin tarihinde bir ilki ger\u00e7ekle\u015ftirerek &#8221;Toroslar&#8217;da Ak\u0131lc\u0131 Tar\u0131m i\u00e7in Hep Birlikte&#8221; \u015fiar\u0131yla Tar\u0131m \u00e7al\u0131\u015ftay\u0131 d\u00fczenledi. \u00dcreticilerin ve \u00e7ift\u00e7ilerin yo\u011fun kat\u0131l\u0131m\u0131yla Yunus Emre K\u00fclt\u00fcr Merkezi&#8217;nde yap\u0131lan \u00e7al\u0131\u015ftayda uzmanlar g\u00f6r\u00fc\u015f ve \u00e7\u00f6z\u00fcm \u00f6nerilerini sundu. \u0130ki g\u00fcn s\u00fcrecek olan \u00e7al\u0131\u015ftay\u0131n ilk g\u00fcn\u00fcnde program sinevizyon g\u00f6sterimiyle ba\u015flad\u0131.<\/p>\n\n\n\n<p><strong>&#8220;\u00dcR\u00dcNLER\u0130N HAK ETT\u0130\u011e\u0130 DE\u011eER VE PAZAR BULMASINA ARACILIK EDECE\u011e\u0130Z&#8221;<\/strong><\/p>\n\n\n\n<p>\u00c7al\u0131\u015ftay\u0131n a\u00e7\u0131l\u0131\u015f konu\u015fmas\u0131n\u0131 Toroslar Belediyesi Tar\u0131msal Hizmetler M\u00fcd\u00fcr\u00fc Sinan Taylan Berk yapt\u0131. Ba\u015fkan Y\u0131ld\u0131z&#8217;\u0131n son birka\u00e7 ayd\u0131r k\u0131rsal mahallelerde yapt\u0131\u011f\u0131 ziyaretlerin verimli ge\u00e7ti\u011fini belirten Berk, &#8221;Tarladan sofraya, \u00fcreticiden t\u00fcketiciye zincirin her a\u015famas\u0131nda \u00fcreticimize yol g\u00f6stererek \u00fcretimlerine destek verip sorunlar\u0131na kal\u0131c\u0131 \u00e7\u00f6z\u00fcmler \u00fcretmeye \u00e7al\u0131\u015faca\u011f\u0131z. \u00dcr\u00fcnlerin hak etti\u011fi de\u011feri, pazar bulmas\u0131na ve t\u00fcketicinin g\u00f6n\u00fcl rahatl\u0131\u011f\u0131yla t\u00fcketebilecekleri sa\u011fl\u0131kl\u0131 \u00fcr\u00fcnlerle bulu\u015fturulmas\u0131na arac\u0131l\u0131k edece\u011fiz&#8221; dedi.<\/p>\n\n\n\n<p><strong>&#8220;2018&#8217;DEN SONRA \u0130LK DEFA AKDEN\u0130Z MEYVE S\u0130NE\u011e\u0130YLE \u0130LG\u0130L\u0130 B\u0130R \u00c7ALI\u015eMA VAR&#8221;<\/strong><\/p>\n\n\n\n<p>Ard\u0131ndan konu\u015fan Mersin Ziraat Odas\u0131 Ba\u015fkan\u0131 Musa Y\u0131lmaz ise Akdeniz meyve sine\u011fi ile m\u00fccadele etmenin ve tar\u0131m\u0131n desteklenmesi gerekti\u011fini vurgulad\u0131. Y\u0131lmaz, &#8221;De\u011ferli Abdurrahman Y\u0131ld\u0131z ile Toroslarm\u0131zda tar\u0131mla ilgili ne yap\u0131labilir ile ilgili bir \u00e7ok g\u00f6r\u00fc\u015fmemiz oldu. Sonucunda bu \u00e7al\u0131\u015ftay sizlerin \u00f6n\u00fcne ve huzurunuza gelmi\u015f bulunmaktad\u0131r. Burada slogan \u00e7ok \u00f6nemli s\u00f6z \u00e7ift\u00e7i de, yani s\u00f6z sizde. 2018&#8217;den beri Akdeniz meyve sine\u011fiyle ilgili hi\u00e7bir biyolojik olarak hi\u00e7bir \u00e7al\u0131\u015fma yap\u0131lmad\u0131. Bug\u00fcn Mersin&#8217;de ilkini ba\u015flatan Toroslar Belediye ba\u015fkan\u0131 oldu. Huzurlar\u0131n\u0131z da Ba\u015fkan Y\u0131ld\u0131z&#8217;a ve tar\u0131ma katk\u0131 yapan b\u00fct\u00fcn belediye ba\u015fkanlar\u0131na \u00e7ok te\u015fekk\u00fcr ediyorum&#8221; \u015feklinde konu\u015ftu.&nbsp;<\/p>\n\n\n\n<p><strong>&#8220;S\u00d6Z\u00dc \u00c7\u0130FT\u00c7\u0130YE BIRAKAN YILDIZ&#8217;A TE\u015eEKK\u00dcR ED\u0130YORUM&#8221;<\/strong><\/p>\n\n\n\n<p>Mersin B\u00fcy\u00fck\u015fehir Belediyesi Tar\u0131msal Hizmetler Daire Ba\u015fkan\u0131 Sel\u00e7uk \u015eahuto\u011flu da, \u00fcreticilerin \u00fcr\u00fcnlerini satarken ya\u015fad\u0131\u011f\u0131 zorluklara de\u011findi. B\u00fcy\u00fck\u015fehir&#8217;in tar\u0131msal projelerinin s\u00fcrd\u00fcr\u00fclebilir oldu\u011funu dile getiren \u015eahuto\u011flu, &#8221;Mersin gibi bir tar\u0131m kentinde ya\u015f\u0131yoruz. Ve tar\u0131m\u0131n daha \u00e7ok konu\u015fulmas\u0131 gereken, tar\u0131m\u0131n ve \u00fcretimin k\u0131ymetinin ve bir o kadar da zor ge\u00e7ti\u011fi g\u00fcnlerde b\u00f6ylesi bir \u00e7al\u0131\u015ftay d\u00fczenleyen ve ger\u00e7ekten s\u00f6z\u00fc \u00e7ift\u00e7iye b\u0131rakan de\u011ferli belediye ba\u015fkan\u0131m\u0131z Abdurrahman Y\u0131ld\u0131z&#8217;a buradan te\u015fekk\u00fcr ediyorum&#8221; ifadelerini kulland\u0131.<\/p>\n\n\n\n<p><strong>&#8220;EKME\u011e\u0130 KARNEYLE ALAB\u0130LECEK DURUMA GELEB\u0130L\u0130R\u0130Z&#8221;<\/strong><\/p>\n\n\n\n<p>Ard\u0131ndan konu\u015fan Toroslar Belediye Ba\u015fkan\u0131 Abdurrahman Y\u0131ld\u0131z, d\u00fczenlenen Tar\u0131m \u00c7al\u0131\u015ftay\u0131&#8217;nda tar\u0131msal \u00fcretimin \u00f6nemine vurgu yaparak, \u00fcreticilerin ya\u015fad\u0131\u011f\u0131 sorunlara dikkat \u00e7ekti. Konu\u015fmas\u0131nda, T\u00fcrkiye&#8217;de k\u00f6y n\u00fcfusunun giderek azalmas\u0131 ve tar\u0131msal \u00fcretimin yetersizli\u011fi \u00fczerine \u00f6nemli de\u011ferlendirmelerde bulunan Y\u0131ld\u0131z, g\u0131da krizine kar\u015f\u0131 tar\u0131m\u0131n stratejik bir sekt\u00f6r olarak ele al\u0131nmas\u0131 gerekti\u011fini belirtti. Ba\u015fkan Y\u0131ld\u0131z, &#8221;Bizde \u00e7ift\u00e7ilik, tar\u0131msal ve hayvansal \u00fcretim bireysel aile \u00e7iftlikleri \u00fczerinden yap\u0131l\u0131yor. End\u00fcstriyel tar\u0131m yapm\u0131yoruz. Eskiden n\u00fcfusun y\u00fczde k\u0131rk\u0131 tar\u0131msal \u00fcretim yaparken, y\u00fczde altm\u0131\u015f\u0131 da doyuruyordu. \u015eimdi bu oran y\u00fczde be\u015fin alt\u0131na d\u00fc\u015ft\u00fc. Bu matematiksel olarak s\u00fcrd\u00fcr\u00fclebilir de\u011fil. Art\u0131k en stratejik \u00fcr\u00fcnlerimizi bile ithal ediyoruz. \u00d6rne\u011fin, bu\u011fday\u0131 sava\u015f halindeki Rusya&#8217;dan al\u0131yoruz. Putin&#8217;in bir g\u00fcn &#8220;Ben sava\u015f halindeyim, ihracat\u0131 durduruyorum&#8221; demesi durumunda, alt\u0131 ay i\u00e7inde \u0130kinci D\u00fcnya Sava\u015f\u0131 y\u0131llar\u0131nda oldu\u011fu gibi ekme\u011fi karneyle almak zorunda kalabiliriz&#8221; diyerek, \u00f6nlem al\u0131nmamas\u0131 durumunda g\u0131daya eri\u015fimin zorla\u015fabilece\u011fine dikkat \u00e7ekti.<\/p>\n\n\n\n<p><strong>&#8220;GIDA ENFLASYONUN SEBEB\u0130 TARIMSAL VE HAYVANSAL \u00dcRET\u0130M\u0130N YAPILMAMASIDIR&#8221;<\/strong><\/p>\n\n\n\n<p>K\u00f6ylerde ya\u015fayan insan say\u0131s\u0131n\u0131n giderek azald\u0131\u011f\u0131n\u0131 hat\u0131rlatan Y\u0131ld\u0131z, &#8221;T\u00fcrkiye y\u0131lda yakla\u015f\u0131k 17 milyon ton bu\u011fday t\u00fcketiyor ancak yaln\u0131zca 8 milyon ton \u00fcretiyor. Yani her g\u00fcn yedi\u011fimiz ekme\u011fin yar\u0131s\u0131ndan fazlas\u0131 ithal ediliyor. Bu durum stratejik bir mesele ve di\u011fer toplumsal sorunlardan daha fazla \u00f6nem g\u00f6stermemiz gerekiyor. D\u00fcnya h\u0131zla bir g\u0131da krizine s\u00fcr\u00fckleniyor. Pandemi d\u00f6neminde g\u00f6rd\u00fck ki g\u0131da \u00fcretimi hayati bir mesele. D\u00fcnyada pandemi d\u00f6neminde g\u0131da enflasyonu y\u00fczde bir civar\u0131ndayken, bizde y\u00fczde yetmi\u015fin alt\u0131na hi\u00e7 d\u00fc\u015fmedi. Bunun temel nedeni, tar\u0131msal ve hayvansal \u00fcretim yapmamam\u0131zd\u0131r&#8221; \u015feklinde konu\u015ftu.<\/p>\n\n\n\n<p><strong>&nbsp;&#8220;TARIMI STRATEJ\u0130K B\u0130R MESELE OLARAK ELE ALMAK GEREK\u0130R&#8221;<\/strong><\/p>\n\n\n\n<p>Tar\u0131m\u0131n sanayi ve teknoloji kadar \u00f6nemli oldu\u011funu belirten Ba\u015fkan Y\u0131ld\u0131z, &#8221;Son y\u0131llarda tar\u0131msal \u00fcretim yapmak adeta utan\u0131lacak bir i\u015fmi\u015f gibi lanse edilmeye ba\u015fland\u0131. Ancak teknoloji devi Almanya, sanayiye ay\u0131rd\u0131\u011f\u0131 b\u00fct\u00e7enin iki kat\u0131n\u0131 tar\u0131ma ay\u0131r\u0131yor. Amerika Birle\u015fik Devletleri ise sanayiye ay\u0131rd\u0131\u011f\u0131 b\u00fct\u00e7enin \u00e7ok daha fazlas\u0131n\u0131 \u00e7ift\u00e7ilerine destek olarak sa\u011fl\u0131yor. E\u011fer tar\u0131m geri kalm\u0131\u015f bir sekt\u00f6r olsayd\u0131, bu \u00fclkeler neden bu kadar destek veriyor? Devletimizin ve h\u00fck\u00fcmetimizin bu konuyu stratejik bir mesele olarak ele almas\u0131 gerekiyor&#8221; ifadelerini kulland\u0131.<\/p>\n\n\n\n<p><strong>&#8220;\u00dcRET\u0130C\u0130LER\u0130N \u00d6RG\u00dcTLENMES\u0130 LAZIM&#8221;<\/strong><\/p>\n\n\n\n<p>Tar\u0131m \u00fcreticilerinin hak ettikleri kazanc\u0131 elde edebilmeleri i\u00e7in \u00f6rg\u00fctlenmelerinin \u015fart oldu\u011funu vurgulayan Y\u0131ld\u0131z, &#8220;\u015eeftaliyi 12 liraya satmam\u0131z gerekirken, \u00f6rg\u00fctl\u00fc al\u0131c\u0131lar bize 4 lira teklif ediyor. Bu sistem \u00fcreticinin zarar\u0131na i\u015fliyor. E\u011fer \u00fcreticilerimiz bir araya gelir ve g\u00fc\u00e7l\u00fc bir \u00f6rg\u00fct yap\u0131s\u0131 olu\u015fturursa, \u00fcr\u00fcnlerinin de\u011ferini kendileri belirleyebilir. Peki neden bu pay\u0131 alam\u0131yoruz? En temel sebep, \u00fcreticilerin \u00f6rg\u00fctl\u00fc olmamas\u0131d\u0131r. Bizimle \u00e7al\u0131\u015fan ve mal satan herkes \u00f6rg\u00fctl\u00fc. Tar\u0131m ila\u00e7lar\u0131 satanlar, komisyoncular, t\u00fcccarlar \u00f6rg\u00fctl\u00fc. Ancak \u00e7ift\u00e7ilerimiz \u00f6rg\u00fcts\u00fcz. \u00d6rg\u00fctlenmenin k\u00f6t\u00fc bir \u015fey oldu\u011fu anlat\u0131ld\u0131 y\u0131llarca. Ancak \u00f6rg\u00fctlenmedi\u011fimiz i\u00e7in hakk\u0131m\u0131z\u0131 alam\u0131yoruz. \u00d6rne\u011fin, \u015feftalinin kilosu on iki lira iken, meyve suyu \u00fcreticileri bir araya gelip d\u00f6rt liraya sat\u0131n alabiliyor. \u00c7ift\u00e7ilerin de \u00fcretim ve sat\u0131\u015f s\u00fcrecinde s\u00f6z sahibi olabilmesi i\u00e7in \u00f6rg\u00fctlenmesi gerekiyor. \u00dcretti\u011fimiz \u00fcr\u00fcn\u00fcn de\u011ferini kendimiz belirlemeliyiz&#8221; diye konu\u015ftu.<\/p>\n\n\n\n<p><strong>&#8220;\u00dcZER\u0130M\u0130ZE D\u00dc\u015eEN\u0130 YAPACA\u011eIZ&#8221;<\/strong><\/p>\n\n\n\n<p>Y\u00f6r\u00fck oldu\u011funu s\u00f6yleyen ve art\u0131k Y\u00f6r\u00fckl\u00fc\u011f\u00fcn folklorik bir hale gelmesini ele\u015ftiren Y\u0131ld\u0131z, &#8221;Meralar\u0131m\u0131z ta\u015f ocaklar\u0131na verildi, apartmanlarla dolduruldu. Sonu\u00e7 olarak ne kentte ne de k\u0131rsalda ya\u015far hale geldik. Bug\u00fcn Mersin&#8217;de 350 bin Toroslu ya\u015f\u0131yor ancak&nbsp; 300 bin Toroslar halk\u0131 evine et sokam\u0131yor. Bu y\u00fczden buradan, \u00e7al\u0131\u015ftaydan \u00e7\u0131kacak sonu\u00e7lar\u0131n takip\u00e7isi olaca\u011f\u0131z. Tar\u0131msal \u00fcretimin g\u00fc\u00e7lenmesi i\u00e7in belediye olarak \u00fczerimize d\u00fc\u015feni yapaca\u011f\u0131z. Ama sizlerden de \u00fcreticilerin \u00f6rg\u00fctlenmesi konusunda destek bekliyoruz&#8221; diyerek s\u00f6zlerine son verdi.<\/p>\n\n\n\n<p>Konu\u015fmalar\u0131n ard\u0131ndan \u00e7al\u0131\u015ftay, g\u00fcn boyunca s\u00fcrecek panel oturumuyla devam etti. 5 \u015eubat&#8217;ta ise \u00e7ift\u00e7iler at\u00f6lyeler kurarak, sorunlar\u0131n\u0131 ve taleplerini dile getirecek.<\/p>\n","protected":false},"excerpt":{"rendered":"<p>Toroslar Belediye Ba\u015fkan\u0131 Abdurrahman Y\u0131ld\u0131z, il\u00e7enin tarihinde ilk kez d\u00fczenlenen Tar\u0131m \u00c7al\u0131\u015ftay\u0131nda y\u00f6re \u00e7ift\u00e7isinin isyan\u0131n\u0131 dile getirdi. Mersin&#8217;in tar\u0131msal ihracata 32,6 milyar dolar katk\u0131 verdi\u011fini kaydeden Ba\u015fkan Y\u0131ld\u0131z, &#8220;Madem bu kadar milyar dolar kazan\u0131yoruz, peki k\u00f6yl\u00fclerimiz neden kazanm\u0131yor? K\u00f6yl\u00fclerimiz bu paradan ne kadar pay al\u0131yor? E\u011fer ihracat bu kadar kazand\u0131r\u0131yorsa \u00fcreticilerin de bundan adil pay [&hellip;]<\/p>\n","protected":false},"author":2,"featured_media":39328,"comment_status":"closed","ping_status":"closed","sticky":false,"template":"","format":"standard","meta":{"footnotes":""},"categories":[8,34,2,3],"tags":[],"class_list":["post-39327","post","type-post","status-publish","format-standard","has-post-thumbnail","hentry","category-ekonomi","category-flas-haber","category-gundem","category-manset"],"views":3,"_links":{"self":[{"href":"https:\/\/mersinkadingazetesi.com\/index.php?rest_route=\/wp\/v2\/posts\/39327"}],"collection":[{"href":"https:\/\/mersinkadingazetesi.com\/index.php?rest_route=\/wp\/v2\/posts"}],"about":[{"href":"https:\/\/mersinkadingazetesi.com\/index.php?rest_route=\/wp\/v2\/types\/post"}],"author":[{"embeddable":true,"href":"https:\/\/mersinkadingazetesi.com\/index.php?rest_route=\/wp\/v2\/users\/2"}],"replies":[{"embeddable":true,"href":"https:\/\/mersinkadingazetesi.com\/index.php?rest_route=%2Fwp%2Fv2%2Fcomments&post=39327"}],"version-history":[{"count":1,"href":"https:\/\/mersinkadingazetesi.com\/index.php?rest_route=\/wp\/v2\/posts\/39327\/revisions"}],"predecessor-version":[{"id":39329,"href":"https:\/\/mersinkadingazetesi.com\/index.php?rest_route=\/wp\/v2\/posts\/39327\/revisions\/39329"}],"wp:featuredmedia":[{"embeddable":true,"href":"https:\/\/mersinkadingazetesi.com\/index.php?rest_route=\/wp\/v2\/media\/39328"}],"wp:attachment":[{"href":"https:\/\/mersinkadingazetesi.com\/index.php?rest_route=%2Fwp%2Fv2%2Fmedia&parent=39327"}],"wp:term":[{"taxonomy":"category","embeddable":true,"href":"https:\/\/mersinkadingazetesi.com\/index.php?rest_route=%2Fwp%2Fv2%2Fcategories&post=39327"},{"taxonomy":"post_tag","embeddable":true,"href":"https:\/\/mersinkadingazetesi.com\/index.php?rest_route=%2Fwp%2Fv2%2Ftags&post=39327"}],"curies":[{"name":"wp","href":"https:\/\/api.w.org\/{rel}","templated":true}]}}