{"id":39345,"date":"2025-02-05T12:03:31","date_gmt":"2025-02-05T09:03:31","guid":{"rendered":"https:\/\/mersinkadingazetesi.com\/?p=39345"},"modified":"2025-02-05T12:03:33","modified_gmt":"2025-02-05T09:03:33","slug":"tarsus-belediyesi-subat-ayi-meclis-toplantisi-yapildi","status":"publish","type":"post","link":"https:\/\/mersinkadingazetesi.com\/?p=39345","title":{"rendered":"TARSUS BELED\u0130YES\u0130 \u015eUBAT AYI MECL\u0130S TOPLANTISI YAPILDI"},"content":{"rendered":"\n<p>Tarsus Belediyesi \u015eubat Ay\u0131 Ola\u011fan Meclis Toplant\u0131s\u0131 ger\u00e7ekle\u015ftirildi. Toplant\u0131, 6 \u015eubat depreminde hayat\u0131n\u0131 kaybeden vatanda\u015flar i\u00e7in sayg\u0131 duru\u015fu ve \u0130stiklal Mar\u015f\u0131 ile ba\u015flad\u0131. G\u00fcndemdeki bir\u00e7ok \u00f6nemli madde g\u00f6r\u00fc\u015f\u00fclerek karara ba\u011fland\u0131. Ba\u015fkan Bolta\u00e7, turizmin Oscar\u2019\u0131 olarak bilinen Golden Apple (Alt\u0131n Elma) \u00f6d\u00fcl\u00fcn\u00fcn Tarsus\u2019a verildi\u011fini m\u00fcjdeledi.<\/p>\n\n\n\n<p>Tarsus Belediyesi \u015eubat Ay\u0131 Ola\u011fan Meclis Toplant\u0131s\u0131\u2019n\u0131n 1. Birle\u015fimi Tarsus Belediye Ba\u015fkan\u0131 Ali Bolta\u00e7 ba\u015fkanl\u0131\u011f\u0131nda ger\u00e7ekle\u015ftirildi. Belediye m\u00fcd\u00fcrl\u00fcklerinden ve komisyondan gelen evraklar g\u00f6r\u00fc\u015f\u00fcld\u00fc. Ba\u015fkan Bolta\u00e7, belediyenin y\u00fcr\u00fctt\u00fc\u011f\u00fc \u00e7al\u0131\u015fmalar hakk\u0131nda bilgi verdi. &nbsp;Mecliste, k\u0131sa s\u00fcre \u00f6nce Atat\u00fcrk Mahallesi\u2019ne a\u00e7\u0131l\u0131\u015f\u0131 yap\u0131lan park\u0131n ad\u0131na &#8221;Mutlu \u00c7ocuk Park\u0131&#8221; verilmesi oy birli\u011fiyle kabul edildi.<\/p>\n\n\n\n<p><strong>\u201cB\u0130R K\u0130\u015e\u0130N\u0130N B\u0130LE HAYATINI R\u0130SKE ATAMAM\u201d<\/strong><\/p>\n\n\n\n<p>Ba\u015fkan Ali Bolta\u00e7, deprem ger\u00e7e\u011fine dikkat \u00e7ekerek Tarsus&#8217;ta y\u00fcksek katl\u0131 bina yap\u0131m\u0131na izin vermeyeceklerini belirtti. &#8220;Benim ba\u015fkanl\u0131k d\u00f6nemimde zemin art\u0131 7 kat s\u0131n\u0131r\u0131n\u0131 a\u015fan hi\u00e7bir projeye onay verilmeyecek. Bir ki\u015finin bile hayat\u0131n\u0131 riske atamam. Daha fazla kazan\u00e7 u\u011fruna g\u00fcvenli\u011fimizden \u00f6d\u00fcn veremeyiz.&#8221; dedi. Bolta\u00e7, yatay mimari anlay\u0131\u015f\u0131n\u0131n Tarsus\u2019ta \u00f6n planda tutulaca\u011f\u0131n\u0131 ve bu konuda taviz verilmeyece\u011fini ifade etti.<\/p>\n\n\n\n<p><strong>TARSUS&#8217;A YEN\u0130 SOSYAL KONUTLAR GEL\u0130YOR<\/strong><\/p>\n\n\n\n<p>Tarsus Belediyesi ile Mersin B\u00fcy\u00fck\u015fehir Belediyesi i\u015f birli\u011finde hayata ge\u00e7irilecek sosyal konut projesi i\u00e7in Tarsus Belediye Meclisinde \u00f6nemli bir karar al\u0131nd\u0131. H\u00fcrriyet Mahallesi\u2019nde bulunan 12.991 metrekarelik arsan\u0131n sosyal konut projesinde de\u011ferlendirilmek \u00fczere tahsisi konusu oy birli\u011fi ile kabul edildi. Bu proje ile in\u015fa edilecek konutlar dar gelirli vatanda\u015flara uygun fiyatlarla sunulacak.<\/p>\n\n\n\n<p><strong>\u0130SMETPA\u015eA MAHALLES\u0130 KENTSEL D\u00d6N\u00dc\u015e\u00dcM S\u00dcREC\u0130NDE \u00d6NEML\u0130 ADIMLAR<\/strong><\/p>\n\n\n\n<p>Ba\u015fkan Bolta\u00e7, \u0130smetpa\u015fa Mahallesi kentsel d\u00f6n\u00fc\u015f\u00fcm projesinde \u00e7\u00f6z\u00fcm yolunda \u00f6nemli bir mesafe kat edildi\u011fini a\u00e7\u0131klad\u0131. Mahalle sakinleriyle yap\u0131lan g\u00f6r\u00fc\u015fmelerin ard\u0131ndan, s\u00f6zle\u015fme imzalama s\u00fcrecinin ba\u015flad\u0131\u011f\u0131n\u0131 belirten Bolta\u00e7, &#8220;Vatanda\u015flar\u0131m\u0131z\u0131n g\u00fcvenli ve modern konutlara kavu\u015fmas\u0131 i\u00e7in \u00e7al\u0131\u015f\u0131yoruz.&#8221; dedi.<\/p>\n\n\n\n<p><strong>TARSUS ALTIN ELMA \u00d6D\u00dcL\u00dcNE LAYIK G\u00d6R\u00dcLD\u00dc<\/strong><\/p>\n\n\n\n<p>Tarsus\u2019un turizmin Oscar \u00f6d\u00fcl\u00fcne lay\u0131k g\u00f6r\u00fcld\u00fc\u011f\u00fcn\u00fc ifade ederek konu\u015fmalar\u0131na devam eden Ba\u015fkan Bolta\u00e7, \u201cTarsus ger\u00e7ekten kabu\u011funu k\u0131r\u0131yor. Tarsus ald\u0131\u011f\u0131m\u0131z noktadan ileriye do\u011fru gidiyor. Nisan ay\u0131nda verilecek Golden Apple yani Alt\u0131n Elma \u00f6d\u00fcl\u00fcne lay\u0131k g\u00f6r\u00fcld\u00fck. Bu \u00f6d\u00fcl\u00fc alan en son yer 2018 y\u0131l\u0131nda Diyarbak\u0131r. Bug\u00fcn 3 milyon turisti a\u011f\u0131rl\u0131yor. Golden Apple dedi\u011fimiz bu \u00f6d\u00fcl turizmin Oscar \u00f6d\u00fcl\u00fc ve in\u015fallah ilerleyen s\u00fcre\u00e7te Tarsus\u2018ta Papa\u2019y\u0131 da a\u011f\u0131rlayaca\u011f\u0131z.\u201d diye ifade etti.<\/p>\n\n\n\n<p><strong>\u201cENFLASYON ORANI \u00dcZER\u0130NDEN Y\u00dcZDE 44.38 ZAM YAPTIK\u201d<\/strong><\/p>\n\n\n\n<p>Enflasyon kar\u015f\u0131s\u0131nda i\u015f\u00e7iyi ezdirmeyerek Ocak ay\u0131nda yap\u0131lan maa\u015f zam oran\u0131ndan bahseden Ba\u015fkan Bolta\u00e7, \u201c Ge\u00e7ti\u011fimiz ay, belediyemizde \u00e7al\u0131\u015fan i\u015f\u00e7i karde\u015flerimizin maa\u015flar\u0131na yap\u0131lacak zam oran\u0131n\u0131 a\u00e7\u0131klad\u0131k. \u00c7al\u0131\u015fanlar\u0131m\u0131z\u0131 enflasyona ezdirmemek, eme\u011fin hakk\u0131n\u0131 korumak i\u00e7in T\u00dc\u0130K\u2019in a\u00e7\u0131klad\u0131\u011f\u0131 y\u0131ll\u0131k enflasyon oran\u0131 \u00fczerinden y\u00fczde 44.38 zam yapt\u0131k. Bu art\u0131\u015fla birlikte: KHK\u2019l\u0131 i\u015f\u00e7ilerimizin maa\u015f\u0131 en d\u00fc\u015f\u00fck 37 bin 530 TL, kadrolu i\u015f\u00e7ilerimizin maa\u015f\u0131 ise en d\u00fc\u015f\u00fck 47 bin 19 TL olmu\u015ftur.\u201d dedi.<\/p>\n\n\n\n<p><strong>\u201c\u0130\u015e\u00c7\u0130S\u0130N\u0130N HAKKINI KORUYAN B\u0130R BELED\u0130YEY\u0130Z\u201d<\/strong><\/p>\n\n\n\n<p>Her zaman i\u015f\u00e7isinin hakk\u0131n\u0131 koruyaca\u011f\u0131n\u0131 vurgulayan Ba\u015fkan Ali Bolta\u00e7, \u201cTarsus\u2019u g\u00fczelle\u015ftiren, \u015fehrimize emek veren her bir \u00e7al\u0131\u015fma arkada\u015f\u0131m\u0131z\u0131n yan\u0131nda olmaktan gurur duyuyorum. Al\u0131n terinizin kar\u015f\u0131l\u0131\u011f\u0131n\u0131 vermek, eme\u011finize sahip \u00e7\u0131kmak bizim en b\u00fcy\u00fck sorumlulu\u011fumuz. Birlikte \u00fcretiyor, birlikte b\u00fcy\u00fcyoruz. Tarsus\u2019a hizmet yolunda hep birlikteyiz, omuz omuzay\u0131z. \u00c7\u00fcnk\u00fc biz, eme\u011fe de\u011fer veren, i\u015f\u00e7isinin hakk\u0131n\u0131 koruyan bir belediyeyiz.\u201d \u015feklinde a\u00e7\u0131klad\u0131.<\/p>\n\n\n\n<p><strong>TARSUS&#8217;A YEN\u0130 KRE\u015e VE G\u00dcND\u00dcZ BAKIMEV\u0130<\/strong><\/p>\n\n\n\n<p>Tarsus Belediyesi, hay\u0131rsever vatanda\u015flarla i\u015f birli\u011fi yaparak Ak\u015femsettin Mahallesi&#8217;ne yeni bir kre\u015f ve g\u00fcnd\u00fcz bak\u0131mevi kazand\u0131racak. B\u00fclent \u015eanl\u0131 ad\u0131na yap\u0131larak halk\u0131n kullan\u0131m\u0131na a\u00e7\u0131k olacak kre\u015f, &nbsp;meclis taraf\u0131ndan oy birli\u011fiyle kabul edildi.<\/p>\n\n\n\n<p><strong>YE\u015e\u0130L MAHALLE MEZARLI\u011eI GEN\u0130\u015eLET\u0130LECEK<\/strong><\/p>\n\n\n\n<p>Tarsus Belediyesi, Ye\u015fil Mahalle (Musalla) Mezarl\u0131\u011f\u0131\u2019n\u0131n geni\u015fletilmesi i\u00e7in Mersin B\u00fcy\u00fck\u015fehir Belediyesi ile i\u015f birli\u011fi yapacak. Mecliste al\u0131nan kararla, 1.886 metrekarelik alan mezarl\u0131k olarak kullan\u0131lmak \u00fczere B\u00fcy\u00fck\u015fehir Belediyesi\u2019ne bedelsiz devredildi.<\/p>\n\n\n\n<p><strong>AMAT\u00d6R SPOR KUL\u00dcPLER\u0130NE DESTEK<\/strong><\/p>\n\n\n\n<p>Mecliste ayr\u0131ca, Tarsus\u2019taki amat\u00f6r spor kul\u00fcplerine maddi destek sa\u011flanmas\u0131 y\u00f6n\u00fcnde kabul edilen teklifin \u00f6demesi de yap\u0131lacak. Ba\u015fkan Bolta\u00e7, gen\u00e7lerin spora te\u015fvik edilmesi ve kul\u00fcplerin desteklenmesi gerekti\u011fini belirtti.<\/p>\n\n\n\n<p><strong>HAL YOLU K\u00d6PR\u00dcS\u00dc TAMAMLANMADAN SUNAY AT\u0130LLA \u00dcST GE\u00c7\u0130D\u0130 YIKILMAYACAK<\/strong><\/p>\n\n\n\n<p>Meclis g\u00fcndeminde yer alan bir di\u011fer \u00f6nemli konu ise Sunay Atilla \u00dcst Ge\u00e7idi\u2019nin durumu oldu. Hal Yolu K\u00f6pr\u00fcs\u00fc tamamlanmadan mevcut \u00fcst ge\u00e7idin kald\u0131r\u0131lmayaca\u011f\u0131 a\u00e7\u0131kland\u0131. Ba\u015fkan Bolta\u00e7, &#8220;Vatanda\u015flar\u0131m\u0131z\u0131n ma\u011fduriyet ya\u015famamas\u0131 i\u00e7in s\u00fcreci dikkatle y\u00f6netece\u011fiz.&#8221; dedi. Tarsus Belediyesi, al\u0131nan bu kararlarla birlikte \u015fehrin geli\u015fimi, g\u00fcvenli yap\u0131la\u015fma ve vatanda\u015flar\u0131n refah\u0131 i\u00e7in \u00e7al\u0131\u015fmalar\u0131n\u0131 s\u00fcrd\u00fcrece\u011fini vurgulad\u0131.<\/p>\n\n\n\n<p><strong>\u201cETEM \u00c7ALI\u015eKAN\u2019I KAYBETMEN\u0130N DER\u0130N \u00dcZ\u00dcNT\u00dcS\u00dcN\u00dc YA\u015eIYORUZ\u201d<\/strong><\/p>\n\n\n\n<p>Hayat\u0131n\u0131 kaybeden Etem \u00c7al\u0131\u015fkan\u2019\u0131 &nbsp;rahmetle anan Ba\u015fkan Bolta\u00e7 \u201cTarsus\u2019un ve \u00fclkemizin b\u00fcy\u00fck de\u011feri, kaligrafi ustas\u0131, ressam ve hat Etem \u00c7al\u0131\u015fkan\u2019\u0131 kaybetmenin derin \u00fcz\u00fcnt\u00fcs\u00fcn\u00fc ya\u015f\u0131yoruz. \u00d6nderimiz Gazi Mustafa Kemal Atat\u00fcrk\u2019\u00fcn imzas\u0131n\u0131 stilize eden, sanat\u0131yla tarihe not d\u00fc\u015fen, \u00e7izgileriyle bizlere bir miras b\u0131rakan \u00e7ok \u00f6zel bir insand\u0131. Onun sanata olan ba\u011fl\u0131l\u0131\u011f\u0131, her \u00e7al\u0131\u015fmas\u0131nda kendini g\u00f6stermi\u015ftir. Yaln\u0131zca eserleriyle de\u011fil, m\u00fctevaz\u0131 ki\u015fili\u011fi ve ustal\u0131\u011f\u0131yla da hepimizin g\u00f6nl\u00fcnde taht kurdu. Onu do\u011fdu\u011fu topraklarda, G\u00f6\u00e7\u00fck K\u00f6y\u00fc\u2019nde sonsuzlu\u011fa u\u011furlad\u0131k. Ancak biliyoruz ki, onun sanat\u0131, fikirleri ve b\u0131rakt\u0131\u011f\u0131 eserler her zaman ya\u015fayacak, gelece\u011fe \u0131\u015f\u0131k tutacakt\u0131r. K\u0131ymetli sanat\u00e7\u0131m\u0131za Allah\u2019tan rahmet, ailesine ve sanat camias\u0131na ba\u015fsa\u011fl\u0131\u011f\u0131 diliyorum.\u201d \u015feklinde konu\u015ftu.<\/p>\n\n\n\n<p><strong>\u201cNEZ\u0130H\u0130 USTAMIZ, ESERLER\u0130YLE VE G\u00dcZEL KALB\u0130YLE HER ZAMAN ANILACAK\u201d<\/strong><\/p>\n\n\n\n<p>Vefat eden Tarsus\u2019un yeti\u015ftirdi\u011fi de\u011ferli sanatk\u00e2rlardan Nezihi \u00dcnal Demirta\u015f\u2019\u0131 rahmetle anan Ba\u015fkan Bolta\u00e7 \u201cDevlet Sanat\u00e7\u0131s\u0131 unvan\u0131na sahip k\u0131ymetli Ah\u015fap Oyma Ustam\u0131z Nezihi \u00dcnal Demirta\u015f\u2019\u0131 kaybettik. Sanat\u0131yla geleneksel ah\u015fap i\u015f\u00e7ili\u011fini ya\u015fatan, ustal\u0131\u011f\u0131yla k\u00fclt\u00fcrel miras\u0131m\u0131za \u00f6nemli katk\u0131lar sunan Nezihi Ustam\u0131z, eserleriyle ve g\u00fczel kalbiyle her zaman an\u0131lacak.\u201d diye belirtti.<\/p>\n\n\n\n<p><strong>\u201cB\u0130R SABAH, M\u0130LYONLARCA \u0130NSAN \u0130\u00c7\u0130N HER \u015eEY DE\u011e\u0130\u015eT\u0130\u201d<\/strong><\/p>\n\n\n\n<p>\u201c6 \u015eubat, hepimizin y\u00fcre\u011finde derin izler b\u0131rakan bir tarih\u201d diyerek duygular\u0131n\u0131 ifade eden Ba\u015fkan Bolta\u00e7, \u201c Bir sabah, milyonlarca insan i\u00e7in her \u015fey de\u011fi\u015fti. B\u00fcy\u00fck bir ac\u0131y\u0131 hep birlikte ya\u015fad\u0131k. Ac\u0131m\u0131z hala taze, kayb\u0131m\u0131z hala derin. Deprem sadece binalar\u0131 de\u011fil, hayatlar\u0131m\u0131z\u0131, sevdiklerimizi, umutlar\u0131m\u0131z\u0131 da enkaz alt\u0131nda b\u0131rakt\u0131. Ama biz biliyoruz ki, birlik ve dayan\u0131\u015fma i\u00e7inde oldu\u011fumuz s\u00fcrece her yaray\u0131 sarabiliriz.&nbsp; 6 \u015eubat\u2019ta hayat\u0131n\u0131 kaybeden t\u00fcm vatanda\u015flar\u0131m\u0131z\u0131 rahmetle an\u0131yor, yak\u0131nlar\u0131na sab\u0131r diliyorum. Allah bir daha b\u00f6yle ac\u0131lar\u0131 milletimize ya\u015fatmas\u0131n. Bu felaket, bize bir ger\u00e7e\u011fi daha net bir \u015fekilde g\u00f6sterdi: Daha diren\u00e7li \u015fehirler in\u015fa etmeliyiz. Kentimizde afetlere haz\u0131rl\u0131k konusunda \u00e7al\u0131\u015fmalar\u0131m\u0131z\u0131 s\u00fcrd\u00fcrece\u011fiz, g\u00fcvenli yap\u0131lar ve bilin\u00e7li toplum anlay\u0131\u015f\u0131yla her zaman hareket edece\u011fiz.\u201d diye belirtti.&nbsp;&nbsp;&nbsp;&nbsp;&nbsp;&nbsp;&nbsp;&nbsp;&nbsp;<\/p>\n\n\n\n<p><strong>&nbsp;\u201cANMA T\u00d6REN\u0130NDE S\u0130ZLER\u0130 DE ARAMIZDA G\u00d6RMEK \u0130STER\u0130Z\u201d<\/strong><\/p>\n\n\n\n<p>6 \u015eubat deprem \u015fehitlerini anma program\u0131na davet eden Ba\u015fkan Bolta\u00e7, \u201c6 \u015eubat\u2019ta kaybetti\u011fimiz canlar\u0131m\u0131z\u0131 anmak, dayan\u0131\u015fmam\u0131z\u0131 bir kez daha g\u00f6stermek i\u00e7in bir araya geliyoruz. Tarsus Belediyesi olarak, 5 \u015eubat 2025 \u00c7ar\u015famba g\u00fcn\u00fc saat 13.30\u2019da Tarsus Belediyesi Nikah Salonu\u2019nda d\u00fczenleyece\u011fimiz anma t\u00f6reninde sizleri de aram\u0131zda g\u00f6rmek isteriz. Birlikte anaca\u011f\u0131z, birlikte g\u00fc\u00e7lenece\u011fiz.\u201d dedi.<\/p>\n","protected":false},"excerpt":{"rendered":"<p>Tarsus Belediyesi \u015eubat Ay\u0131 Ola\u011fan Meclis Toplant\u0131s\u0131 ger\u00e7ekle\u015ftirildi. Toplant\u0131, 6 \u015eubat depreminde hayat\u0131n\u0131 kaybeden vatanda\u015flar i\u00e7in sayg\u0131 duru\u015fu ve \u0130stiklal Mar\u015f\u0131 ile ba\u015flad\u0131. G\u00fcndemdeki bir\u00e7ok \u00f6nemli madde g\u00f6r\u00fc\u015f\u00fclerek karara ba\u011fland\u0131. Ba\u015fkan Bolta\u00e7, turizmin Oscar\u2019\u0131 olarak bilinen Golden Apple (Alt\u0131n Elma) \u00f6d\u00fcl\u00fcn\u00fcn Tarsus\u2019a verildi\u011fini m\u00fcjdeledi. Tarsus Belediyesi \u015eubat Ay\u0131 Ola\u011fan Meclis Toplant\u0131s\u0131\u2019n\u0131n 1. Birle\u015fimi Tarsus Belediye [&hellip;]<\/p>\n","protected":false},"author":2,"featured_media":39346,"comment_status":"closed","ping_status":"closed","sticky":false,"template":"","format":"standard","meta":{"footnotes":""},"categories":[34,3],"tags":[],"class_list":["post-39345","post","type-post","status-publish","format-standard","has-post-thumbnail","hentry","category-flas-haber","category-manset"],"views":6,"_links":{"self":[{"href":"https:\/\/mersinkadingazetesi.com\/index.php?rest_route=\/wp\/v2\/posts\/39345"}],"collection":[{"href":"https:\/\/mersinkadingazetesi.com\/index.php?rest_route=\/wp\/v2\/posts"}],"about":[{"href":"https:\/\/mersinkadingazetesi.com\/index.php?rest_route=\/wp\/v2\/types\/post"}],"author":[{"embeddable":true,"href":"https:\/\/mersinkadingazetesi.com\/index.php?rest_route=\/wp\/v2\/users\/2"}],"replies":[{"embeddable":true,"href":"https:\/\/mersinkadingazetesi.com\/index.php?rest_route=%2Fwp%2Fv2%2Fcomments&post=39345"}],"version-history":[{"count":1,"href":"https:\/\/mersinkadingazetesi.com\/index.php?rest_route=\/wp\/v2\/posts\/39345\/revisions"}],"predecessor-version":[{"id":39347,"href":"https:\/\/mersinkadingazetesi.com\/index.php?rest_route=\/wp\/v2\/posts\/39345\/revisions\/39347"}],"wp:featuredmedia":[{"embeddable":true,"href":"https:\/\/mersinkadingazetesi.com\/index.php?rest_route=\/wp\/v2\/media\/39346"}],"wp:attachment":[{"href":"https:\/\/mersinkadingazetesi.com\/index.php?rest_route=%2Fwp%2Fv2%2Fmedia&parent=39345"}],"wp:term":[{"taxonomy":"category","embeddable":true,"href":"https:\/\/mersinkadingazetesi.com\/index.php?rest_route=%2Fwp%2Fv2%2Fcategories&post=39345"},{"taxonomy":"post_tag","embeddable":true,"href":"https:\/\/mersinkadingazetesi.com\/index.php?rest_route=%2Fwp%2Fv2%2Ftags&post=39345"}],"curies":[{"name":"wp","href":"https:\/\/api.w.org\/{rel}","templated":true}]}}