{"id":39348,"date":"2025-02-05T12:06:36","date_gmt":"2025-02-05T09:06:36","guid":{"rendered":"https:\/\/mersinkadingazetesi.com\/?p=39348"},"modified":"2025-02-05T12:06:36","modified_gmt":"2025-02-05T09:06:36","slug":"hayvanlara-yonelik-sistematik-katliamin-hicbir-bahanesi-olamaz","status":"publish","type":"post","link":"https:\/\/mersinkadingazetesi.com\/?p=39348","title":{"rendered":"&#8220;HAYVANLARA Y\u00d6NEL\u0130K S\u0130STEMAT\u0130K KATL\u0130AMIN H\u0130\u00c7B\u0130R BAHANES\u0130 OLAMAZ&#8221;"},"content":{"rendered":"\n<p>Erzincan Belediyesi&#8217;nin sahipsiz k\u00f6pekleri katletmesine tepki g\u00f6steren Mersin Barosu Hayvan Haklar\u0131 Komisyonu yapt\u0131\u011f\u0131 yaz\u0131l\u0131 a\u00e7\u0131klamas\u0131nda, &#8220;Hayvanlara y\u00f6nelik sistematik katliam\u0131n hi\u00e7bir bahanesi olamaz. Hayvan katliam\u0131 su\u00e7tur, normalle\u015ftirilemez!&#8221; diyerek, hayvanlar\u0131n ya\u015fam haklar\u0131n\u0131n korunmas\u0131 i\u00e7in t\u00fcm yetkili kurumlar\u0131 g\u00f6revlerini yerine getirmeye davet etti.<\/p>\n\n\n\n<p>&#8220;KATL\u0130AM YASASININ CESARET VERD\u0130\u011e\u0130 CAN\u0130CE UYGULAMALAR DEVAM ED\u0130YOR&#8221;<\/p>\n\n\n\n<p>Mersin Barosu Hayvan Haklar\u0131 Komisyonu a\u00e7\u0131klamas\u0131nda, katliam yasas\u0131n\u0131n cesaret verdi\u011fi canice uygulamalar\u0131n her ge\u00e7en g\u00fcn artarak devam etti\u011fini belirterek, &#8220;Erzincan&#8217;da 3 \u015eubat 2025 tarihinde ya\u015fanan ve bas\u0131na da yans\u0131yan meslek ad\u0131 alt\u0131nda sokak hayvanlar\u0131na y\u00f6nelik vah\u015fet, yaln\u0131zca vicdani olarak de\u011fil hukuki olarak da kabul edilemez. Erzincan Belediyesi taraf\u0131ndan i\u015f makinas\u0131yla derin \u00e7ukurlar a\u00e7\u0131ld\u0131ktan sonra k\u00f6pekler bu \u00e7ukurlara at\u0131larak \u00fcstleri kapat\u0131ld\u0131. Konu ile ilgili g\u00f6r\u00fcnt\u00fclerde; k\u00f6peklerin i\u015fkenceyle \u00f6ld\u00fcr\u00fcld\u00fc\u011f\u00fc, canl\u0131 canl\u0131 g\u00f6m\u00fcld\u00fc\u011f\u00fc ve a\u011f\u0131r \u015fiddete maruz b\u0131rak\u0131ld\u0131\u011f\u0131 apa\u00e7\u0131k ortadad\u0131r. Bu insanl\u0131k d\u0131\u015f\u0131 uygulamalar, 5199 say\u0131l\u0131 Hayvanlar\u0131 Koruma Kanunu ve T\u00fcrk Ceza Kanunu \u00e7er\u00e7evesinde a\u00e7\u0131k\u00e7a su\u00e7 te\u015fkil etmektedir&#8221; ifadelerini kulland\u0131.<\/p>\n\n\n\n<p>&#8220;BU OLAY M\u00dcNFER\u0130T B\u0130R VAKA DE\u011e\u0130L, S\u0130STEMAT\u0130K B\u0130R YOK ETME G\u0130R\u0130\u015e\u0130M\u0130D\u0130R&#8221;<\/p>\n\n\n\n<p>Bu olay\u0131n m\u00fcnferit bir vaka de\u011fil, sistematik bir yok etme giri\u015fimi oldu\u011funu vurgulayan Mersin Barosu Hayvan Haklar\u0131 Komisyonu, &#8220;Katliamlar\u0131n soru\u015fturulmamas\u0131 ve faillerin cezaland\u0131r\u0131lmamas\u0131, toplumda infiale yol a\u00e7makta ve hukukun cayd\u0131r\u0131c\u0131l\u0131\u011f\u0131n\u0131 sorgulatmaktad\u0131r. Bu \u00e7er\u00e7evede, konunun ba\u011f\u0131ms\u0131z, \u015feffaf bir \u015fekilde soru\u015fturulmas\u0131 ve hukuka ayk\u0131r\u0131 fiillerin tespit edilmesi halinde, sorumlular hakk\u0131nda gerekli yasal i\u015flemlerin derhal ba\u015flat\u0131lmas\u0131 gerekti\u011fini vurguluyoruz.<\/p>\n\n\n\n<p>&#8220;HAYVANLARA Y\u00d6NEL\u0130K S\u0130STEMAT\u0130K KATL\u0130AMIN H\u0130\u00c7B\u0130R BAHANES\u0130 OLAMAZ&#8221;<\/p>\n\n\n\n<p>Kamuoyunun bu konudaki hassasiyetini payla\u015farak, s\u00fcrecin \u015feffaf bir \u015fekilde y\u00fcr\u00fct\u00fclmesi ve hayvanlar\u0131n en temel haklar\u0131 olan ya\u015fam haklar\u0131n\u0131n korunmas\u0131 i\u00e7in t\u00fcm yetkili kurumlar\u0131 g\u00f6revlerini yerine getirmeye davet ediyoruz.<\/p>\n\n\n\n<p>Mersin Barosu ve Mersin Barosu Hayvan Haklar\u0131 Komisyonu olarak, sorumlular\u0131n tespit edilmeleri hak ettikleri en a\u011f\u0131r cezay\u0131 almalar\u0131 i\u00e7in t\u00fcm hukuki s\u00fcre\u00e7lerin sonuna kadar takip\u00e7isi olaca\u011f\u0131m\u0131z\u0131 kamuoyuna bildiriyoruz. Hayvanlara y\u00f6nelik bu sistematik katliam\u0131n hi\u00e7bir bahanesi olamaz ve asla cezas\u0131z kalmayacakt\u0131r!&#8221; \u015feklinde konu\u015ftu.<\/p>\n","protected":false},"excerpt":{"rendered":"<p>Erzincan Belediyesi&#8217;nin sahipsiz k\u00f6pekleri katletmesine tepki g\u00f6steren Mersin Barosu Hayvan Haklar\u0131 Komisyonu yapt\u0131\u011f\u0131 yaz\u0131l\u0131 a\u00e7\u0131klamas\u0131nda, &#8220;Hayvanlara y\u00f6nelik sistematik katliam\u0131n hi\u00e7bir bahanesi olamaz. Hayvan katliam\u0131 su\u00e7tur, normalle\u015ftirilemez!&#8221; diyerek, hayvanlar\u0131n ya\u015fam haklar\u0131n\u0131n korunmas\u0131 i\u00e7in t\u00fcm yetkili kurumlar\u0131 g\u00f6revlerini yerine getirmeye davet etti. &#8220;KATL\u0130AM YASASININ CESARET VERD\u0130\u011e\u0130 CAN\u0130CE UYGULAMALAR DEVAM ED\u0130YOR&#8221; Mersin Barosu Hayvan Haklar\u0131 Komisyonu a\u00e7\u0131klamas\u0131nda, katliam [&hellip;]<\/p>\n","protected":false},"author":2,"featured_media":39349,"comment_status":"closed","ping_status":"closed","sticky":false,"template":"","format":"standard","meta":{"footnotes":""},"categories":[3],"tags":[],"class_list":["post-39348","post","type-post","status-publish","format-standard","has-post-thumbnail","hentry","category-manset"],"views":3,"_links":{"self":[{"href":"https:\/\/mersinkadingazetesi.com\/index.php?rest_route=\/wp\/v2\/posts\/39348"}],"collection":[{"href":"https:\/\/mersinkadingazetesi.com\/index.php?rest_route=\/wp\/v2\/posts"}],"about":[{"href":"https:\/\/mersinkadingazetesi.com\/index.php?rest_route=\/wp\/v2\/types\/post"}],"author":[{"embeddable":true,"href":"https:\/\/mersinkadingazetesi.com\/index.php?rest_route=\/wp\/v2\/users\/2"}],"replies":[{"embeddable":true,"href":"https:\/\/mersinkadingazetesi.com\/index.php?rest_route=%2Fwp%2Fv2%2Fcomments&post=39348"}],"version-history":[{"count":1,"href":"https:\/\/mersinkadingazetesi.com\/index.php?rest_route=\/wp\/v2\/posts\/39348\/revisions"}],"predecessor-version":[{"id":39350,"href":"https:\/\/mersinkadingazetesi.com\/index.php?rest_route=\/wp\/v2\/posts\/39348\/revisions\/39350"}],"wp:featuredmedia":[{"embeddable":true,"href":"https:\/\/mersinkadingazetesi.com\/index.php?rest_route=\/wp\/v2\/media\/39349"}],"wp:attachment":[{"href":"https:\/\/mersinkadingazetesi.com\/index.php?rest_route=%2Fwp%2Fv2%2Fmedia&parent=39348"}],"wp:term":[{"taxonomy":"category","embeddable":true,"href":"https:\/\/mersinkadingazetesi.com\/index.php?rest_route=%2Fwp%2Fv2%2Fcategories&post=39348"},{"taxonomy":"post_tag","embeddable":true,"href":"https:\/\/mersinkadingazetesi.com\/index.php?rest_route=%2Fwp%2Fv2%2Ftags&post=39348"}],"curies":[{"name":"wp","href":"https:\/\/api.w.org\/{rel}","templated":true}]}}