{"id":39388,"date":"2025-02-06T10:33:24","date_gmt":"2025-02-06T07:33:24","guid":{"rendered":"https:\/\/mersinkadingazetesi.com\/?p=39388"},"modified":"2025-02-06T10:33:25","modified_gmt":"2025-02-06T07:33:25","slug":"prof-dr-erol-yasar-6-subat-depremlerinin-ikinci-yil-donumu-icin-anma-mesaji-yayimladi","status":"publish","type":"post","link":"https:\/\/mersinkadingazetesi.com\/?p=39388","title":{"rendered":"Prof. Dr. Erol Ya\u015far, 6 \u015eubat Depremlerinin \u0130kinci Y\u0131l D\u00f6n\u00fcm\u00fc \u0130\u00e7in Anma Mesaj\u0131 Yay\u0131mlad\u0131\u00a0"},"content":{"rendered":"\n<p>Rekt\u00f6r\u00fcm\u00fcz Erol Ya\u015far, Kahramanmara\u015f merkezli 6 \u015eubat 2023 depremlerinin ikinci y\u0131l d\u00f6n\u00fcm\u00fc m\u00fcnasebetiyle bir mesaj yay\u0131nlad\u0131.<\/p>\n\n\n\n<p>Rekt\u00f6r Prof. Dr. Ya\u015far mesaj\u0131nda, &#8220;Asr\u0131n felaketi olarak adland\u0131r\u0131lan ve hepimizi derin bir h\u00fczne bo\u011fan Kahramanmara\u015f merkezli 6 \u015eubat depremlerinin ikinci y\u0131l d\u00f6n\u00fcm\u00fcnde, kaybetti\u011fimiz vatanda\u015flar\u0131m\u0131z\u0131 rahmetle an\u0131yor, yaral\u0131lar\u0131m\u0131za bir kez daha acil \u015fifalar diliyorum. Bu b\u00fcy\u00fck felaket, milletimizin dayan\u0131\u015fma ruhunu ve yard\u0131mla\u015fma g\u00fcc\u00fcn\u00fc bir kez daha g\u00f6stermi\u015ftir. Bundan sonraki s\u00fcre\u00e7te, devletimizin t\u00fcm kurumlar\u0131yla uyum i\u00e7inde \u015fehirlerimizi yeniden aya\u011fa kald\u0131rmak ve vatanda\u015flar\u0131m\u0131z\u0131n ihtiya\u00e7lar\u0131n\u0131 kar\u015f\u0131lamak i\u00e7in \u201cAsr\u0131n Birlikteli\u011fi\u201d anlay\u0131\u015f\u0131yla \u00e7al\u0131\u015fmalar\u0131m\u0131za devam edece\u011fiz. Bu vesileyle, dayan\u0131\u015fman\u0131n ve birlikteli\u011fin g\u00fcc\u00fcyle, hep birlikte daha g\u00fc\u00e7l\u00fc bir yar\u0131n in\u015fa edece\u011fimize y\u00fcrekten inan\u0131yor, Y\u00fcce Rabbim\u2019den milletimizi ve t\u00fcm insanl\u0131\u011f\u0131 bu t\u00fcr afetlerden korumas\u0131n\u0131 niyaz ediyorum.&#8221; ifadelerine yer verdi.<\/p>\n","protected":false},"excerpt":{"rendered":"<p>Rekt\u00f6r\u00fcm\u00fcz Erol Ya\u015far, Kahramanmara\u015f merkezli 6 \u015eubat 2023 depremlerinin ikinci y\u0131l d\u00f6n\u00fcm\u00fc m\u00fcnasebetiyle bir mesaj yay\u0131nlad\u0131. Rekt\u00f6r Prof. Dr. Ya\u015far mesaj\u0131nda, &#8220;Asr\u0131n felaketi olarak adland\u0131r\u0131lan ve hepimizi derin bir h\u00fczne bo\u011fan Kahramanmara\u015f merkezli 6 \u015eubat depremlerinin ikinci y\u0131l d\u00f6n\u00fcm\u00fcnde, kaybetti\u011fimiz vatanda\u015flar\u0131m\u0131z\u0131 rahmetle an\u0131yor, yaral\u0131lar\u0131m\u0131za bir kez daha acil \u015fifalar diliyorum. Bu b\u00fcy\u00fck felaket, milletimizin dayan\u0131\u015fma [&hellip;]<\/p>\n","protected":false},"author":2,"featured_media":39389,"comment_status":"closed","ping_status":"closed","sticky":false,"template":"","format":"standard","meta":{"footnotes":""},"categories":[3],"tags":[],"class_list":["post-39388","post","type-post","status-publish","format-standard","has-post-thumbnail","hentry","category-manset"],"views":4,"_links":{"self":[{"href":"https:\/\/mersinkadingazetesi.com\/index.php?rest_route=\/wp\/v2\/posts\/39388"}],"collection":[{"href":"https:\/\/mersinkadingazetesi.com\/index.php?rest_route=\/wp\/v2\/posts"}],"about":[{"href":"https:\/\/mersinkadingazetesi.com\/index.php?rest_route=\/wp\/v2\/types\/post"}],"author":[{"embeddable":true,"href":"https:\/\/mersinkadingazetesi.com\/index.php?rest_route=\/wp\/v2\/users\/2"}],"replies":[{"embeddable":true,"href":"https:\/\/mersinkadingazetesi.com\/index.php?rest_route=%2Fwp%2Fv2%2Fcomments&post=39388"}],"version-history":[{"count":1,"href":"https:\/\/mersinkadingazetesi.com\/index.php?rest_route=\/wp\/v2\/posts\/39388\/revisions"}],"predecessor-version":[{"id":39390,"href":"https:\/\/mersinkadingazetesi.com\/index.php?rest_route=\/wp\/v2\/posts\/39388\/revisions\/39390"}],"wp:featuredmedia":[{"embeddable":true,"href":"https:\/\/mersinkadingazetesi.com\/index.php?rest_route=\/wp\/v2\/media\/39389"}],"wp:attachment":[{"href":"https:\/\/mersinkadingazetesi.com\/index.php?rest_route=%2Fwp%2Fv2%2Fmedia&parent=39388"}],"wp:term":[{"taxonomy":"category","embeddable":true,"href":"https:\/\/mersinkadingazetesi.com\/index.php?rest_route=%2Fwp%2Fv2%2Fcategories&post=39388"},{"taxonomy":"post_tag","embeddable":true,"href":"https:\/\/mersinkadingazetesi.com\/index.php?rest_route=%2Fwp%2Fv2%2Ftags&post=39388"}],"curies":[{"name":"wp","href":"https:\/\/api.w.org\/{rel}","templated":true}]}}