{"id":39397,"date":"2025-02-06T11:46:25","date_gmt":"2025-02-06T08:46:25","guid":{"rendered":"https:\/\/mersinkadingazetesi.com\/?p=39397"},"modified":"2025-02-06T11:46:26","modified_gmt":"2025-02-06T08:46:26","slug":"kisisel-verilerin-korunmasi-kanunundaki-degisiklikler-konulu-seminer-duzenlendi","status":"publish","type":"post","link":"https:\/\/mersinkadingazetesi.com\/?p=39397","title":{"rendered":"\u201cK\u0130\u015e\u0130SEL VER\u0130LER\u0130N KORUNMASI KANUNUNDAK\u0130 DE\u011e\u0130\u015e\u0130KL\u0130KLER\u201d KONULU SEM\u0130NER D\u00dcZENLEND\u0130"},"content":{"rendered":"\n<p>Mersin Barosu Ki\u015fisel Verilerin Korunmas\u0131 Kanunu Komisyonu taraf\u0131ndan avukatlara y\u00f6nelik \u201cKi\u015fisel Verilerin Korunmas\u0131 Kanunundaki De\u011fi\u015fiklikler&#8221; konulu seminer d\u00fczenlendi.<\/p>\n\n\n\n<p>Mersin Barosu G\u00f6kdelen 16. kat hizmet biriminde d\u00fczenlenen seminer, Mersin Barosu Ki\u015fisel Verilerin Korunmas\u0131 Kanunu Komisyonu Ba\u015fkan\u0131 Av. Murat Alt\u0131ndere moderat\u00f6rl\u00fc\u011f\u00fcnde, Ki\u015fisel Verileri Koruma Kurulu \u00dcyesi Cennet Alas \u015eekerbay\u2019\u0131n sunumuyla ger\u00e7ekle\u015fti.<\/p>\n\n\n\n<p>Seminerin a\u00e7\u0131l\u0131\u015f konu\u015fmas\u0131n\u0131 yapan Mersin Barosu Ba\u015fkan\u0131 Av. Gazi \u00d6zdemir, \u201c\u00d6zellikle tapu ve n\u00fcfus m\u00fcd\u00fcrl\u00fckleri ile bir \u00e7ok kamu kurumunda, mesle\u011fimizi ifa etti\u011fimiz s\u0131rada Ki\u015fisel Verilerin Korunmas\u0131 Yasas\u0131 kapsam\u0131nda kar\u015f\u0131m\u0131za bir tak\u0131m engellemeler \u00e7\u0131k\u0131yor. Uygulamada ya\u015fanan sorunlar\u0131n \u00e7\u00f6z\u00fcm\u00fcnde bu seminerin \u00e7ok faydal\u0131 olaca\u011f\u0131n\u0131 d\u00fc\u015f\u00fcn\u00fcyorum\u201d dedi.<\/p>\n\n\n\n<p>Seminere kat\u0131lan avukatlar, 6698 Say\u0131l\u0131 Ki\u015fisel Verilerin Korunmas\u0131 Kanunu\u2019ndaki de\u011fi\u015fiklikler, temel kavramlar, ilgili ki\u015finin hak arama y\u00f6ntemleri, VERB\u0130S, \u00f6zel hayat\u0131n gizlili\u011fi, ki\u015fisel verilerin i\u015flenmesinde veri sorumlusunun y\u00fck\u00fcml\u00fcl\u00fckleri, ki\u015fisel verilerin i\u015flenme \u015fartlar\u0131 hakk\u0131nda bilgilendirildi.<\/p>\n\n\n\n<p>\u0130nteraktif kat\u0131l\u0131m\u0131n sa\u011fland\u0131\u011f\u0131 seminerin sonunda Baro Ba\u015fkan\u0131 Av. Gazi \u00d6zdemir, bilgilerini payla\u015fan KVKK Komisyonu Ba\u015fkan\u0131 Av. Murat Alt\u0131ndere ile Ki\u015fisel Verileri Koruma Kurulu \u00dcyesi Cennet Alas \u015eekerbay\u2019a te\u015fekk\u00fcr etti.<\/p>\n","protected":false},"excerpt":{"rendered":"<p>Mersin Barosu Ki\u015fisel Verilerin Korunmas\u0131 Kanunu Komisyonu taraf\u0131ndan avukatlara y\u00f6nelik \u201cKi\u015fisel Verilerin Korunmas\u0131 Kanunundaki De\u011fi\u015fiklikler&#8221; konulu seminer d\u00fczenlendi. Mersin Barosu G\u00f6kdelen 16. kat hizmet biriminde d\u00fczenlenen seminer, Mersin Barosu Ki\u015fisel Verilerin Korunmas\u0131 Kanunu Komisyonu Ba\u015fkan\u0131 Av. Murat Alt\u0131ndere moderat\u00f6rl\u00fc\u011f\u00fcnde, Ki\u015fisel Verileri Koruma Kurulu \u00dcyesi Cennet Alas \u015eekerbay\u2019\u0131n sunumuyla ger\u00e7ekle\u015fti. Seminerin a\u00e7\u0131l\u0131\u015f konu\u015fmas\u0131n\u0131 yapan Mersin Barosu [&hellip;]<\/p>\n","protected":false},"author":2,"featured_media":39398,"comment_status":"closed","ping_status":"closed","sticky":false,"template":"","format":"standard","meta":{"footnotes":""},"categories":[3],"tags":[],"class_list":["post-39397","post","type-post","status-publish","format-standard","has-post-thumbnail","hentry","category-manset"],"views":3,"_links":{"self":[{"href":"https:\/\/mersinkadingazetesi.com\/index.php?rest_route=\/wp\/v2\/posts\/39397"}],"collection":[{"href":"https:\/\/mersinkadingazetesi.com\/index.php?rest_route=\/wp\/v2\/posts"}],"about":[{"href":"https:\/\/mersinkadingazetesi.com\/index.php?rest_route=\/wp\/v2\/types\/post"}],"author":[{"embeddable":true,"href":"https:\/\/mersinkadingazetesi.com\/index.php?rest_route=\/wp\/v2\/users\/2"}],"replies":[{"embeddable":true,"href":"https:\/\/mersinkadingazetesi.com\/index.php?rest_route=%2Fwp%2Fv2%2Fcomments&post=39397"}],"version-history":[{"count":1,"href":"https:\/\/mersinkadingazetesi.com\/index.php?rest_route=\/wp\/v2\/posts\/39397\/revisions"}],"predecessor-version":[{"id":39399,"href":"https:\/\/mersinkadingazetesi.com\/index.php?rest_route=\/wp\/v2\/posts\/39397\/revisions\/39399"}],"wp:featuredmedia":[{"embeddable":true,"href":"https:\/\/mersinkadingazetesi.com\/index.php?rest_route=\/wp\/v2\/media\/39398"}],"wp:attachment":[{"href":"https:\/\/mersinkadingazetesi.com\/index.php?rest_route=%2Fwp%2Fv2%2Fmedia&parent=39397"}],"wp:term":[{"taxonomy":"category","embeddable":true,"href":"https:\/\/mersinkadingazetesi.com\/index.php?rest_route=%2Fwp%2Fv2%2Fcategories&post=39397"},{"taxonomy":"post_tag","embeddable":true,"href":"https:\/\/mersinkadingazetesi.com\/index.php?rest_route=%2Fwp%2Fv2%2Ftags&post=39397"}],"curies":[{"name":"wp","href":"https:\/\/api.w.org\/{rel}","templated":true}]}}