{"id":39410,"date":"2025-02-06T12:30:32","date_gmt":"2025-02-06T09:30:32","guid":{"rendered":"https:\/\/mersinkadingazetesi.com\/?p=39410"},"modified":"2025-02-06T12:30:33","modified_gmt":"2025-02-06T09:30:33","slug":"antakya-medeniyetler-korosu-6-subat-icin-mersinde-sahne-alacak","status":"publish","type":"post","link":"https:\/\/mersinkadingazetesi.com\/?p=39410","title":{"rendered":"Antakya Medeniyetler Korosu 6 \u015eubat i\u00e7in Mersin\u2019de sahne alacak"},"content":{"rendered":"\n<p>Mersin Yeni\u015fehir Belediyesi, 6 \u015eubat 2023 tarihinde ya\u015fanan deprem felaketinin ikinci y\u0131l\u0131 dolay\u0131s\u0131yla anma konseri d\u00fczenleyecek. &nbsp;Antakya Medeniyetler Korosu\u2019nun verece\u011fi anma konserinde depremde hayat\u0131n\u0131 kaybedenlerin an\u0131s\u0131n\u0131 ya\u015fatmak ve felaketin yaratt\u0131\u011f\u0131 ac\u0131lar\u0131 unutturmamak amac\u0131yla 10 \u015eubat Pazartesi g\u00fcn\u00fc saat 19.30\u2019da Yeni\u015fehir Belediyesi Atat\u00fcrk K\u00fclt\u00fcr Merkezinde ger\u00e7ekle\u015fecek.<\/p>\n\n\n\n<p>Farkl\u0131 k\u00fclt\u00fcr ve inan\u00e7lar\u0131 bir araya getiren Antakya Medeniyetler Korosu, Yeni\u015fehir Belediyesinin ev sahipli\u011finde 6 \u015eubat depremlerinin ikinci y\u0131l\u0131 nedeniyle Mersin\u2019de sahne alacak. &nbsp;6 \u015eubat gecesi Kahramanmara\u015f merkezli depremlerde yedi sanat\u00e7\u0131s\u0131 hayat\u0131n\u0131 kaybeden Antakya Medeniyetler Korosu, \u201cUnutmad\u0131k, Unutturmayaca\u011f\u0131z\u201d slogan\u0131yla anma konseri verecek.<\/p>\n\n\n\n<p>Mersinlileri anma konserine davet eden Yeni\u015fehir Belediye Ba\u015fkan\u0131 Abdullah \u00d6zyi\u011fit, <strong>\u201c6 \u015eubat depremleri, hepimizin y\u00fcre\u011finde derin izler b\u0131rakt\u0131. Bu felakette yitirdiklerimizi, evsiz kalanlar\u0131 ve hayatlar\u0131 de\u011fi\u015fen t\u00fcm vatanda\u015flar\u0131m\u0131z\u0131 asla unutmayaca\u011f\u0131z. Antakya Medeniyetler Korosu ile hayat\u0131n\u0131 kaybeden vatanda\u015flar\u0131m\u0131z\u0131 anmak, ac\u0131lar\u0131m\u0131z\u0131 payla\u015fmak ve dayan\u0131\u015fma ruhunu daima canl\u0131 tutmak ad\u0131na d\u00fczenleyece\u011fimiz anma konserine vatanda\u015flar\u0131m\u0131z\u0131 bekliyoruz.\u201d <\/strong>ifadelerini kulland\u0131.<\/p>\n","protected":false},"excerpt":{"rendered":"<p>Mersin Yeni\u015fehir Belediyesi, 6 \u015eubat 2023 tarihinde ya\u015fanan deprem felaketinin ikinci y\u0131l\u0131 dolay\u0131s\u0131yla anma konseri d\u00fczenleyecek. &nbsp;Antakya Medeniyetler Korosu\u2019nun verece\u011fi anma konserinde depremde hayat\u0131n\u0131 kaybedenlerin an\u0131s\u0131n\u0131 ya\u015fatmak ve felaketin yaratt\u0131\u011f\u0131 ac\u0131lar\u0131 unutturmamak amac\u0131yla 10 \u015eubat Pazartesi g\u00fcn\u00fc saat 19.30\u2019da Yeni\u015fehir Belediyesi Atat\u00fcrk K\u00fclt\u00fcr Merkezinde ger\u00e7ekle\u015fecek. Farkl\u0131 k\u00fclt\u00fcr ve inan\u00e7lar\u0131 bir araya getiren Antakya Medeniyetler Korosu, [&hellip;]<\/p>\n","protected":false},"author":2,"featured_media":39411,"comment_status":"closed","ping_status":"closed","sticky":false,"template":"","format":"standard","meta":{"footnotes":""},"categories":[3],"tags":[],"class_list":["post-39410","post","type-post","status-publish","format-standard","has-post-thumbnail","hentry","category-manset"],"views":5,"_links":{"self":[{"href":"https:\/\/mersinkadingazetesi.com\/index.php?rest_route=\/wp\/v2\/posts\/39410"}],"collection":[{"href":"https:\/\/mersinkadingazetesi.com\/index.php?rest_route=\/wp\/v2\/posts"}],"about":[{"href":"https:\/\/mersinkadingazetesi.com\/index.php?rest_route=\/wp\/v2\/types\/post"}],"author":[{"embeddable":true,"href":"https:\/\/mersinkadingazetesi.com\/index.php?rest_route=\/wp\/v2\/users\/2"}],"replies":[{"embeddable":true,"href":"https:\/\/mersinkadingazetesi.com\/index.php?rest_route=%2Fwp%2Fv2%2Fcomments&post=39410"}],"version-history":[{"count":1,"href":"https:\/\/mersinkadingazetesi.com\/index.php?rest_route=\/wp\/v2\/posts\/39410\/revisions"}],"predecessor-version":[{"id":39412,"href":"https:\/\/mersinkadingazetesi.com\/index.php?rest_route=\/wp\/v2\/posts\/39410\/revisions\/39412"}],"wp:featuredmedia":[{"embeddable":true,"href":"https:\/\/mersinkadingazetesi.com\/index.php?rest_route=\/wp\/v2\/media\/39411"}],"wp:attachment":[{"href":"https:\/\/mersinkadingazetesi.com\/index.php?rest_route=%2Fwp%2Fv2%2Fmedia&parent=39410"}],"wp:term":[{"taxonomy":"category","embeddable":true,"href":"https:\/\/mersinkadingazetesi.com\/index.php?rest_route=%2Fwp%2Fv2%2Fcategories&post=39410"},{"taxonomy":"post_tag","embeddable":true,"href":"https:\/\/mersinkadingazetesi.com\/index.php?rest_route=%2Fwp%2Fv2%2Ftags&post=39410"}],"curies":[{"name":"wp","href":"https:\/\/api.w.org\/{rel}","templated":true}]}}