{"id":39418,"date":"2025-02-06T13:16:45","date_gmt":"2025-02-06T10:16:45","guid":{"rendered":"https:\/\/mersinkadingazetesi.com\/?p=39418"},"modified":"2025-02-06T13:16:46","modified_gmt":"2025-02-06T10:16:46","slug":"baskan-yildiz-depremden-gerekli-dersler-hala-cikarilmadi","status":"publish","type":"post","link":"https:\/\/mersinkadingazetesi.com\/?p=39418","title":{"rendered":"BA\u015eKAN YILDIZ: DEPREMDEN GEREKL\u0130 DERSLER H\u00c2L\u00c2 \u00c7IKARILMADI"},"content":{"rendered":"\n<p>Toroslar Belediye Ba\u015fkan\u0131 Abdurrahman Y\u0131ld\u0131z, 6 \u015eubat 2023 depreminde hayat\u0131n\u0131 kaybeden yurtta\u015flar\u0131 and\u0131. Ba\u015fkan Y\u0131ld\u0131z, b\u00fcy\u00fck felaketten gerekli derslerin \u00e7\u0131kar\u0131lmad\u0131\u011f\u0131n\u0131, depremden etkilenen \u015fehirlerin sorunlar\u0131n\u0131n \u00e7\u00f6z\u00fclemedi\u011fini, deprem olmas\u0131 muhtemel yerlerde de depreme kar\u015f\u0131 \u00f6nlem al\u0131nmad\u0131\u011f\u0131n\u0131 belirterek &#8220;Art\u0131k birilerinin inisiyatif almas\u0131, g\u00f6rev almas\u0131 gerekiyor&#8221; dedi.<\/p>\n\n\n\n<p>6 \u015eubat 2023&#8217;te meydana gelen Kahramanmara\u015f merkezli 2 deprem 11 ilde y\u0131k\u0131ma neden oldu, on binlerce insan enkaz alt\u0131nda hayat\u0131n\u0131 kaybetti, y\u00fcz binlerce insan g\u00f6\u00e7 etmek zorunda kald\u0131.<\/p>\n\n\n\n<p>Bu b\u00fcy\u00fck felaketin ikinci y\u0131l\u0131nda, depremde hayat\u0131n\u0131 kaybeden yurtta\u015flar\u0131 anan Toroslar Belediye Ba\u015fkan\u0131 Abdurrahman Y\u0131ld\u0131z, deprem b\u00f6lgesinde h\u00e2l\u00e2 devam eden sorunlara ve \u015fehirlerin depreme haz\u0131rlanmas\u0131 konusundaki ihmallere dikkat \u00e7ekti.<\/p>\n\n\n\n<p>Ba\u015fkan Y\u0131ld\u0131z, &#8220;6 \u015eubat 2023 \u00fclkemizde felaketin ya\u015fand\u0131\u011f\u0131 g\u00fcn. 11 kentimiz etkilendi. Maalesef 6 \u015eubat&#8217;tan sonra da biz gerekli dersleri alamad\u0131k. H\u00e2l\u00e2 hem depremden etkilenen \u015fehirlerin sorunlar\u0131n\u0131 \u00e7\u00f6zebilmi\u015f de\u011filiz hem de ihtimal ki deprem olmas\u0131 beklenen b\u00f6lgelerde gerekli \u00f6nlemleri alabilmi\u015f de\u011filiz. S\u00fcrekli sorumlulu\u011fu birbirimizin \u00fczerine atarak, sen etkilisin, ben yetkiliyim kavgas\u0131 yaparak bu memlekette vakitler gelip ge\u00e7ip gidiyor ama olan canlara oluyor. Bak\u0131n\u0131z sadece 6 \u015eubat&#8217;tan sonra bu \u00fclkede defaten felaketler ya\u015fand\u0131. \u0130\u015fte iki hafta evvel bir otel g\u00f6z\u00fcm\u00fcz\u00fcn \u00f6n\u00fcnde cay\u0131r cay\u0131r yand\u0131. 78 yurtta\u015f\u0131m\u0131z \u00f6ld\u00fc ve biz h\u00e2l\u00e2 bu otelin yanmas\u0131na sebep nedir bilmiyoruz. Yine h\u00e2l\u00e2 sorumlusu olmayan bir olayla kar\u015f\u0131 kar\u015f\u0131y\u0131z. Herkes sorumlulu\u011fu birbirine at\u0131yor. \u00dclkemizin 6 \u015eubat gibi, yang\u0131n gibi bu tarz felaketlerde bo\u015fu bo\u015funa insanlar\u0131n \u00f6mr\u00fcn\u00fc yok etmemesi i\u00e7in, insan hayat\u0131n\u0131n yok olmamas\u0131 i\u00e7in art\u0131k birilerinin inisiyatif almas\u0131, g\u00f6rev almas\u0131 gerekiyor&#8221; dedi.<\/p>\n\n\n\n<p><strong>&#8220;TOROSLAR&#8217;DA YAPI STO\u011eUMUZ ESK\u0130&#8221;<\/strong><\/p>\n\n\n\n<p>\u015eehirlerin depreme haz\u0131rl\u0131kl\u0131 hale getirilmesinin ekonomik g\u00fc\u00e7le m\u00fcmk\u00fcn oldu\u011funa dikkat \u00e7eken Ba\u015fkan Y\u0131ld\u0131z, &#8220;Toroslar Belediyesi olarak, kentimiz \u00e7ok sa\u011flam bir zeminde kurulu olmas\u0131na ra\u011fmen, yap\u0131lar\u0131n \u00e7ok eski stoklar olmas\u0131, herhangi bir mimari m\u00fchendislik hizmeti al\u0131nmadan yap\u0131lm\u0131\u015f \u00e7ok yo\u011fun bir dokumuzun olmas\u0131 nedeniyle deprem konusunda hakikaten bizi de \u00e7ok ciddi endi\u015felendiriyor. Bu konularda kafa yoruyoruz ama hani mevcut ekonomik durum d\u00fczelmedi\u011fi m\u00fcddet\u00e7e, il\u00e7eler baz\u0131nda, iller baz\u0131nda tek tek durumun d\u00fczeltilmesinin de m\u00fcmk\u00fcn olmad\u0131\u011f\u0131n\u0131 bilecek kadar ekonomik bilgiye hakimiz.&nbsp; Dolay\u0131s\u0131yla ben bir kez daha 6 \u015eubat&#8217;ta ve daha sonraki felaketlerde ya\u015fam\u0131n\u0131 yitirmi\u015f olan hem\u015ferilerime Allah&#8217;tan rahmet diliyorum. Onlar\u0131n ailelerine, dostlar\u0131na, e\u015flerine sab\u0131r diliyorum. \u00dclkemizin bir daha bu felaketleri ya\u015famamas\u0131 i\u00e7in her birimizin inisiyatif alarak, kendi g\u00f6revlerimizi ger\u00e7ekten do\u011fru bir \u015fekilde yapmam\u0131z gerekti\u011fi kanaatini bildiriyorum&#8221; ifadelerini kulland\u0131.<\/p>\n","protected":false},"excerpt":{"rendered":"<p>Toroslar Belediye Ba\u015fkan\u0131 Abdurrahman Y\u0131ld\u0131z, 6 \u015eubat 2023 depreminde hayat\u0131n\u0131 kaybeden yurtta\u015flar\u0131 and\u0131. Ba\u015fkan Y\u0131ld\u0131z, b\u00fcy\u00fck felaketten gerekli derslerin \u00e7\u0131kar\u0131lmad\u0131\u011f\u0131n\u0131, depremden etkilenen \u015fehirlerin sorunlar\u0131n\u0131n \u00e7\u00f6z\u00fclemedi\u011fini, deprem olmas\u0131 muhtemel yerlerde de depreme kar\u015f\u0131 \u00f6nlem al\u0131nmad\u0131\u011f\u0131n\u0131 belirterek &#8220;Art\u0131k birilerinin inisiyatif almas\u0131, g\u00f6rev almas\u0131 gerekiyor&#8221; dedi. 6 \u015eubat 2023&#8217;te meydana gelen Kahramanmara\u015f merkezli 2 deprem 11 ilde y\u0131k\u0131ma [&hellip;]<\/p>\n","protected":false},"author":2,"featured_media":39419,"comment_status":"closed","ping_status":"closed","sticky":false,"template":"","format":"standard","meta":{"footnotes":""},"categories":[3],"tags":[],"class_list":["post-39418","post","type-post","status-publish","format-standard","has-post-thumbnail","hentry","category-manset"],"views":4,"_links":{"self":[{"href":"https:\/\/mersinkadingazetesi.com\/index.php?rest_route=\/wp\/v2\/posts\/39418"}],"collection":[{"href":"https:\/\/mersinkadingazetesi.com\/index.php?rest_route=\/wp\/v2\/posts"}],"about":[{"href":"https:\/\/mersinkadingazetesi.com\/index.php?rest_route=\/wp\/v2\/types\/post"}],"author":[{"embeddable":true,"href":"https:\/\/mersinkadingazetesi.com\/index.php?rest_route=\/wp\/v2\/users\/2"}],"replies":[{"embeddable":true,"href":"https:\/\/mersinkadingazetesi.com\/index.php?rest_route=%2Fwp%2Fv2%2Fcomments&post=39418"}],"version-history":[{"count":1,"href":"https:\/\/mersinkadingazetesi.com\/index.php?rest_route=\/wp\/v2\/posts\/39418\/revisions"}],"predecessor-version":[{"id":39420,"href":"https:\/\/mersinkadingazetesi.com\/index.php?rest_route=\/wp\/v2\/posts\/39418\/revisions\/39420"}],"wp:featuredmedia":[{"embeddable":true,"href":"https:\/\/mersinkadingazetesi.com\/index.php?rest_route=\/wp\/v2\/media\/39419"}],"wp:attachment":[{"href":"https:\/\/mersinkadingazetesi.com\/index.php?rest_route=%2Fwp%2Fv2%2Fmedia&parent=39418"}],"wp:term":[{"taxonomy":"category","embeddable":true,"href":"https:\/\/mersinkadingazetesi.com\/index.php?rest_route=%2Fwp%2Fv2%2Fcategories&post=39418"},{"taxonomy":"post_tag","embeddable":true,"href":"https:\/\/mersinkadingazetesi.com\/index.php?rest_route=%2Fwp%2Fv2%2Ftags&post=39418"}],"curies":[{"name":"wp","href":"https:\/\/api.w.org\/{rel}","templated":true}]}}