{"id":39421,"date":"2025-02-07T11:13:09","date_gmt":"2025-02-07T08:13:09","guid":{"rendered":"https:\/\/mersinkadingazetesi.com\/?p=39421"},"modified":"2025-02-07T11:13:10","modified_gmt":"2025-02-07T08:13:10","slug":"musiad-mersin-suriye-pazari-icin-harekete-gecti","status":"publish","type":"post","link":"https:\/\/mersinkadingazetesi.com\/?p=39421","title":{"rendered":"M\u00dcS\u0130AD MERS\u0130N, SUR\u0130YE PAZARI \u0130\u00c7\u0130N HAREKETE GE\u00c7T\u0130"},"content":{"rendered":"\n<p><strong><em>M\u00fcstakil Sanayici ve \u0130\u015fadamlar\u0131 Derne\u011fi (M\u00dcS\u0130AD) Mersin \u015eubesi, T\u00fcrkiye&#8217;nin ve Mersin&#8217;in ekonomik kalk\u0131nmas\u0131na katk\u0131da bulunmak ve i\u015f d\u00fcnyas\u0131n\u0131n rekabet g\u00fcc\u00fcn\u00fc art\u0131rmak amac\u0131yla \u00e7e\u015fitli stratejik ad\u0131mlar atmaya devam ediyor. Son d\u00f6nemde M\u00dcS\u0130AD&#8217;\u0131n ticaret alan\u0131nda att\u0131\u011f\u0131 \u00f6nemli ad\u0131mlar, i\u015f d\u00fcnyas\u0131 taraf\u0131ndan yak\u0131ndan takip ediliyor. Yeniden yap\u0131lanma i\u00e7in b\u00fcy\u00fck bir pazar olan Suriye ile ticari i\u015fbirli\u011fini art\u0131rmak i\u00e7in Humus Ticaret Odas\u0131 Y\u00f6netim Kurulu Ba\u015fkan\u0131 Lyad Drak Sibi ve y\u00f6netimiyle bir araya gelerek i\u015fbirli\u011fi f\u0131rsatlar\u0131n\u0131 de\u011ferlendiren M\u00dcS\u0130AD Mersin Ba\u015fkan\u0131 Mehmet Sait Kayan ve y\u00f6netimi, bu s\u00fcre\u00e7te aktif rol alarak, Mersin&#8217;in ticari geli\u015fimine katk\u0131 sa\u011flamay\u0131 hedefliyor.<\/em><\/strong><\/p>\n\n\n\n<p>M\u00fcstakil Sanayici ve \u0130\u015fadamlar\u0131 Derne\u011fi (M\u00dcS\u0130AD) Mersin \u015eubesi, T\u00fcrkiye&#8217;nin ve Mersin&#8217;in ekonomik kalk\u0131nmas\u0131na katk\u0131da bulunmak ve i\u015f d\u00fcnyas\u0131n\u0131n rekabet g\u00fcc\u00fcn\u00fc art\u0131rmak amac\u0131yla \u00e7e\u015fitli stratejik ad\u0131mlar atmaya devam ediyor. M\u00dcS\u0130AD Mersin \u015eubesi, T\u00fcrkiye-Suriye \u0130ktisadi \u0130\u015f Birli\u011fi Zirvesi&#8217;ne kat\u0131ld\u0131. Gaziantep&#8217;te d\u00fczenlenen T\u00fcrkiye-Suriye \u0130ktisadi \u0130\u015f Birli\u011fi Zirvesi&#8217;nde, T\u00fcrkiye ve Suriye aras\u0131ndaki ticari ili\u015fkilerin gelece\u011fi ele al\u0131nd\u0131. M\u00dcS\u0130AD Mersin \u015eubesi&#8217;nin kat\u0131l\u0131m g\u00f6sterdi\u011fi zirve, T\u00fcrkiye-Suriye i\u015f d\u00fcnyas\u0131n\u0131n g\u00fc\u00e7l\u00fc bir \u015fekilde birle\u015fmesine ve iki \u00fclke aras\u0131ndaki ekonomik ba\u011flar\u0131n daha da g\u00fc\u00e7lenmesine zemin haz\u0131rlad\u0131.<\/p>\n\n\n\n<p>T\u0130CARET BAKANINDAN SUR\u0130YE PAZARI \u0130\u00c7\u0130N ADIM<\/p>\n\n\n\n<p>Zirveye, Ticaret Bakan\u0131 Prof. Dr. \u00d6mer Bolat, Gaziantep Valisi Kemal \u00c7eber, IBF Ba\u015fkan\u0131 Erol Yarar, M\u00dcS\u0130AD Genel Ba\u015fkan\u0131 Mahmut Asmal\u0131, Gaziantep B\u00fcy\u00fck\u015fehir Belediye Ba\u015fkan\u0131 Fatma \u015eahin ve \u015eahinbey Belediye Ba\u015fkan\u0131 Mehmet Tahmazo\u011flu gibi \u00f6nemli isimler kat\u0131ld\u0131. Kat\u0131l\u0131mc\u0131lar, T\u00fcrkiye ve Suriye aras\u0131ndaki ticari ili\u015fkilerin g\u00fc\u00e7lendirilmesi ve Suriye&#8217;nin yeniden in\u015fa s\u00fcrecinde T\u00fcrkiye&#8217;nin rol\u00fc hakk\u0131nda fikir al\u0131\u015fveri\u015finde bulundu. Zirve, 900&#8217;den fazla T\u00fcrk i\u015f insan\u0131 ve 500&#8217;den fazla Suriyeli i\u015f insan\u0131n\u0131n kat\u0131l\u0131m\u0131yla b\u00fcy\u00fck bir ba\u015far\u0131ya imza atarken, 107 B2B g\u00f6r\u00fc\u015fmesi ve 99 stantl\u0131 fuar alan\u0131 ile ticaretin geli\u015ftirilmesine y\u00f6nelik \u00f6nemli f\u0131rsatlar sundu. Zirve, ayn\u0131 zamanda T\u00fcrkiye-Suriye Ticaretinde Stratejik Yakla\u015f\u0131mlar ve S\u00fcrd\u00fcr\u00fclebilir Kalk\u0131nma Hedefleri paneline de ev sahipli\u011fi yapt\u0131. Ticaret Bakan\u0131 Prof. Dr. \u00d6mer Bolat, T\u00fcrkiye-Suriye ticaretinin kapsam\u0131n\u0131 de\u011ferlendirerek, iki \u00fclke aras\u0131ndaki Kapsaml\u0131 Ekonomik Ortakl\u0131k Anla\u015fmas\u0131&#8217;n\u0131n yeniden hayata ge\u00e7irilmesi i\u00e7in g\u00f6r\u00fc\u015fmelerin ba\u015flat\u0131laca\u011f\u0131n\u0131 belirtti. Bu geli\u015fme, \u00f6zellikle i\u015f insanlar\u0131 i\u00e7in \u00f6nemli f\u0131rsatlar sunuyor ve T\u00fcrkiye ile Suriye aras\u0131ndaki i\u015f birli\u011finin daha da peki\u015fmesini sa\u011fl\u0131yor.<\/p>\n\n\n\n<p>MERS\u0130N-HUMUS ARASINDAK\u0130 T\u0130CAR\u0130 \u0130\u015eB\u0130RL\u0130\u011e\u0130N\u0130 G\u00dc\u00c7LEND\u0130REN BULU\u015eMA<\/p>\n\n\n\n<p>\u00d6te yandan T\u00fcrkiye ile Suriye aras\u0131ndaki ticari ili\u015fkilerin g\u00fc\u00e7lendirilmesi ad\u0131na at\u0131lan ad\u0131mlar, i\u015f d\u00fcnyas\u0131n\u0131n ortak \u00e7abalar\u0131yla yeni bir ivme kazan\u0131yor. Gaziantep&#8217;te d\u00fczenlenen T\u00fcrkiye-Suriye \u0130ktisadi \u0130\u015fbirli\u011fi Zirvesi, bu s\u00fcrecin \u00f6nemli bir \u00f6rne\u011fi oldu. Zirvede, M\u00dcS\u0130AD&#8217;\u0131n program\u0131na kat\u0131lmak i\u00e7in T\u00fcrkiye&#8217;ye gelen Humus Ticaret Odas\u0131 Y\u00f6netim Kurulu Ba\u015fkan\u0131 Lyad Drak Sibi ve y\u00f6netimi, Mersin Arap \u0130\u015fadamlar\u0131 Derne\u011fi Ba\u015fkan\u0131 Mohamad Almushalban ve ekibi ile M\u00dcS\u0130AD Mersin Ba\u015fkan\u0131 M. Sait Kayan ve Y\u00f6netim Kurulu \u00dcyeleri bir araya gelerek i\u015fbirli\u011fi f\u0131rsatlar\u0131n\u0131 de\u011ferlendirdi. Ayr\u0131ca, Mersin&#8217;de M\u00dcS\u0130AD \u00fcyeleriyle ger\u00e7ekle\u015ftirilecek program\u0131n detaylar\u0131 da g\u00f6r\u00fc\u015f\u00fcld\u00fc ve iki \u00fclke aras\u0131ndaki ticari ba\u011flar\u0131 daha da g\u00fc\u00e7lendirecek somut ad\u0131mlar ele al\u0131nd\u0131. M\u00dcS\u0130AD Mersin olarak, T\u00fcrkiye-Suriye aras\u0131nda geli\u015fen bu yeni d\u00f6nemde, i\u015f d\u00fcnyas\u0131 ad\u0131na g\u00fc\u00e7l\u00fc ad\u0131mlar atmaya devam edilece\u011fi ve ticaretin her iki \u00fclkenin kalk\u0131nmas\u0131nda \u00f6nemli bir ara\u00e7 olaca\u011f\u0131 vurguland\u0131.<\/p>\n\n\n\n<p>SUR\u0130YE PAZARI B\u00dcY\u00dcK B\u0130R POTANS\u0130YEL<\/p>\n\n\n\n<p>Suriye pazar\u0131 ile ilgili de\u011ferlendirmelerde bulunan Kayan, Suriye&#8217;nin co\u011frafi olarak T\u00fcrkiye&#8217;nin g\u00fcney s\u0131n\u0131r\u0131nda yer almas\u0131, k\u00fclt\u00fcrel benzerlikler ve ge\u00e7mi\u015ften gelen ticaret ba\u011flar\u0131yla b\u00fcy\u00fck bir potansiyele sahip oldu\u011funu vurgulad\u0131. Suriye&#8217;nin i\u00e7 sava\u015f sonras\u0131 ekonomik toparlanma s\u00fcrecine girmesiyle birlikte, b\u00f6lgeye yat\u0131r\u0131m yapman\u0131n, T\u00fcrk sanayicilerine ve i\u015f insanlar\u0131na b\u00fcy\u00fck f\u0131rsatlar sundu\u011funu ifade etti. Kayan, Mersin&#8217;in liman avantaj\u0131 ile bu pazara a\u00e7\u0131lman\u0131n \u00f6nemli bir f\u0131rsat oldu\u011funa dikkat \u00e7ekerek, &#8220;T\u00fcrk i\u015f insanlar\u0131n\u0131n burada g\u00fc\u00e7l\u00fc i\u015fbirlikleri kurarak yerel \u00fcretimi desteklemeleri, ayn\u0131 zamanda ihracat potansiyelini de art\u0131racakt\u0131r. Suriye pazar\u0131na dair at\u0131lacak her ad\u0131m, T\u00fcrk i\u015f insanlar\u0131n\u0131n k\u00fcresel pazarda daha g\u00fc\u00e7l\u00fc bir konum elde etmelerini sa\u011flayacak. M\u00dcS\u0130AD olarak, bu s\u00fcre\u00e7te hem \u00fcyelerimize hem de Mersin i\u015f d\u00fcnyas\u0131na gerekli t\u00fcm deste\u011fi sa\u011flayarak, Suriye ile ticaretin canland\u0131r\u0131lmas\u0131n\u0131 hedefliyoruz&#8221; dedi.<\/p>\n\n\n\n<p>&nbsp;Suriye pazar\u0131na y\u00f6nelik kritik ad\u0131mlar\u0131n at\u0131labilmesi i\u00e7in sa\u011flam bir ileti\u015fim a\u011f\u0131n\u0131n kurulmas\u0131 gerekti\u011finin de alt\u0131n\u0131 \u00e7izen Kayan, Suriye&#8217;deki yerel akt\u00f6rlerle i\u015fbirliklerinin g\u00fc\u00e7lendirilmesinin \u00f6nemini vurgulayarak, T\u00fcrkiye&#8217;nin s\u0131n\u0131r kom\u015fusu olan bu \u00fclkeyle i\u015f yapman\u0131n avantajlar\u0131 kadar, pazar dinamiklerini do\u011fru anlaman\u0131n da b\u00fcy\u00fck \u00f6nem ta\u015f\u0131d\u0131\u011f\u0131n\u0131 s\u00f6yledi.<\/p>\n","protected":false},"excerpt":{"rendered":"<p>M\u00fcstakil Sanayici ve \u0130\u015fadamlar\u0131 Derne\u011fi (M\u00dcS\u0130AD) Mersin \u015eubesi, T\u00fcrkiye&#8217;nin ve Mersin&#8217;in ekonomik kalk\u0131nmas\u0131na katk\u0131da bulunmak ve i\u015f d\u00fcnyas\u0131n\u0131n rekabet g\u00fcc\u00fcn\u00fc art\u0131rmak amac\u0131yla \u00e7e\u015fitli stratejik ad\u0131mlar atmaya devam ediyor. Son d\u00f6nemde M\u00dcS\u0130AD&#8217;\u0131n ticaret alan\u0131nda att\u0131\u011f\u0131 \u00f6nemli ad\u0131mlar, i\u015f d\u00fcnyas\u0131 taraf\u0131ndan yak\u0131ndan takip ediliyor. Yeniden yap\u0131lanma i\u00e7in b\u00fcy\u00fck bir pazar olan Suriye ile ticari i\u015fbirli\u011fini art\u0131rmak i\u00e7in [&hellip;]<\/p>\n","protected":false},"author":2,"featured_media":39422,"comment_status":"closed","ping_status":"closed","sticky":false,"template":"","format":"standard","meta":{"footnotes":""},"categories":[3],"tags":[],"class_list":["post-39421","post","type-post","status-publish","format-standard","has-post-thumbnail","hentry","category-manset"],"views":9,"_links":{"self":[{"href":"https:\/\/mersinkadingazetesi.com\/index.php?rest_route=\/wp\/v2\/posts\/39421"}],"collection":[{"href":"https:\/\/mersinkadingazetesi.com\/index.php?rest_route=\/wp\/v2\/posts"}],"about":[{"href":"https:\/\/mersinkadingazetesi.com\/index.php?rest_route=\/wp\/v2\/types\/post"}],"author":[{"embeddable":true,"href":"https:\/\/mersinkadingazetesi.com\/index.php?rest_route=\/wp\/v2\/users\/2"}],"replies":[{"embeddable":true,"href":"https:\/\/mersinkadingazetesi.com\/index.php?rest_route=%2Fwp%2Fv2%2Fcomments&post=39421"}],"version-history":[{"count":1,"href":"https:\/\/mersinkadingazetesi.com\/index.php?rest_route=\/wp\/v2\/posts\/39421\/revisions"}],"predecessor-version":[{"id":39423,"href":"https:\/\/mersinkadingazetesi.com\/index.php?rest_route=\/wp\/v2\/posts\/39421\/revisions\/39423"}],"wp:featuredmedia":[{"embeddable":true,"href":"https:\/\/mersinkadingazetesi.com\/index.php?rest_route=\/wp\/v2\/media\/39422"}],"wp:attachment":[{"href":"https:\/\/mersinkadingazetesi.com\/index.php?rest_route=%2Fwp%2Fv2%2Fmedia&parent=39421"}],"wp:term":[{"taxonomy":"category","embeddable":true,"href":"https:\/\/mersinkadingazetesi.com\/index.php?rest_route=%2Fwp%2Fv2%2Fcategories&post=39421"},{"taxonomy":"post_tag","embeddable":true,"href":"https:\/\/mersinkadingazetesi.com\/index.php?rest_route=%2Fwp%2Fv2%2Ftags&post=39421"}],"curies":[{"name":"wp","href":"https:\/\/api.w.org\/{rel}","templated":true}]}}