{"id":39424,"date":"2025-02-07T11:16:11","date_gmt":"2025-02-07T08:16:11","guid":{"rendered":"https:\/\/mersinkadingazetesi.com\/?p=39424"},"modified":"2025-02-07T11:16:12","modified_gmt":"2025-02-07T08:16:12","slug":"secer-depremzedeler-bizim-icin-artik-misafir-degil-ailemizin-bir-bireyi","status":"publish","type":"post","link":"https:\/\/mersinkadingazetesi.com\/?p=39424","title":{"rendered":"SE\u00c7ER: &#8220;DEPREMZEDELER B\u0130Z\u0130M \u0130\u00c7\u0130N ARTIK M\u0130SAF\u0130R DE\u011e\u0130L A\u0130LEM\u0130Z\u0130N B\u0130R B\u0130REY\u0130&#8221;"},"content":{"rendered":"\n<p>Mersin B\u00fcy\u00fck\u015fehir Belediyesi ve 6 \u015eubat Ya\u015fam Derne\u011fi taraf\u0131ndan, 6 \u015eubat depremlerinin 2. y\u0131l d\u00f6n\u00fcm\u00fcnde anma etkinli\u011fi d\u00fczenlendi.&nbsp;<strong><em>&#8216;Sessizce Y\u00fcr\u00fcyor, Ac\u0131lara Ses Oluyoruz!&#8217;<\/em><\/strong>&nbsp;slogan\u0131yla ger\u00e7ekle\u015ftirilen program kapsam\u0131nda, hayat\u0131n\u0131 kaybedenler i\u00e7in&nbsp;<strong><em>&#8216;Sessiz Y\u00fcr\u00fcy\u00fc\u015f&#8217;<\/em><\/strong>ve<em>&nbsp;<strong>&#8216;Anma T\u00f6reni&#8217;<\/strong><\/em>&nbsp;yap\u0131ld\u0131. Mersin B\u00fcy\u00fck\u015fehir Belediye Ba\u015fkan\u0131 Vahap Se\u00e7er ve Meral Se\u00e7er de y\u00fcr\u00fcy\u00fc\u015fe kat\u0131larak depremde hayat\u0131n\u0131 kaybedenleri and\u0131lar.<\/p>\n\n\n\n<p>Anma program\u0131 kapsam\u0131nda d\u00fczenlenen y\u00fcr\u00fcy\u00fc\u015fe, Cumhuriyet Halk Partisi (CHP) Parti Meclisi \u00dcyesi Semra Din\u00e7er, CHP Mersin Milletvekili G\u00fclcan K\u0131\u015f, Talat Din\u00e7er ve Hasan Ufuk \u00c7ak\u0131r, Toroslar Belediye Ba\u015fkan\u0131 Abdurrahman Y\u0131ld\u0131z, CHP Mersin \u0130l Ba\u015fkan\u0131 Koral \u00d6m\u00fcr, siyasi partilerin temsilcileri, STK, oda ve derneklerin temsilcileri, Mersin&#8217;de ya\u015fayan depremzedeler ile \u00e7ok say\u0131da Mersinli kat\u0131l\u0131m sa\u011flad\u0131.<\/p>\n\n\n\n<p><strong>Anma program\u0131nda duygu dolu anlar ya\u015fand\u0131<\/strong><\/p>\n\n\n\n<p>Adnan Menderes Bulvar\u0131&#8217;nda ba\u015flayan sessiz y\u00fcr\u00fcy\u00fc\u015fte, vatanda\u015flar ellerinde karanfiller, me\u015faleler ve yakalar\u0131nda kokartlarla y\u00fcr\u00fcd\u00fc. Mersin B\u00fcy\u00fck\u015fehir Belediyesi \u0130tfaiye Dairesi Ba\u015fkanl\u0131\u011f\u0131 ekipleri de y\u00fcr\u00fcy\u00fc\u015fe, arama-kurtarma k\u00f6pekleriyle e\u015flik etti. Y\u00fcr\u00fcy\u00fc\u015fe kat\u0131lan vatanda\u015flar ellerinde me\u015faleler ta\u015f\u0131rken, bir k\u0131s\u0131m da cep telefonlar\u0131n\u0131n \u0131\u015f\u0131klar\u0131n\u0131 yakarak y\u00fcr\u00fcy\u00fc\u015fe d\u00e2hil oldu. Sahil \u015feridindeki \u0131\u015f\u0131kland\u0131rmalar da y\u00fcr\u00fcy\u00fc\u015f s\u00fcresince kapal\u0131 tutuldu.<\/p>\n\n\n\n<p>Kat\u0131l\u0131mc\u0131lar; kortej Amfi Tiyatro&#8217;daki anma alan\u0131na ula\u015ft\u0131\u011f\u0131nda, daha \u00f6nce murt dallar\u0131, defne yapraklar\u0131 ve mumlarla dizayn edilmi\u015f anma platformuna y\u00fcr\u00fcy\u00fc\u015f boyunca ellerinde tuttuklar\u0131 karanfilleri b\u0131rakt\u0131lar. Ard\u0131ndan 6 \u015eubat depremleri ile ilgili bir video g\u00f6sterimi yap\u0131ld\u0131.<\/p>\n\n\n\n<p><strong>Ba\u015fkan Se\u00e7er: &#8220;Deprem felaketi mevcut iktidar ve yerel y\u00f6netimlere bu ac\u0131lardan b\u00fcy\u00fck ders \u00e7\u0131karmalar\u0131 gerekti\u011fini \u00f6\u011fretti&#8221;<\/strong><\/p>\n\n\n\n<p>Konu\u015fmas\u0131na 6 \u015eubat depremlerinde hayat\u0131n\u0131 kaybeden on binlerce yurtta\u015f\u0131 anarak ba\u015flayan Ba\u015fkan Se\u00e7er, ya\u015fan\u0131lan afetin kendisine, T\u00fcrk milletinin felaket g\u00fcnlerinde, ola\u011fan\u00fcst\u00fc \u015fartlar ve ko\u015fullarda nas\u0131l bir araya geldi\u011fini, toplumun bu insani duygular\u0131n\u0131n ne kadar y\u00fcksek oldu\u011funun yan\u0131 s\u0131ra 21. y\u00fczy\u0131lda devlet gelene\u011fi 700 y\u0131l\u0131n \u00fczerinde bir deneyime sahip olan T\u00fcrkiye Cumhuriyeti devletinin b\u00f6yle bir afetin felakete d\u00f6n\u00fc\u015fmesine nas\u0131l seyirci kald\u0131\u011f\u0131n\u0131 ve bu s\u00fcreci iyi y\u00f6netemedi\u011fini \u00f6\u011fretti\u011fini s\u00f6yledi. Se\u00e7er, s\u00f6zlerinin siyasi bir m\u00fclahaza ile mevcut iktidar\u0131 ele\u015ftirmesinin \u00f6tesinde de\u011ferlendirilmesi gerekti\u011fine dikkat \u00e7ekerek,&nbsp;<strong>&#8220;Bu felaket, gelece\u011fe dair bug\u00fcnleri unutturmama ve bu eksikli\u011fimizi giderme ad\u0131na; ba\u015fta bug\u00fcnk\u00fc ve yar\u0131nki iktidar ile yerel y\u00f6netimlerin, bu felaketten ve ac\u0131lardan b\u00fcy\u00fck ders \u00e7\u0131karmalar\u0131 gerekti\u011fini \u00f6\u011fretti&#8221;<\/strong>&nbsp;dedi.&nbsp;<\/p>\n\n\n\n<p><strong>&#8220;Mersinliler ilk andan itibaren depremzedelere kucak a\u00e7t\u0131&#8221;<\/strong><\/p>\n\n\n\n<p>Depremden etkilenen \u015fehirlere en yak\u0131n ilin Mersin oldu\u011funu aktaran Se\u00e7er, ilk g\u00fcnden itibaren depremzede yurtta\u015flar\u0131n Mersin halk\u0131 taraf\u0131ndan kucakland\u0131\u011f\u0131n\u0131 s\u00f6yledi. Se\u00e7er,&nbsp;<strong>&#8220;Burada o d\u00f6nemde g\u00f6rev yapan t\u00fcm belediye ba\u015fkanlar\u0131m\u0131z, yerel y\u00f6neticilerimiz onlara kucak a\u00e7t\u0131. Devletimize ba\u011fl\u0131 t\u00fcm kurumlar\u0131n y\u00f6neticileri herkes ama herkes bir arada,&nbsp;<em>&#8216;Bu ola\u011fan\u00fcst\u00fc s\u00fcreci Mersin&#8217;de nas\u0131l y\u00f6netiriz&#8217;<\/em>&nbsp;diye d\u00fc\u015f\u00fcnd\u00fc. Biz de \u00fczerimize d\u00fc\u015fen g\u00f6revi yapt\u0131k. Bu a\u00e7\u0131dan hem insanen hem vicdanen son derece rahat bir belediye ba\u015fkan\u0131y\u0131m. Olay\u0131n oldu\u011fu ilk andan itibaren zaten ilgili birimlerimiz b\u00f6lgeye ula\u015fm\u0131\u015ft\u0131 ama buraya gelen karde\u015flerimizi de a\u00e7ta, a\u00e7\u0131kta b\u0131rakmamak i\u00e7in t\u00fcm hem\u015fehrilerimizle beraber onlar\u0131n yan\u0131nda durduk&#8221;<\/strong>&nbsp;ifadelerini kulland\u0131.<\/p>\n\n\n\n<p><strong>&#8220;Depremzedeler bizim i\u00e7in art\u0131k misafir de\u011fil, ailemizin bir bireyi&#8221;<\/strong><\/p>\n\n\n\n<p>Bir y\u00f6netici olarak bu t\u00fcr felaketlerin ya\u015fanmamas\u0131 i\u00e7in sadece umut etmekle kalmay\u0131p depreme kar\u015f\u0131 daha da bilin\u00e7li bir \u015fekilde g\u00f6rev yapt\u0131\u011f\u0131n\u0131 belirten Se\u00e7er,&nbsp;<strong>&#8220;\u015eu anda \u015fehrimizde bizimle beraber 60 binden fazla depremzede aile ya\u015f\u0131yor ama hala kay\u0131tlar\u0131 kendi b\u00f6lgelerinde. Biz onlar\u0131 ba\u015f\u0131m\u0131z\u0131n \u00fczerine koyduk, onlar\u0131 ailemiz g\u00f6rd\u00fck. Onlar bizim hem\u015fehrimiz. Onlar bizim i\u00e7in art\u0131k misafir de\u011fil, birer Mersinli, bizim ailemizin bir bireyi olarak g\u00f6r\u00fcyoruz ve mutluyuz. Burada belediye ba\u015fkan\u0131n\u0131z olarak soka\u011fa \u00e7\u0131kt\u0131\u011f\u0131mda, deprem sonras\u0131 buraya gelen vatanda\u015f\u0131m\u0131n memnuniyetini g\u00f6r\u00fcnce, \u015fehrime ve hem\u015fehrilerime dair s\u00f6yledi\u011fi \u00f6v\u00fcc\u00fc s\u00f6zleri duyduk\u00e7a, \u015fehrimle bir kez de\u011fil, milyon kez onur ve gurur duyuyorum&#8221;<\/strong>&nbsp;s\u00f6zlerine yer verdi.&nbsp;<\/p>\n\n\n\n<p><strong>&#8220;Mersin afet b\u00f6lgesidir, afet sadece deprem de\u011fildir&#8221;<\/strong><\/p>\n\n\n\n<p>Mersin&#8217;in de afet riski ta\u015f\u0131yan bir b\u00f6lge oldu\u011funu vurgulayarak, gerekli \u00f6nlemlerin al\u0131nmas\u0131 gerekti\u011fini belirten Se\u00e7er, sadece depremin de\u011fil, Mersin&#8217;in co\u011frafi konumu ve yap\u0131s\u0131 gere\u011fi; tsunami, orman yang\u0131n\u0131, sanayi kaynakl\u0131 patlamalar ve sel gibi afetlerin de b\u00fcy\u00fck risk ta\u015f\u0131d\u0131\u011f\u0131n\u0131 ifade ederek,&nbsp;<strong>&#8220;Mersin bir afet b\u00f6lgesi. Afet, sadece karada olu\u015facak&nbsp;&nbsp;deprem de\u011fildir, biz sahil \u015fehriyiz. Burada Akdeniz&#8217;de olu\u015facak bir deprem neticesinde meydana gelecek tsunami de bir afettir. Deprem b\u00f6lgesi de\u011filiz gibi g\u00f6r\u00fcn\u00fcyor&nbsp;&nbsp;ama Mersin&#8217;in yap\u0131 stoku hepimizi derinden endi\u015felendiriyor&#8221;&nbsp;<\/strong>ifadelerine yer verdi.<\/p>\n\n\n\n<p>Ya\u015fan\u0131lan felaketin ard\u0131ndan h\u0131zla harekete ge\u00e7erek afete kar\u015f\u0131 diren\u00e7li kent olabilmek ad\u0131na Afet \u0130\u015fleri Dairesi Ba\u015fkanl\u0131\u011f\u0131&#8217;n\u0131 kurduklar\u0131n\u0131 vurgulayan Se\u00e7er,&nbsp;<strong>&#8220;6 \u015eubat sonras\u0131 Afet \u0130\u015fleri Dairesi Ba\u015fkanl\u0131\u011f\u0131&#8217;n\u0131 kurduk ve hemen \u00e7al\u0131\u015fmalar\u0131na ba\u015flad\u0131. Nerede, nas\u0131l yap\u0131lar\u0131m\u0131z var, bizim zemin emniyetimiz ve yap\u0131 stokumuz nas\u0131l? Bu konuda \u00e7al\u0131\u015fmalar ba\u015flatt\u0131k. Sadece bununla yetinmeyerek bilin\u00e7lendirme e\u011fitimleri yapt\u0131k&#8221;<\/strong>&nbsp;diye konu\u015ftu.<\/p>\n\n\n\n<p>Se\u00e7er, afet bilincinin art\u0131r\u0131lmas\u0131 i\u00e7in e\u011fitim \u00e7al\u0131\u015fmalar\u0131na da \u00f6nem verdiklerini belirterek, \u00f6zellikle \u00e7ocuklara y\u00f6nelik deprem e\u011fitimi ve sim\u00fclasyonlar\u0131n\u0131n Mercan 100. Y\u0131l \u0130klim ve \u00c7evre Bilim Merkezi&#8217;nde ger\u00e7ekle\u015ftirildi\u011fini dile getirdi. Se\u00e7er,&nbsp;<strong>&#8220;Okul \u00e7a\u011f\u0131ndaki \u00e7ocuklar\u0131m\u0131zdan ba\u015flamak \u00fczere onlara deprem kar\u015f\u0131s\u0131nda nas\u0131l hareket edeceklerini, nas\u0131l davranacaklar\u0131n\u0131 anlatan e\u011fitimler vermeye ba\u015flad\u0131k. Mercan 100. Y\u0131l \u0130klim ve \u00c7evre Bilim Merkezi&#8217;mizde \u00e7ocuklar\u0131m\u0131z depremi, depremde nas\u0131l davranacaklar\u0131n\u0131 \u00f6\u011frensinler diye deprem konulu sim\u00fclasyon birimleri olu\u015fturduk&#8221;<\/strong>&nbsp;dedi.<\/p>\n\n\n\n<p><strong>&#8220;Afet riski ta\u015f\u0131yan yap\u0131lar\u0131m\u0131z\u0131n d\u00f6n\u00fc\u015ft\u00fcr\u00fclmesine katk\u0131 sunaca\u011f\u0131z&#8221;<\/strong><\/p>\n\n\n\n<p>Se\u00e7er, afet riski ta\u015f\u0131yan konutlar\u0131n d\u00f6n\u00fc\u015f\u00fcm\u00fcn\u00fc h\u0131zland\u0131rmak amac\u0131yla imar de\u011fi\u015fiklikleri \u00fczerinde \u00e7al\u0131\u015ft\u0131klar\u0131n\u0131 a\u00e7\u0131klayarak,&nbsp;<strong>&#8220;Bir\u00e7ok konutumuzun yerinde d\u00f6n\u00fc\u015f\u00fcm\u00fcn\u00fc ger\u00e7ekle\u015ftirmek \u00fczere Mersin B\u00fcy\u00fck\u015fehir Belediyesi&#8217;nin t\u00fcm birimleri \u00e7al\u0131\u015fmalar\u0131n\u0131 deprem felaketinden itibaren art\u0131rarak devam ettirdi. \u00d6zellikle afet riski ta\u015f\u0131yan konutlar\u0131m\u0131z\u0131n yenilenmesi i\u00e7in vatanda\u015flar\u0131m\u0131za baz\u0131 katk\u0131lar sa\u011flayabilecek imar de\u011fi\u015fikli\u011fi ile ilgili \u00e7al\u0131\u015fmalar\u0131m\u0131z\u0131 da s\u00fcrd\u00fcrece\u011fiz&nbsp;&nbsp;ve afet riski ta\u015f\u0131yan yap\u0131lar\u0131m\u0131z\u0131n d\u00f6n\u00fc\u015ft\u00fcr\u00fclmesine katk\u0131 sunaca\u011f\u0131z&#8221;<\/strong>&nbsp;diye konu\u015ftu.<\/p>\n\n\n\n<p><strong>&#8220;Bizim g\u00f6revimiz afetlerin felakete d\u00f6n\u00fc\u015fmesini \u00f6nlemektir&#8221;<\/strong><\/p>\n\n\n\n<p>Y\u00f6neticilerin tedbirli olmas\u0131 halinde can ve mal kay\u0131plar\u0131n\u0131n en aza indirgenece\u011finin alt\u0131n\u0131 \u00e7izen ve yap\u0131larda ranttan \u00f6nce insan sa\u011fl\u0131\u011f\u0131n\u0131n d\u00fc\u015f\u00fcn\u00fclmesi gerekti\u011fini s\u00f6yleyen Se\u00e7er,&nbsp;<strong>&#8220;Biz tedbirimizi alal\u0131m, yasalara uygun binalar yapal\u0131m. Vatanda\u015f\u0131m\u0131z deprem oldu\u011fu anda i\u015fyerinde, evinde ya da ba\u015fka bir mek\u00e2nda nas\u0131l davranaca\u011f\u0131n\u0131 bilirse eminim ki can ve mal kay\u0131plar\u0131 en az d\u00fczeye inecektir Biz bunlar\u0131 \u00fclke olarak ba\u015faramazsak, hala eski d\u00fczen yasalarla \u015fehirle\u015fmeye devam edersek, akl\u0131m\u0131z fikrimiz rantta, karda, parada olursa, insan hayat\u0131n\u0131 hi\u00e7e sayarsak, insan\u0131m\u0131za kar\u015f\u0131 sayg\u0131s\u0131z y\u00f6neticiler olursak bu ac\u0131lar\u0131 daha \u00e7ok ya\u015far\u0131z&#8221;<\/strong>&nbsp;dedi. Afetlerin do\u011fan\u0131n ka\u00e7\u0131n\u0131lmaz bir ger\u00e7e\u011fi oldu\u011funu ancak \u00f6nlem al\u0131nmad\u0131\u011f\u0131nda felakete d\u00f6n\u00fc\u015ft\u00fc\u011f\u00fcn\u00fc belirterek konu\u015fmas\u0131n\u0131 s\u00fcrd\u00fcren Se\u00e7er,&nbsp;<strong>&#8220;D\u00fcnya var oldu\u011fu ve do\u011fa olaylar\u0131 ger\u00e7ekle\u015fti\u011fi s\u00fcrece mutlaka afetler olacakt\u0131r. Bizim g\u00f6revimiz bu afetlerin felakete d\u00f6n\u00fc\u015fmesini \u00f6nlemektir&#8221;<\/strong>&nbsp;ifadelerine yer verdi.<\/p>\n\n\n\n<p><strong>&#8220;\u0130ktidar depremzede vatanda\u015flar\u0131n bir an \u00f6nce normale d\u00f6nebilmesi i\u00e7in \u00f6nlem almal\u0131&#8221;<\/strong><\/p>\n\n\n\n<p>Se\u00e7er, deprem b\u00f6lgesindeki vatanda\u015flar\u0131n eski hayatlar\u0131na h\u0131zla kavu\u015fabilmesi i\u00e7in iktidara \u00e7a\u011fr\u0131 da bulundu. Yerel y\u00f6netimin ve merkezi iktidar\u0131n \u00fczerine d\u00fc\u015feni yapmas\u0131n\u0131n \u00fclkeyi daha sayg\u0131n bir hale getirece\u011fine inand\u0131\u011f\u0131n\u0131 vurgulayan Se\u00e7er,&nbsp;<strong>&#8220;Deprem b\u00f6lgesinde ya\u015fayan; yerinden, yuvas\u0131ndan olan yurtta\u015flar\u0131m\u0131z ve oca\u011f\u0131 s\u00f6nen yurtta\u015flar\u0131m\u0131z\u0131n tekrar kendi memleketlerinde hayata tutunmalar\u0131n\u0131 sa\u011flayacak \u00f6nlemlerin iktidar taraf\u0131ndan bir an \u00f6nce al\u0131nmas\u0131n\u0131n gerekti\u011fini buradan bir kez daha vurgulamak istiyorum. Hem yerel y\u00f6netimler hem merkezi h\u00fck\u00fcmet \u00fczerine d\u00fc\u015feni yaparsa \u00fclkemiz ya\u015fanabilir ve d\u00fcnyada sayg\u0131n bir \u00fclke olur&#8221;<\/strong>&nbsp;diye konu\u015ftu. S\u00f6zlerine, bilimin \u0131\u015f\u0131\u011f\u0131nda bir y\u00f6netim anlay\u0131\u015fla \u00e7al\u0131\u015fmalar\u0131n\u0131 s\u00fcrd\u00fcrd\u00fcklerini s\u00f6yleyerek devam eden Se\u00e7er,&nbsp;<strong>&#8220;Biz Mustafa Kemal Atat\u00fcrk&#8217;\u00fcn yolundan giden, ilimi, fenni bizim \u00f6nderimiz olarak kabul eden, bilimin \u0131\u015f\u0131\u011f\u0131nda \u00e7al\u0131\u015fman\u0131n, \u00fclkeleri y\u00f6netmenin, \u015fehirleri y\u00f6netmenin en do\u011fru y\u00f6ntem oldu\u011funa inanan y\u00f6neticiler olarak, bu anlay\u0131\u015fla \u00e7al\u0131\u015fmalar\u0131m\u0131za devam edece\u011fiz&#8221;<\/strong>&nbsp;dedi.<\/p>\n\n\n\n<p>Konu\u015fmas\u0131n\u0131n sonunda 6 \u015eubat depreminin ac\u0131s\u0131n\u0131 bir kez daha payla\u015ft\u0131\u011f\u0131n\u0131 belirten Se\u00e7er, hayat\u0131n\u0131 kaybedenlere rahmet dileyerek, bu t\u00fcr felaketlerin bir daha ya\u015fanmamas\u0131 temennisinde bulundu.<\/p>\n\n\n\n<p><strong>\u015eanl\u0131alp: &#8220;Sahada bizimle omuz omuza olan Ba\u015fkan\u0131m\u0131z Vahap Se\u00e7er&#8217;e minnettar\u0131m&#8221;<\/strong><\/p>\n\n\n\n<p>6 \u015eubat Ya\u015fam Derne\u011fi Ba\u015fkan\u0131 Dr. \u00c7i\u011fdem \u015eanl\u0131alp, konu\u015fmas\u0131na 6 \u015eubat depremlerinde hayat\u0131n\u0131 kaybeden on binlerce insan\u0131 anarak ba\u015flarken, 6 \u015eubat&#8217;ta ya\u015fananlar\u0131 unutmak ve unutturmak istemediklerini ifade etti. \u015eanl\u0131alp, o g\u00fcnlerde ya\u015fanan birlik duygusunun \u00e7ok \u00f6nemli oldu\u011funa de\u011finerek,&nbsp;<strong>&#8220;\u0130nan\u0131lmaz g\u00fcnler ya\u015fad\u0131k ve biz o g\u00fcn \u00f6teki olmay\u0131 unuttuk. Biz, o g\u00fcn&nbsp;<em>&#8216;bir olmay\u0131&#8217;<\/em>&nbsp;ve&nbsp;<em>&#8216;biz olmay\u0131&#8217;<\/em>&nbsp;hat\u0131rlad\u0131k. Ben b\u00fct\u00fcn Mersin halk\u0131na ve bizimle makam, mevki tan\u0131madan sahada el ele veren, omuz omuza olan Say\u0131n Belediye Ba\u015fkan\u0131m\u0131z Vahap Se\u00e7er&#8217;e ve t\u00fcm belediye ba\u015fkanlar\u0131m\u0131za sonsuz minnettar\u0131m. Ben Mersin&#8217;de ya\u015famaktan gurur duyuyorum. Biz unutmayaca\u011f\u0131z, unutturmayaca\u011f\u0131z. \u00c7\u00fcnk\u00fc inan\u0131yoruz ki sevgi iyile\u015ftirir, ya\u015fam birle\u015ftirir&#8221;<\/strong>&nbsp;diye konu\u015ftu.<\/p>\n\n\n\n<p>Program\u0131n sonunda, depremzede olarak Mersin&#8217;e gelen ve 2 y\u0131ld\u0131r Mersin&#8217;de ya\u015fayan 9 ya\u015f\u0131ndaki Asya Yamanel, Se\u00e7er&#8217;e karanfil verdi. Duygu dolu anlar\u0131n ya\u015fand\u0131\u011f\u0131 anma program\u0131, dayan\u0131\u015fma ve birlik mesajlar\u0131yla sona erdi<\/p>\n\n\n\n<p><strong>Depremde hayat\u0131n\u0131 kaybedenler i\u00e7in dualar okundu<\/strong><\/p>\n\n\n\n<p>\u00d6te yandan Mersin B\u00fcy\u00fck\u015fehir Belediyesi Mezarl\u0131klar Dairesi Ba\u015fkanl\u0131\u011f\u0131 taraf\u0131ndan Mersin Akbelen Mezarl\u0131\u011f\u0131&#8217;nda ve Tarsus \u015eehir Mezarl\u0131\u011f\u0131&#8217;nda 6 \u015eubat depremlerinde hayat\u0131n\u0131 kaybedenler i\u00e7in Kur&#8217;an-\u0131 Kerim okutuldu.<\/p>\n","protected":false},"excerpt":{"rendered":"<p>Mersin B\u00fcy\u00fck\u015fehir Belediyesi ve 6 \u015eubat Ya\u015fam Derne\u011fi taraf\u0131ndan, 6 \u015eubat depremlerinin 2. y\u0131l d\u00f6n\u00fcm\u00fcnde anma etkinli\u011fi d\u00fczenlendi.&nbsp;&#8216;Sessizce Y\u00fcr\u00fcyor, Ac\u0131lara Ses Oluyoruz!&#8217;&nbsp;slogan\u0131yla ger\u00e7ekle\u015ftirilen program kapsam\u0131nda, hayat\u0131n\u0131 kaybedenler i\u00e7in&nbsp;&#8216;Sessiz Y\u00fcr\u00fcy\u00fc\u015f&#8217;ve&nbsp;&#8216;Anma T\u00f6reni&#8217;&nbsp;yap\u0131ld\u0131. Mersin B\u00fcy\u00fck\u015fehir Belediye Ba\u015fkan\u0131 Vahap Se\u00e7er ve Meral Se\u00e7er de y\u00fcr\u00fcy\u00fc\u015fe kat\u0131larak depremde hayat\u0131n\u0131 kaybedenleri and\u0131lar. Anma program\u0131 kapsam\u0131nda d\u00fczenlenen y\u00fcr\u00fcy\u00fc\u015fe, Cumhuriyet Halk Partisi (CHP) [&hellip;]<\/p>\n","protected":false},"author":2,"featured_media":39425,"comment_status":"closed","ping_status":"closed","sticky":false,"template":"","format":"standard","meta":{"footnotes":""},"categories":[34,2,3],"tags":[],"class_list":["post-39424","post","type-post","status-publish","format-standard","has-post-thumbnail","hentry","category-flas-haber","category-gundem","category-manset"],"views":6,"_links":{"self":[{"href":"https:\/\/mersinkadingazetesi.com\/index.php?rest_route=\/wp\/v2\/posts\/39424"}],"collection":[{"href":"https:\/\/mersinkadingazetesi.com\/index.php?rest_route=\/wp\/v2\/posts"}],"about":[{"href":"https:\/\/mersinkadingazetesi.com\/index.php?rest_route=\/wp\/v2\/types\/post"}],"author":[{"embeddable":true,"href":"https:\/\/mersinkadingazetesi.com\/index.php?rest_route=\/wp\/v2\/users\/2"}],"replies":[{"embeddable":true,"href":"https:\/\/mersinkadingazetesi.com\/index.php?rest_route=%2Fwp%2Fv2%2Fcomments&post=39424"}],"version-history":[{"count":1,"href":"https:\/\/mersinkadingazetesi.com\/index.php?rest_route=\/wp\/v2\/posts\/39424\/revisions"}],"predecessor-version":[{"id":39426,"href":"https:\/\/mersinkadingazetesi.com\/index.php?rest_route=\/wp\/v2\/posts\/39424\/revisions\/39426"}],"wp:featuredmedia":[{"embeddable":true,"href":"https:\/\/mersinkadingazetesi.com\/index.php?rest_route=\/wp\/v2\/media\/39425"}],"wp:attachment":[{"href":"https:\/\/mersinkadingazetesi.com\/index.php?rest_route=%2Fwp%2Fv2%2Fmedia&parent=39424"}],"wp:term":[{"taxonomy":"category","embeddable":true,"href":"https:\/\/mersinkadingazetesi.com\/index.php?rest_route=%2Fwp%2Fv2%2Fcategories&post=39424"},{"taxonomy":"post_tag","embeddable":true,"href":"https:\/\/mersinkadingazetesi.com\/index.php?rest_route=%2Fwp%2Fv2%2Ftags&post=39424"}],"curies":[{"name":"wp","href":"https:\/\/api.w.org\/{rel}","templated":true}]}}