{"id":39439,"date":"2025-02-07T11:24:24","date_gmt":"2025-02-07T08:24:24","guid":{"rendered":"https:\/\/mersinkadingazetesi.com\/?p=39439"},"modified":"2025-02-07T11:24:25","modified_gmt":"2025-02-07T08:24:25","slug":"nevaf-kilic-turkiyenin-kuresel-ticarette-daha-guclu-olmasi-icin-el-ele-vermeliyiz","status":"publish","type":"post","link":"https:\/\/mersinkadingazetesi.com\/?p=39439","title":{"rendered":"Nevaf K\u0131l\u0131\u00e7 T\u00fcrkiye&#8217;nin K\u00fcresel Ticarette Daha G\u00fc\u00e7l\u00fc Olmas\u0131 \u0130\u00e7in El Ele Vermeliyiz\u00a0"},"content":{"rendered":"\n<p>Mardinli \u0130\u015f \u0130nsanlar\u0131 Derne\u011fi (MAR\u0130\u015e) ve Uluslararas\u0131 Sanayiciler ve \u0130\u015f \u0130nsanlar\u0131 Derne\u011fi (US\u0130AD), i\u015f d\u00fcnyas\u0131n\u0131 bulu\u015fturan kritik bir organizasyona imza att\u0131. T\u00fcrkiye&#8217;nin ihracat potansiyelini art\u0131rmak ve k\u00fcresel ticarette daha g\u00fc\u00e7l\u00fc bir yer edinmek ad\u0131na d\u00fczenlenen etkinlikte, i\u015f d\u00fcnyas\u0131n\u0131n \u00f6nde gelen temsilcileri bir araya geldi.<\/p>\n\n\n\n<p>&#8220;\u0130hracat\u0131n geli\u015fmesi i\u00e7in g\u00fc\u00e7 birli\u011fi yapmal\u0131y\u0131z&#8221;<br>US\u0130AD Genel Ba\u015fkan\u0131 Nevaf K\u0131l\u0131\u00e7, etkinlikte yapt\u0131\u011f\u0131 konu\u015fmada, T\u00fcrkiye&#8217;nin uluslararas\u0131 ticarette hak etti\u011fi noktaya ula\u015fmas\u0131 i\u00e7in i\u015f insanlar\u0131n\u0131n ortak hareket etmesi gerekti\u011fini vurgulad\u0131.<\/p>\n\n\n\n<p>&#8220;T\u00fcrkiye b\u00fcy\u00fck bir \u00fcretim g\u00fcc\u00fcne ve ticari potansiyele sahip. Ancak k\u00fcresel pazarda daha fazla s\u00f6z sahibi olabilmek i\u00e7in i\u015f insanlar\u0131m\u0131z\u0131n dayan\u0131\u015fma i\u00e7inde olmas\u0131, bilgi ve tecr\u00fcbelerini payla\u015farak g\u00fc\u00e7l\u00fc i\u015f birlikleri kurmas\u0131 gerekiyor. Gelin, US\u0130AD \u00e7at\u0131s\u0131 alt\u0131nda g\u00fc\u00e7 birli\u011fi yaparak ihracat\u0131m\u0131z\u0131 geli\u015ftirelim. Irak ve Libya ba\u015fta olmak \u00fczere bir\u00e7ok pazarda b\u00fcy\u00fck f\u0131rsatlar var. Bu f\u0131rsatlar\u0131 en iyi \u015fekilde de\u011ferlendirmeli, T\u00fcrk i\u015f d\u00fcnyas\u0131n\u0131n k\u00fcresel rekabette \u00f6ne \u00e7\u0131kmas\u0131n\u0131 sa\u011flamal\u0131y\u0131z.&#8221;<\/p>\n\n\n\n<p>MAR\u0130\u015e ve US\u0130AD i\u015f d\u00fcnyas\u0131n\u0131 bir araya getirdi<br>MAR\u0130\u015e Ba\u015fkan\u0131 Sabahattin Fidan, a\u00e7\u0131l\u0131\u015f konu\u015fmas\u0131nda kat\u0131l\u0131mc\u0131lara ho\u015f geldiniz diyerek etkinli\u011fi ba\u015flat\u0131rken, ev sahipli\u011fini \u00fcstlenen i\u015f insan\u0131 Abdullah Kurt da ticaretin geli\u015fmesi ad\u0131na yap\u0131lan bu t\u00fcr organizasyonlar\u0131n \u00f6nemine dikkat \u00e7ekti.<\/p>\n\n\n\n<p>Irak ve Libya pazar\u0131 \u00fczerine yap\u0131lan bilgilendirme sunumlar\u0131, ihracat\u00e7\u0131 firmalar i\u00e7in b\u00fcy\u00fck bir rehber niteli\u011finde oldu. B\u00f6lgenin ticari dinamikleri ve yat\u0131r\u0131m f\u0131rsatlar\u0131 \u00fczerine yap\u0131lan de\u011ferlendirmeler, yeni i\u015f birliklerinin kap\u0131s\u0131n\u0131 aralad\u0131.<\/p>\n\n\n\n<p>US\u0130AD&#8217;\u0131n y\u00f6netim kurulu \u00fcyeleri ile kat\u0131ld\u0131\u011f\u0131 organizasyona i\u015f d\u00fcnyas\u0131n\u0131n \u00f6nde gelen isimleri bulu\u015ftu.<br>Organizasyona T\u00dcY\u0130AD Genel Ba\u015fkan\u0131 Erkut Yenici, T\u00fcrkiye-Pakistan \u0130\u015fadamlar\u0131 Derne\u011fi Ba\u015fkan\u0131 \u0130smet Zafer, MARD\u0130NFED Ba\u015fkan\u0131 Sedat G\u00fcng\u00f6r\u00fcr, MARD\u0130N-DER Ba\u015fkan\u0131 Nedim Kaya, K\u0131z\u0131ltepe Derne\u011fi Ba\u015fkan\u0131 Mehmet Dabak, \u0130\u015f insanlar\u0131 \u0130brahim Biter, US\u0130AD gn b\u015fk yrd ve \u0130stanbul b\u015fk Nizamettin Acar, Tar\u0131k Akay, Yusuf Ziya, Ayd\u0131n B\u00fclent Tacar, US\u0130AD gn b\u015fk yrd Ahmet Akkurt, Ay\u015feg\u00fcl Tuncer, \u0130sa \u00d6z\u00e7elik, R\u0131fat Bat\u0131 ve Av. Abdullah D\u00fczg\u00fcn gibi i\u015f d\u00fcnyas\u0131n\u0131n \u00f6nemli isimleri kat\u0131ld\u0131.<\/p>\n\n\n\n<p>&#8220;T\u00fcrkiye&#8217;yi ihracatta zirveye ta\u015f\u0131mak i\u00e7in birlikte \u00e7al\u0131\u015faca\u011f\u0131z&#8221;<br>Etkinli\u011fin sonunda konu\u015fan US\u0130AD Genel Ba\u015fkan\u0131 Nevaf K\u0131l\u0131\u00e7, bu t\u00fcr organizasyonlar\u0131n i\u015f d\u00fcnyas\u0131 i\u00e7in b\u00fcy\u00fck bir f\u0131rsat sundu\u011funu belirterek, T\u00fcrk i\u015f insanlar\u0131n\u0131n uluslararas\u0131 pazarlarda daha etkin olmas\u0131 i\u00e7in \u00e7al\u0131\u015fmalar\u0131na h\u0131z kesmeden devam edeceklerini ifade etti.<\/p>\n\n\n\n<p>&#8220;Bizler US\u0130AD olarak, i\u015f d\u00fcnyas\u0131n\u0131n her alan\u0131nda T\u00fcrkiye&#8217;nin ihracat kapasitesini art\u0131racak ad\u0131mlar\u0131 desteklemeye devam edece\u011fiz. Ticarette s\u0131n\u0131rlar\u0131 a\u015fmak, uluslararas\u0131 pazarlarda g\u00fc\u00e7l\u00fc i\u015f birlikleri kurmak zorunday\u0131z. Bu t\u00fcr bulu\u015fmalar, i\u015f insanlar\u0131m\u0131z\u0131n birbirleriyle etkile\u015fime ge\u00e7mesini sa\u011flayarak ticari a\u011flar\u0131n\u0131 geni\u015fletmelerine yard\u0131mc\u0131 oluyor. Hep birlikte \u00e7al\u0131\u015farak, \u00fclkemizi k\u00fcresel ticarette hak etti\u011fi noktaya ta\u015f\u0131yaca\u011f\u0131z.&#8221;<\/p>\n\n\n\n<p>Etkinlik, i\u015f d\u00fcnyas\u0131n\u0131n ileriye d\u00f6n\u00fck projelerini g\u00fc\u00e7lendirecek i\u015f birliklerinin temellerinin at\u0131lmas\u0131 ve aile foto\u011fraf\u0131 \u00e7ekimiyle sona erdi.<\/p>\n","protected":false},"excerpt":{"rendered":"<p>Mardinli \u0130\u015f \u0130nsanlar\u0131 Derne\u011fi (MAR\u0130\u015e) ve Uluslararas\u0131 Sanayiciler ve \u0130\u015f \u0130nsanlar\u0131 Derne\u011fi (US\u0130AD), i\u015f d\u00fcnyas\u0131n\u0131 bulu\u015fturan kritik bir organizasyona imza att\u0131. T\u00fcrkiye&#8217;nin ihracat potansiyelini art\u0131rmak ve k\u00fcresel ticarette daha g\u00fc\u00e7l\u00fc bir yer edinmek ad\u0131na d\u00fczenlenen etkinlikte, i\u015f d\u00fcnyas\u0131n\u0131n \u00f6nde gelen temsilcileri bir araya geldi. &#8220;\u0130hracat\u0131n geli\u015fmesi i\u00e7in g\u00fc\u00e7 birli\u011fi yapmal\u0131y\u0131z&#8221;US\u0130AD Genel Ba\u015fkan\u0131 Nevaf K\u0131l\u0131\u00e7, etkinlikte [&hellip;]<\/p>\n","protected":false},"author":2,"featured_media":39440,"comment_status":"closed","ping_status":"closed","sticky":false,"template":"","format":"standard","meta":{"footnotes":""},"categories":[3],"tags":[],"class_list":["post-39439","post","type-post","status-publish","format-standard","has-post-thumbnail","hentry","category-manset"],"views":4,"_links":{"self":[{"href":"https:\/\/mersinkadingazetesi.com\/index.php?rest_route=\/wp\/v2\/posts\/39439"}],"collection":[{"href":"https:\/\/mersinkadingazetesi.com\/index.php?rest_route=\/wp\/v2\/posts"}],"about":[{"href":"https:\/\/mersinkadingazetesi.com\/index.php?rest_route=\/wp\/v2\/types\/post"}],"author":[{"embeddable":true,"href":"https:\/\/mersinkadingazetesi.com\/index.php?rest_route=\/wp\/v2\/users\/2"}],"replies":[{"embeddable":true,"href":"https:\/\/mersinkadingazetesi.com\/index.php?rest_route=%2Fwp%2Fv2%2Fcomments&post=39439"}],"version-history":[{"count":1,"href":"https:\/\/mersinkadingazetesi.com\/index.php?rest_route=\/wp\/v2\/posts\/39439\/revisions"}],"predecessor-version":[{"id":39441,"href":"https:\/\/mersinkadingazetesi.com\/index.php?rest_route=\/wp\/v2\/posts\/39439\/revisions\/39441"}],"wp:featuredmedia":[{"embeddable":true,"href":"https:\/\/mersinkadingazetesi.com\/index.php?rest_route=\/wp\/v2\/media\/39440"}],"wp:attachment":[{"href":"https:\/\/mersinkadingazetesi.com\/index.php?rest_route=%2Fwp%2Fv2%2Fmedia&parent=39439"}],"wp:term":[{"taxonomy":"category","embeddable":true,"href":"https:\/\/mersinkadingazetesi.com\/index.php?rest_route=%2Fwp%2Fv2%2Fcategories&post=39439"},{"taxonomy":"post_tag","embeddable":true,"href":"https:\/\/mersinkadingazetesi.com\/index.php?rest_route=%2Fwp%2Fv2%2Ftags&post=39439"}],"curies":[{"name":"wp","href":"https:\/\/api.w.org\/{rel}","templated":true}]}}