{"id":39442,"date":"2025-02-07T11:53:49","date_gmt":"2025-02-07T08:53:49","guid":{"rendered":"https:\/\/mersinkadingazetesi.com\/?p=39442"},"modified":"2025-02-07T11:53:50","modified_gmt":"2025-02-07T08:53:50","slug":"baskan-yildiz-el-ele-omuz-omuza-calismaya-devam-edecegiz","status":"publish","type":"post","link":"https:\/\/mersinkadingazetesi.com\/?p=39442","title":{"rendered":"BA\u015eKAN YILDIZ: EL ELE OMUZ OMUZA \u00c7ALI\u015eMAYA DEVAM EDECE\u011e\u0130Z"},"content":{"rendered":"\n<p>Arpa\u00e7sakarlar Mahallesi&#8217;ndeki temizlik kampanyas\u0131nda konu\u015fan Toroslar Belediye Ba\u015fkan\u0131 Abdurrahman Y\u0131ld\u0131z, yeni s\u00fcp\u00fcrme ara\u00e7lar\u0131n\u0131n hizmete girece\u011fi m\u00fcjdesini verirken, sa\u011fl\u0131kl\u0131 \u00e7\u00f6p toplama sistemi \u00fczerinde \u00e7al\u0131\u015ft\u0131klar\u0131n\u0131 da duyurdu.<\/p>\n\n\n\n<p>Toroslar Belediyesinin &#8220;Mahallede Temizlik Var&#8221; kampanyas\u0131 bu hafta Arpa\u00e7sakarlar Mahallesi&#8217;nde devam etti.<\/p>\n\n\n\n<p>Mahalle sakinleriyle birlikte sokaklar\u0131 gezip temizlik \u00e7al\u0131\u015fmalar\u0131na kat\u0131lan Toroslar Belediye Ba\u015fkan\u0131 Abdurrahman Y\u0131ld\u0131z, s\u00fcp\u00fcrme, y\u0131kama, budama, ila\u00e7lama, at\u0131k at\u0131lan arazileri temizleme \u00e7al\u0131\u015fmas\u0131 yapan ekiplerin \u00e7al\u0131\u015fmalar\u0131n\u0131 da yerinde inceledi.&nbsp; Ba\u015fkan Y\u0131ld\u0131z, mahallede esnaf ve kahvehane ziyareti de yaparak vatanda\u015flarla sohbet etti.<\/p>\n\n\n\n<p>Kampanya kapsam\u0131ndaki temizlik \u00e7al\u0131\u015fmalar\u0131na Ba\u015fkan Y\u0131ld\u0131z&#8217;\u0131n yan\u0131 s\u0131ra belediye ba\u015fkan yard\u0131mc\u0131lar\u0131, muhtarlar, meclis \u00fcyeleri ve mahalle sakinleri de kat\u0131ld\u0131.<\/p>\n\n\n\n<p>Arpa\u00e7sakarlar Mahallesi&#8217;nde ya\u015fayan insanlar\u0131n karde\u015f\u00e7e ya\u015fad\u0131\u011f\u0131n\u0131 dile getiren Ba\u015fkan Y\u0131ld\u0131z,&nbsp; &#8220;Buras\u0131, kentimizin en d\u0131\u015f mahallelerinden biri ve ayn\u0131 zamanda en eski ve dolay\u0131s\u0131yla, h\u0131zla d\u00f6n\u00fc\u015fen ve kendini yenileyen mahallelerimizden biridir. Buradaki temizlik al\u0131\u015fkanl\u0131\u011f\u0131, tabii ki toplumsal d\u00f6n\u00fc\u015f\u00fcmden kaynaklan\u0131yor. H\u0131zla ger\u00e7ekle\u015fen yap\u0131sal d\u00f6n\u00fc\u015f\u00fcm, ayn\u0131 zamanda buradaki demografik d\u00f6n\u00fc\u015f\u00fcm\u00fc de beraberinde getiriyor&#8221; dedi.<\/p>\n\n\n\n<p><strong>&#8220;YEN\u0130 ARA\u00c7LAR SOKAKLARI S\u00dcP\u00dcRECEK&#8221;<\/strong><\/p>\n\n\n\n<p>Temiz kalman\u0131n birinci ko\u015fulunun kirletmemek ald\u0131\u011f\u0131n\u0131 vurgulayan Y\u0131ld\u0131z, &#8220;Biz belediye olarak elimizden geleni yap\u0131yoruz. Bak\u0131n\u0131z, geldi\u011fimizde at\u0131l vaziyette bulunan, kullan\u0131lmayan, model olarak \u00e7ok yeni olmas\u0131na ra\u011fmen baz\u0131 par\u00e7alar\u0131 de\u011fi\u015ftirilemedi\u011fi i\u00e7in kullan\u0131lamayan \u00fc\u00e7 adet yol s\u00fcp\u00fcrme arac\u0131m\u0131z vard\u0131. Hakikaten kaliteli ve d\u00fcnyada emsali g\u00f6r\u00fclmeyen bu makineler, y\u0131llard\u0131r makine ikmal park\u0131m\u0131z\u0131n i\u00e7erisinde \u00e7\u00fcr\u00fcmeye terk edilmi\u015fti. Biz bunlar\u0131 d\u00f6rt ay kadar \u00f6nce \u0130stanbul&#8217;da servise g\u00f6ndererek tamirat s\u00fcrecini ba\u015flatt\u0131k. \u015eu anda ara\u00e7lar\u0131m\u0131z\u0131n tamirat\u0131 tamamland\u0131 ve bu hafta itibar\u0131yla kentimizde, kendi \u00f6z mal\u0131m\u0131z olan \u00fc\u00e7 tane s\u00fcp\u00fcrme arac\u0131m\u0131z sokaklar\u0131m\u0131zda \u00e7al\u0131\u015fmaya ba\u015flayacak. Sokaklar\u0131m\u0131z\u0131 s\u00fcp\u00fcrmeye ba\u015flayacak&#8221; m\u00fcjdesini verdi.<\/p>\n\n\n\n<p><strong>&#8220;SA\u011eLIKLI TOPLAMA S\u0130STEM\u0130 \u00dcZER\u0130NE \u00c7ALI\u015eIYORUZ&#8221;<\/strong><\/p>\n\n\n\n<p>Ekipman haz\u0131rl\u0131klar\u0131n\u0131n yo\u011funla\u015farak devam etti\u011fini s\u00f6yleyen Y\u0131ld\u0131z, s\u00f6zlerini \u015f\u00f6yle s\u00fcrd\u00fcrd\u00fc:<\/p>\n\n\n\n<p>&#8220;Eksikliklerimizi gideriyoruz, personel eksikliklerimizi gideriyoruz. Bu anlamda arkada\u015flar\u0131m\u0131z ciddi stratejik \u00e7al\u0131\u015fma ve planlama yap\u0131yorlar. \u00d6n\u00fcm\u00fczdeki hafta i\u00e7erisinde bu konuda da ciddi bir geli\u015fme olacak. \u00d6zellikle biliyorsunuz, \u00e7\u00f6p toplama i\u015fi h\u00e2l\u00e2 konteyner \u00fczerinden yap\u0131l\u0131yor. Bu, \u00fclkemizin her yerinde b\u00f6yledir. Kendi il\u00e7emizde de bu i\u015f biraz problemliydi. Arkada\u015flar\u0131m\u0131z, \u00f6n\u00fcm\u00fczdeki haftalarda bir proje haz\u0131rlad\u0131lar, stratejik bir plan olu\u015fturdular. Bu konteynerlerle ilgili hem konteynerleri yenileyece\u011fiz hem de sa\u011fl\u0131kl\u0131 bir toplama sistemi \u00fczerinde \u00e7al\u0131\u015f\u0131yoruz. Arkada\u015flar\u0131m\u0131z bu konuda kafa yoruyorlar. Bu \u00e7er\u00e7evede, ben buraya gelip bu kampanyada bize destek veren, toplumsal hassasiyetin olu\u015fmas\u0131na yard\u0131mc\u0131 olan Belediye Ba\u015fkan Yard\u0131mc\u0131lar\u0131m\u0131za, muhtarlar\u0131m\u0131za bir kez daha hepinizin huzurunda te\u015fekk\u00fcr ediyorum. Tertemiz bir Toroslar i\u00e7in hepimiz el ele, omuz omuza \u00e7al\u0131\u015fmaya devam edece\u011fiz&#8221; \u015feklinde konu\u015ftu.<\/p>\n\n\n\n<p>Arpa\u00e7sakarlar Mahalle Muhtar\u0131 Mustafa Or\u00e7un Da\u011f ise Ba\u015fkan Y\u0131ld\u0131z&#8217;a te\u015fekk\u00fcr ederek, hizmetlerin devam etmesi temennisinde bulundu.<\/p>\n","protected":false},"excerpt":{"rendered":"<p>Arpa\u00e7sakarlar Mahallesi&#8217;ndeki temizlik kampanyas\u0131nda konu\u015fan Toroslar Belediye Ba\u015fkan\u0131 Abdurrahman Y\u0131ld\u0131z, yeni s\u00fcp\u00fcrme ara\u00e7lar\u0131n\u0131n hizmete girece\u011fi m\u00fcjdesini verirken, sa\u011fl\u0131kl\u0131 \u00e7\u00f6p toplama sistemi \u00fczerinde \u00e7al\u0131\u015ft\u0131klar\u0131n\u0131 da duyurdu. Toroslar Belediyesinin &#8220;Mahallede Temizlik Var&#8221; kampanyas\u0131 bu hafta Arpa\u00e7sakarlar Mahallesi&#8217;nde devam etti. Mahalle sakinleriyle birlikte sokaklar\u0131 gezip temizlik \u00e7al\u0131\u015fmalar\u0131na kat\u0131lan Toroslar Belediye Ba\u015fkan\u0131 Abdurrahman Y\u0131ld\u0131z, s\u00fcp\u00fcrme, y\u0131kama, budama, ila\u00e7lama, at\u0131k [&hellip;]<\/p>\n","protected":false},"author":2,"featured_media":39443,"comment_status":"closed","ping_status":"closed","sticky":false,"template":"","format":"standard","meta":{"footnotes":""},"categories":[1,2,3],"tags":[],"class_list":["post-39442","post","type-post","status-publish","format-standard","has-post-thumbnail","hentry","category-genel","category-gundem","category-manset"],"views":11,"_links":{"self":[{"href":"https:\/\/mersinkadingazetesi.com\/index.php?rest_route=\/wp\/v2\/posts\/39442"}],"collection":[{"href":"https:\/\/mersinkadingazetesi.com\/index.php?rest_route=\/wp\/v2\/posts"}],"about":[{"href":"https:\/\/mersinkadingazetesi.com\/index.php?rest_route=\/wp\/v2\/types\/post"}],"author":[{"embeddable":true,"href":"https:\/\/mersinkadingazetesi.com\/index.php?rest_route=\/wp\/v2\/users\/2"}],"replies":[{"embeddable":true,"href":"https:\/\/mersinkadingazetesi.com\/index.php?rest_route=%2Fwp%2Fv2%2Fcomments&post=39442"}],"version-history":[{"count":1,"href":"https:\/\/mersinkadingazetesi.com\/index.php?rest_route=\/wp\/v2\/posts\/39442\/revisions"}],"predecessor-version":[{"id":39444,"href":"https:\/\/mersinkadingazetesi.com\/index.php?rest_route=\/wp\/v2\/posts\/39442\/revisions\/39444"}],"wp:featuredmedia":[{"embeddable":true,"href":"https:\/\/mersinkadingazetesi.com\/index.php?rest_route=\/wp\/v2\/media\/39443"}],"wp:attachment":[{"href":"https:\/\/mersinkadingazetesi.com\/index.php?rest_route=%2Fwp%2Fv2%2Fmedia&parent=39442"}],"wp:term":[{"taxonomy":"category","embeddable":true,"href":"https:\/\/mersinkadingazetesi.com\/index.php?rest_route=%2Fwp%2Fv2%2Fcategories&post=39442"},{"taxonomy":"post_tag","embeddable":true,"href":"https:\/\/mersinkadingazetesi.com\/index.php?rest_route=%2Fwp%2Fv2%2Ftags&post=39442"}],"curies":[{"name":"wp","href":"https:\/\/api.w.org\/{rel}","templated":true}]}}