{"id":39452,"date":"2025-02-07T15:46:20","date_gmt":"2025-02-07T12:46:20","guid":{"rendered":"https:\/\/mersinkadingazetesi.com\/?p=39452"},"modified":"2025-02-07T15:46:23","modified_gmt":"2025-02-07T12:46:23","slug":"deva-partili-ekmen-her-gun-330-esnaf-isyerini-kapatmak-zorunda-kaliyor","status":"publish","type":"post","link":"https:\/\/mersinkadingazetesi.com\/?p=39452","title":{"rendered":"DEVA Partili Ekmen: Her g\u00fcn 330 esnaf, i\u015fyerini kapatmak zorunda kal\u0131yor!\u00a0"},"content":{"rendered":"\n<figure class=\"wp-block-table\"><table class=\"has-fixed-layout\"><tbody><tr><td>DEVA Partisi Genel Ba\u015fkan Yard\u0131mc\u0131s\u0131 Mehmet Emin Ekmen\u2019in soru \u00f6nergesine yan\u0131t veren Ticaret Bakan\u0131 \u00d6mer Bolat 2023 Ocak-2024 Kas\u0131m d\u00f6neminde, 22 ayda 223 bin esnaf\u0131n kepenk indirdi\u011fini aktard\u0131. Ekmen, 22 ayda 223 bin esnaf\u0131n kepenk indirmesinin, her g\u00fcn ortalama 330 esnaf\u0131n i\u015f yerini kapatt\u0131\u011f\u0131 anlam\u0131na geldi\u011finin alt\u0131n\u0131 \u00e7izerek, \u201cAyn\u0131 zamanda y\u00fczlerce \u00e7al\u0131\u015fan i\u015fini kaybediyor. Bu durama acil \u00f6nlem al\u0131nmal\u0131. Bu bir SOS uyar\u0131s\u0131d\u0131r. Bu kapan\u0131\u015flar istikras\u0131zl\u0131\u011f\u0131 daha da art\u0131r\u0131r\u201d dedi.&nbsp;&nbsp;DEVA Partisi Genel Ba\u015fkan Yard\u0131mc\u0131s\u0131 ve Mersin Milletvekili Mehmet Emin Ekmen, ba\u015fta deprem b\u00f6lgesinde bulunan esnaflar olmak \u00fczere T\u00fcrkiye genelindeki esnaflar\u0131n durumunu Ticaret Bakan\u0131 \u00d6mer Bolat\u2019a sordu. TBMM Ba\u015fkanl\u0131\u011f\u0131na soru \u00f6nergesi veren Ekmen\u2019in sorular\u0131na yan\u0131t veren Bolat, esnaf\u0131n ya\u015fad\u0131\u011f\u0131 ac\u0131 tabloyu a\u00e7\u0131klad\u0131.&nbsp;<strong>2 milyon 228 bin hazine s\u00fcbvansiyonlu kredi kullan\u0131ld\u0131<\/strong>Soru \u00f6nergesine yan\u0131t veren Bolat, Esnaf ve Sanatk\u00e2rlar Kredi ve Kefalet Kooperatifleri arac\u0131l\u0131\u011f\u0131yla ya da do\u011frudan Halkbank taraf\u0131ndan kullan\u0131lan Hazine s\u00fcbvansiyonlu kredilerde faiz art\u0131r\u0131m\u0131ndan 6 \u015eubat depremlerden etkilenen Ad\u0131yaman, Hatay, Kahramanmara\u015f, Malatya ve Osmaniye illeri ile Gaziantep&#8217;in Nizip ve \u0130slahiye il\u00e7eleri muaf tutuldu\u011funa dikkat \u00e7ekti. Son 5 y\u0131lda Esnaf ve Sanatk\u00e2rlar Kredi ve Kefalet Kooperatifleri arac\u0131l\u0131\u011f\u0131yla ya da do\u011frudan Halkbank taraf\u0131ndan kullan\u0131lan Hazine s\u00fcbvansiyonlu kredilerin T\u00fcrkiye genelinde kulland\u0131r\u0131m adedinin 2 milyon 228 bin 900 oldu\u011funu a\u00e7\u0131klayan Bolat, mezk\u00fbr kredilerin s\u00fcbvansiyon maliyetleri Hazine ve Maliye Bakanl\u0131\u011f\u0131\u2019na kar\u015f\u0131land\u0131\u011f\u0131na vurgu yapt\u0131.&nbsp;&nbsp;<strong>223 bin esnaf kepenk indirdi<\/strong>Faiz art\u0131\u015flar\u0131n\u0131n uygulanma tarihi olan May\u0131s 2024\u2019ten bu yana T\u00fcrkiye genelinde, 125 bin 236 esnaf ve sanatk\u00e2r tescil i\u015flemi, 47 bin 417 esnaf ve sanatk\u00e2r tescil i\u015flemi ger\u00e7ekle\u015ftirildi\u011fini aktaran Bolat, \u201cBu kapsamda, esnaf kredilerinde ya\u015fanan faiz art\u0131\u015flar\u0131n\u0131n esnaf\u0131n kapasitesi \u00fczerinde veya kurulan esnaf ve sanatk\u00e2r i\u015fletmesi say\u0131lar\u0131nda kayda de\u011fer bir etkisinin olmad\u0131\u011f\u0131 g\u00f6zlemlenmektedir. Halkbank\u2019\u0131n faiz oranlar\u0131nda olabilecek indirimler de, mevcut kredilerin maliyetinde indirim olarak yans\u0131t\u0131lmaktad\u0131r. \u00d6te yandan, T\u00fcrkiye genelinde 2023 Ocak-2024 Kas\u0131m d\u00f6neminde 531 bin 249 esnaf ve sanatk\u00e2r tescil i\u015flemi, 223 bin 73 esnaf ve sanatk\u00e2r terkin i\u015flemi ger\u00e7ekle\u015ftirmi\u015f olup, aradaki olumlu fark 308 bin 176 olmu\u015ftur\u201d ifadelerini kulland\u0131.&nbsp;<strong>Esnaf\u0131n kepenk indirmesi sos uyar\u0131s\u0131d\u0131r<\/strong>Ekmen, Ticaret Bakan\u0131 \u00d6mer Bolat\u2019\u0131n a\u00e7\u0131klad\u0131\u011f\u0131 rakamlara bak\u0131nca esnaf\u0131n ne t\u00fcr zorluklarla m\u00fccadele etti\u011fine bir kez daha \u015fahit olduklar\u0131n\u0131n alt\u0131n\u0131 \u00e7izerek, \u201c2 milyon 228 bin Hazine s\u00fcbvansiyonlu kredi kullan\u0131m\u0131, esnaf ve sanatk\u00e2rlar\u0131n finansman ihtiyac\u0131n\u0131n ne kadar b\u00fcy\u00fck oldu\u011funu g\u00f6r\u00fcyoruz. Esnaf\u0131m\u0131z kendi \u00f6z kaynaklar\u0131yla i\u015flerini s\u00fcrd\u00fcremiyor. Bu durumda esnaf uzun vadede s\u00fcrd\u00fcrebilirlik sorununa neden oluyor. T\u00fcrkiye genelinde 2023 Ocak-2024 Kas\u0131m d\u00f6neminde yani 22 ayda 223 bin esnaf\u0131n kepenk indirmesi her g\u00fcn 330 esnaf\u0131n i\u015f yerini kapatt\u0131\u011f\u0131 anlam\u0131na geliyor. Ayn\u0131 zamanda y\u00fczlerce \u00e7al\u0131\u015fan i\u015fini kaybediyor. Bu durama acil \u00f6nlem al\u0131nmal\u0131. Bu bir SOS uyar\u0131s\u0131d\u0131r. Bu, istikras\u0131zl\u0131\u011f\u0131 art\u0131r\u0131r\u201d ifadelerini kulland\u0131.&nbsp;<strong>Bir\u00e7ok esnaf icra takibine d\u00fc\u015ft\u00fc<\/strong>K\u00fc\u00e7\u00fck ve orta \u00f6l\u00e7ekli i\u015fletmelerin s\u00fcrd\u00fcrebilirliklerini devam ettirmek i\u00e7in her ge\u00e7en g\u00fcn bor\u00e7land\u0131\u011f\u0131n\u0131 s\u00f6yleyen Ekmen, \u015funlar\u0131 kaydetti:&nbsp;&nbsp;\u201cKOB\u0130\u2019lerin bankac\u0131l\u0131k sekt\u00f6r\u00fcne olan kredi bor\u00e7lar\u0131n\u0131n ge\u00e7en y\u0131la g\u00f6re 1,1 trilyon lira artarak 4,4 trilyon liraya y\u00fckseldi. Tam burada KOB\u0130\u2019lerin verilen kredilerin 87 milyar liral\u0131k k\u0131sm\u0131 zaman\u0131nda \u00f6denmekte zorland\u0131. Bir\u00e7ok esnaf\u0131m\u0131z icra takibine d\u00fc\u015ft\u00fc.\u201d&nbsp;<strong>Sermayeyi de\u011fil esnaf\u0131 destekleyin<\/strong>Ekmen, s\u00f6zlerine devamla bu y\u0131l b\u00fct\u00e7eye ayr\u0131lan faiz giderinin 1,5 trilyon oldu\u011funu, y\u0131llard\u0131r kur koruma mevduat program\u0131 ile tarihin en b\u00fcy\u00fck servet transferinin ger\u00e7ekle\u015ftirildi\u011fine dikkat \u00e7ekerek, \u201cesnafa do\u011fru bir stratejiyle ve gerekirse faizsiz bir \u015fekilde destek verilirse esnaf ekonomiyi de ayakta tutar\u201d dedi<\/td><\/tr><\/tbody><\/table><\/figure>\n","protected":false},"excerpt":{"rendered":"<p>DEVA Partisi Genel Ba\u015fkan Yard\u0131mc\u0131s\u0131 Mehmet Emin Ekmen\u2019in soru \u00f6nergesine yan\u0131t veren Ticaret Bakan\u0131 \u00d6mer Bolat 2023 Ocak-2024 Kas\u0131m d\u00f6neminde, 22 ayda 223 bin esnaf\u0131n kepenk indirdi\u011fini aktard\u0131. Ekmen, 22 ayda 223 bin esnaf\u0131n kepenk indirmesinin, her g\u00fcn ortalama 330 esnaf\u0131n i\u015f yerini kapatt\u0131\u011f\u0131 anlam\u0131na geldi\u011finin alt\u0131n\u0131 \u00e7izerek, \u201cAyn\u0131 zamanda y\u00fczlerce \u00e7al\u0131\u015fan i\u015fini kaybediyor. Bu [&hellip;]<\/p>\n","protected":false},"author":2,"featured_media":39453,"comment_status":"closed","ping_status":"closed","sticky":false,"template":"","format":"standard","meta":{"footnotes":""},"categories":[8,34,3,5],"tags":[],"class_list":["post-39452","post","type-post","status-publish","format-standard","has-post-thumbnail","hentry","category-ekonomi","category-flas-haber","category-manset","category-mersin"],"views":3,"_links":{"self":[{"href":"https:\/\/mersinkadingazetesi.com\/index.php?rest_route=\/wp\/v2\/posts\/39452"}],"collection":[{"href":"https:\/\/mersinkadingazetesi.com\/index.php?rest_route=\/wp\/v2\/posts"}],"about":[{"href":"https:\/\/mersinkadingazetesi.com\/index.php?rest_route=\/wp\/v2\/types\/post"}],"author":[{"embeddable":true,"href":"https:\/\/mersinkadingazetesi.com\/index.php?rest_route=\/wp\/v2\/users\/2"}],"replies":[{"embeddable":true,"href":"https:\/\/mersinkadingazetesi.com\/index.php?rest_route=%2Fwp%2Fv2%2Fcomments&post=39452"}],"version-history":[{"count":1,"href":"https:\/\/mersinkadingazetesi.com\/index.php?rest_route=\/wp\/v2\/posts\/39452\/revisions"}],"predecessor-version":[{"id":39454,"href":"https:\/\/mersinkadingazetesi.com\/index.php?rest_route=\/wp\/v2\/posts\/39452\/revisions\/39454"}],"wp:featuredmedia":[{"embeddable":true,"href":"https:\/\/mersinkadingazetesi.com\/index.php?rest_route=\/wp\/v2\/media\/39453"}],"wp:attachment":[{"href":"https:\/\/mersinkadingazetesi.com\/index.php?rest_route=%2Fwp%2Fv2%2Fmedia&parent=39452"}],"wp:term":[{"taxonomy":"category","embeddable":true,"href":"https:\/\/mersinkadingazetesi.com\/index.php?rest_route=%2Fwp%2Fv2%2Fcategories&post=39452"},{"taxonomy":"post_tag","embeddable":true,"href":"https:\/\/mersinkadingazetesi.com\/index.php?rest_route=%2Fwp%2Fv2%2Ftags&post=39452"}],"curies":[{"name":"wp","href":"https:\/\/api.w.org\/{rel}","templated":true}]}}