{"id":39458,"date":"2025-02-09T10:19:01","date_gmt":"2025-02-09T07:19:01","guid":{"rendered":"https:\/\/mersinkadingazetesi.com\/?p=39458"},"modified":"2025-02-09T10:19:01","modified_gmt":"2025-02-09T07:19:01","slug":"mersinde-jandarma-personeline-yangin-egitimi","status":"publish","type":"post","link":"https:\/\/mersinkadingazetesi.com\/?p=39458","title":{"rendered":"Mersin\u2019de Jandarma Personeline Yang\u0131n E\u011fitimi"},"content":{"rendered":"\n<p>Mersin Orman B\u00f6lge M\u00fcd\u00fcrl\u00fc\u011f\u00fcm\u00fcze ba\u011fl\u0131 Tarsus Orman \u0130\u015fletme M\u00fcd\u00fcrl\u00fc\u011f\u00fc taraf\u0131ndan \u0130l\u00e7e Jandarma Komutanl\u0131\u011f\u0131 Personeline orman yang\u0131nlar\u0131yla m\u00fccadele e\u011fitimi verildi.<\/p>\n\n\n\n<p><a><\/a> Yang\u0131n sezonu \u00f6ncesinde \u0130l\u00e7e Jandarma Komutanl\u0131\u011f\u0131 personeline verilen e\u011fitimde, orman yang\u0131n\u0131 meydana geldi\u011finde k\u0131sa s\u00fcrede s\u00f6nd\u00fcr\u00fclmesi ve varsa faillerinin bulunmas\u0131 konusunda fiziki ve teknik yard\u0131m ile sonu\u00e7 al\u0131nmas\u0131 hedeflendi.<\/p>\n\n\n\n<p>Verilen bu e\u011fitimlerle, orman yang\u0131nlar\u0131na kar\u015f\u0131 daha g\u00fc\u00e7l\u00fc bir haz\u0131rl\u0131k ve koordinasyon sa\u011flanarak, h\u0131zl\u0131 ve etkili m\u00fcdahale etmek ama\u00e7lanmaktad\u0131r.<\/p>\n","protected":false},"excerpt":{"rendered":"<p>Mersin Orman B\u00f6lge M\u00fcd\u00fcrl\u00fc\u011f\u00fcm\u00fcze ba\u011fl\u0131 Tarsus Orman \u0130\u015fletme M\u00fcd\u00fcrl\u00fc\u011f\u00fc taraf\u0131ndan \u0130l\u00e7e Jandarma Komutanl\u0131\u011f\u0131 Personeline orman yang\u0131nlar\u0131yla m\u00fccadele e\u011fitimi verildi. Yang\u0131n sezonu \u00f6ncesinde \u0130l\u00e7e Jandarma Komutanl\u0131\u011f\u0131 personeline verilen e\u011fitimde, orman yang\u0131n\u0131 meydana geldi\u011finde k\u0131sa s\u00fcrede s\u00f6nd\u00fcr\u00fclmesi ve varsa faillerinin bulunmas\u0131 konusunda fiziki ve teknik yard\u0131m ile sonu\u00e7 al\u0131nmas\u0131 hedeflendi. Verilen bu e\u011fitimlerle, orman yang\u0131nlar\u0131na kar\u015f\u0131 daha [&hellip;]<\/p>\n","protected":false},"author":2,"featured_media":39459,"comment_status":"closed","ping_status":"closed","sticky":false,"template":"","format":"standard","meta":{"footnotes":""},"categories":[3],"tags":[],"class_list":["post-39458","post","type-post","status-publish","format-standard","has-post-thumbnail","hentry","category-manset"],"views":2,"_links":{"self":[{"href":"https:\/\/mersinkadingazetesi.com\/index.php?rest_route=\/wp\/v2\/posts\/39458"}],"collection":[{"href":"https:\/\/mersinkadingazetesi.com\/index.php?rest_route=\/wp\/v2\/posts"}],"about":[{"href":"https:\/\/mersinkadingazetesi.com\/index.php?rest_route=\/wp\/v2\/types\/post"}],"author":[{"embeddable":true,"href":"https:\/\/mersinkadingazetesi.com\/index.php?rest_route=\/wp\/v2\/users\/2"}],"replies":[{"embeddable":true,"href":"https:\/\/mersinkadingazetesi.com\/index.php?rest_route=%2Fwp%2Fv2%2Fcomments&post=39458"}],"version-history":[{"count":1,"href":"https:\/\/mersinkadingazetesi.com\/index.php?rest_route=\/wp\/v2\/posts\/39458\/revisions"}],"predecessor-version":[{"id":39460,"href":"https:\/\/mersinkadingazetesi.com\/index.php?rest_route=\/wp\/v2\/posts\/39458\/revisions\/39460"}],"wp:featuredmedia":[{"embeddable":true,"href":"https:\/\/mersinkadingazetesi.com\/index.php?rest_route=\/wp\/v2\/media\/39459"}],"wp:attachment":[{"href":"https:\/\/mersinkadingazetesi.com\/index.php?rest_route=%2Fwp%2Fv2%2Fmedia&parent=39458"}],"wp:term":[{"taxonomy":"category","embeddable":true,"href":"https:\/\/mersinkadingazetesi.com\/index.php?rest_route=%2Fwp%2Fv2%2Fcategories&post=39458"},{"taxonomy":"post_tag","embeddable":true,"href":"https:\/\/mersinkadingazetesi.com\/index.php?rest_route=%2Fwp%2Fv2%2Ftags&post=39458"}],"curies":[{"name":"wp","href":"https:\/\/api.w.org\/{rel}","templated":true}]}}