{"id":39461,"date":"2025-02-09T10:19:50","date_gmt":"2025-02-09T07:19:50","guid":{"rendered":"https:\/\/mersinkadingazetesi.com\/?p=39461"},"modified":"2025-02-09T10:19:50","modified_gmt":"2025-02-09T07:19:50","slug":"hukumlulere-is-sagligi-ve-guvenligi-egitimi","status":"publish","type":"post","link":"https:\/\/mersinkadingazetesi.com\/?p=39461","title":{"rendered":"H\u00fck\u00fcml\u00fclere \u0130\u015f Sa\u011fl\u0131\u011f\u0131 ve G\u00fcvenli\u011fi E\u011fitimi"},"content":{"rendered":"\n<p>\u200bOrman Genel M\u00fcd\u00fcrl\u00fc\u011f\u00fcm\u00fcz ile Ceza ve Tevkif Evleri Genel M\u00fcd\u00fcrl\u00fc\u011f\u00fc aras\u0131nda imzalanan h\u00fck\u00fcml\u00fclerin rehabilitasyonu ve ormanc\u0131l\u0131k faaliyetlerinde \u00e7al\u0131\u015fmalar\u0131 i\u015f birli\u011fi protokol\u00fc kapsam\u0131nda Tarsus Orman \u0130\u015fletme M\u00fcd\u00fcrl\u00fc\u011f\u00fcnde \u00e7al\u0131\u015fan 20 h\u00fck\u00fcml\u00fcye i\u015f sa\u011fl\u0131\u011f\u0131 ve g\u00fcvenli\u011fi e\u011fitimi verildi.<\/p>\n\n\n\n<p>E\u011fitimde &#8220;6331 say\u0131l\u0131 \u0130\u015f Sa\u011fl\u0131\u011f\u0131 ve G\u00fcvenli\u011fi Kanunu,&nbsp;\u00c7al\u0131\u015fanlar\u0131n \u0130\u015f Sa\u011fl\u0131\u011f\u0131 ve G\u00fcvenli\u011fi E\u011fitimlerinin&nbsp;Usul ve Esaslar\u0131 Hakk\u0131nda Y\u00f6netmelik gere\u011fi,<strong> <\/strong>i\u015f kazalar\u0131 ve nedenleri, i\u015f yerinde \u00e7al\u0131\u015fanlar\u0131n kar\u015f\u0131 kar\u015f\u0131ya bulunduklar\u0131 riskler bu risklere kar\u015f\u0131 al\u0131nmas\u0131 gereken g\u00fcvenlik tedbirleri, meslek hastal\u0131klar\u0131 ve al\u0131nmas\u0131 gereken sa\u011fl\u0131k tedbirleri &#8221; hususunda kat\u0131l\u0131mc\u0131lara bilgi verildi.<\/p>\n","protected":false},"excerpt":{"rendered":"<p>\u200bOrman Genel M\u00fcd\u00fcrl\u00fc\u011f\u00fcm\u00fcz ile Ceza ve Tevkif Evleri Genel M\u00fcd\u00fcrl\u00fc\u011f\u00fc aras\u0131nda imzalanan h\u00fck\u00fcml\u00fclerin rehabilitasyonu ve ormanc\u0131l\u0131k faaliyetlerinde \u00e7al\u0131\u015fmalar\u0131 i\u015f birli\u011fi protokol\u00fc kapsam\u0131nda Tarsus Orman \u0130\u015fletme M\u00fcd\u00fcrl\u00fc\u011f\u00fcnde \u00e7al\u0131\u015fan 20 h\u00fck\u00fcml\u00fcye i\u015f sa\u011fl\u0131\u011f\u0131 ve g\u00fcvenli\u011fi e\u011fitimi verildi. E\u011fitimde &#8220;6331 say\u0131l\u0131 \u0130\u015f Sa\u011fl\u0131\u011f\u0131 ve G\u00fcvenli\u011fi Kanunu,&nbsp;\u00c7al\u0131\u015fanlar\u0131n \u0130\u015f Sa\u011fl\u0131\u011f\u0131 ve G\u00fcvenli\u011fi E\u011fitimlerinin&nbsp;Usul ve Esaslar\u0131 Hakk\u0131nda Y\u00f6netmelik gere\u011fi, i\u015f kazalar\u0131 [&hellip;]<\/p>\n","protected":false},"author":2,"featured_media":39462,"comment_status":"closed","ping_status":"closed","sticky":false,"template":"","format":"standard","meta":{"footnotes":""},"categories":[3],"tags":[],"class_list":["post-39461","post","type-post","status-publish","format-standard","has-post-thumbnail","hentry","category-manset"],"views":5,"_links":{"self":[{"href":"https:\/\/mersinkadingazetesi.com\/index.php?rest_route=\/wp\/v2\/posts\/39461"}],"collection":[{"href":"https:\/\/mersinkadingazetesi.com\/index.php?rest_route=\/wp\/v2\/posts"}],"about":[{"href":"https:\/\/mersinkadingazetesi.com\/index.php?rest_route=\/wp\/v2\/types\/post"}],"author":[{"embeddable":true,"href":"https:\/\/mersinkadingazetesi.com\/index.php?rest_route=\/wp\/v2\/users\/2"}],"replies":[{"embeddable":true,"href":"https:\/\/mersinkadingazetesi.com\/index.php?rest_route=%2Fwp%2Fv2%2Fcomments&post=39461"}],"version-history":[{"count":1,"href":"https:\/\/mersinkadingazetesi.com\/index.php?rest_route=\/wp\/v2\/posts\/39461\/revisions"}],"predecessor-version":[{"id":39463,"href":"https:\/\/mersinkadingazetesi.com\/index.php?rest_route=\/wp\/v2\/posts\/39461\/revisions\/39463"}],"wp:featuredmedia":[{"embeddable":true,"href":"https:\/\/mersinkadingazetesi.com\/index.php?rest_route=\/wp\/v2\/media\/39462"}],"wp:attachment":[{"href":"https:\/\/mersinkadingazetesi.com\/index.php?rest_route=%2Fwp%2Fv2%2Fmedia&parent=39461"}],"wp:term":[{"taxonomy":"category","embeddable":true,"href":"https:\/\/mersinkadingazetesi.com\/index.php?rest_route=%2Fwp%2Fv2%2Fcategories&post=39461"},{"taxonomy":"post_tag","embeddable":true,"href":"https:\/\/mersinkadingazetesi.com\/index.php?rest_route=%2Fwp%2Fv2%2Ftags&post=39461"}],"curies":[{"name":"wp","href":"https:\/\/api.w.org\/{rel}","templated":true}]}}