{"id":39470,"date":"2025-02-09T10:24:54","date_gmt":"2025-02-09T07:24:54","guid":{"rendered":"https:\/\/mersinkadingazetesi.com\/?p=39470"},"modified":"2025-02-09T10:24:55","modified_gmt":"2025-02-09T07:24:55","slug":"geri-donusume-giren-dallar-vatandaslarin-evlerini-isitiyor","status":"publish","type":"post","link":"https:\/\/mersinkadingazetesi.com\/?p=39470","title":{"rendered":"Geri D\u00f6n\u00fc\u015f\u00fcme Giren Dallar, Vatanda\u015flar\u0131n Evlerini Is\u0131t\u0131yor"},"content":{"rendered":"\n<p>Mersin&#8217;in Erdemli Belediyesi budanan dallar\u0131 g\u00f6n\u00fclleri \u0131s\u0131tacak bir geri d\u00f6n\u00fc\u015f\u00fcm i\u00e7in de\u011ferlendiriyor. Erdemli Belediyesi Park ve Bah\u00e7eler M\u00fcd\u00fcrl\u00fc\u011f\u00fc ekipleri, budanan dallar\u0131 sobalarda yakacak odun haline getiriyor, ihtiya\u00e7 sahiplerinin evlerini \u0131s\u0131t\u0131yor.<\/p>\n\n\n\n<p>A\u011fa\u00e7lar\u0131n geli\u015fim s\u00fcreci i\u00e7in \u00f6nemli bir etken olan budama i\u015flemlerinin ard\u0131ndan belediyenin \u00e7i\u00e7ek seras\u0131 alan\u0131na g\u00f6t\u00fcr\u00fclen odunlar k\u00fc\u00e7\u00fck par\u00e7alara ayr\u0131l\u0131yor. Sobalara uygun hale getirilen odun par\u00e7alar\u0131, ihtiya\u00e7 sahiplerine \u00fccretsiz olarak ekipler taraf\u0131ndan ula\u015ft\u0131r\u0131l\u0131yor. Do\u011fal ya\u015fam\u0131 bozmadan yap\u0131lan geri d\u00f6n\u00fc\u015f\u00fcm sayesinde israf\u0131n \u00f6n\u00fcne ge\u00e7ilirken, k\u0131\u015f aylar\u0131nda evler \u0131s\u0131t\u0131larak y\u00fczler g\u00fcld\u00fcr\u00fcl\u00fcyor.<\/p>\n\n\n\n<p>\u0130htiya\u00e7 sahibi ailelerin her daim yan\u0131nda olduklar\u0131n\u0131 ifade eden Erdemli Belediye Ba\u015fkan\u0131 Mustafa Kara, &#8220;Park ve Bah\u00e7eler M\u00fcd\u00fcrl\u00fc\u011f\u00fc ekiplerimiz budanan a\u011fa\u00e7lar\u0131 geri d\u00f6n\u00fc\u015f\u00fcme kazand\u0131r\u0131yor ve ihtiya\u00e7 sahibi vatanda\u015flar\u0131m\u0131za da\u011f\u0131t\u0131yor. Erdemli Belediyesi olarak vatanda\u015flar\u0131m\u0131z\u0131n her ihtiyac\u0131nda her daim yan\u0131nday\u0131z&#8221; diye konu\u015ftu.<\/p>\n\n\n\n<p>Belediyenin odun yard\u0131m\u0131ndan faydaland\u0131\u011f\u0131 i\u00e7in mutlu oldu\u011funu ifade eden Ay\u015fe Y\u0131ld\u0131z, &#8221; Belediyenin budanan a\u011fa\u00e7lar\u0131 ihtiyac\u0131 olan vatanda\u015flara verdi\u011fini duyduk, da\u011f\u0131tt\u0131\u011f\u0131n\u0131 duyduk. Biz de m\u00fcracaat\u0131m\u0131z\u0131 yapt\u0131k. Sa\u011f olsun onlar da bize kendileri getirdi. Evimizin \u00f6n\u00fcne kadar y\u0131kt\u0131lar. Onlara te\u015fekk\u00fcr ediyoruz, belediyenin bu imk\u00e2n\u0131n\u0131 bize sa\u011flad\u0131\u011f\u0131 i\u00e7in ve devam\u0131n\u0131 diliyoruz&#8221; diye konu\u015ftu.<\/p>\n\n\n\n<p>\u00d6te yandan odun yard\u0131m\u0131 almak isteyen vatanda\u015flar, Erdemli Belediyesi Park ve Bah\u00e7eler M\u00fcd\u00fcrl\u00fc\u011f\u00fc ile ileti\u015fime ge\u00e7ebiliyor.<\/p>\n","protected":false},"excerpt":{"rendered":"<p>Mersin&#8217;in Erdemli Belediyesi budanan dallar\u0131 g\u00f6n\u00fclleri \u0131s\u0131tacak bir geri d\u00f6n\u00fc\u015f\u00fcm i\u00e7in de\u011ferlendiriyor. Erdemli Belediyesi Park ve Bah\u00e7eler M\u00fcd\u00fcrl\u00fc\u011f\u00fc ekipleri, budanan dallar\u0131 sobalarda yakacak odun haline getiriyor, ihtiya\u00e7 sahiplerinin evlerini \u0131s\u0131t\u0131yor. A\u011fa\u00e7lar\u0131n geli\u015fim s\u00fcreci i\u00e7in \u00f6nemli bir etken olan budama i\u015flemlerinin ard\u0131ndan belediyenin \u00e7i\u00e7ek seras\u0131 alan\u0131na g\u00f6t\u00fcr\u00fclen odunlar k\u00fc\u00e7\u00fck par\u00e7alara ayr\u0131l\u0131yor. Sobalara uygun hale getirilen odun [&hellip;]<\/p>\n","protected":false},"author":2,"featured_media":39471,"comment_status":"closed","ping_status":"closed","sticky":false,"template":"","format":"standard","meta":{"footnotes":""},"categories":[3],"tags":[],"class_list":["post-39470","post","type-post","status-publish","format-standard","has-post-thumbnail","hentry","category-manset"],"views":3,"_links":{"self":[{"href":"https:\/\/mersinkadingazetesi.com\/index.php?rest_route=\/wp\/v2\/posts\/39470"}],"collection":[{"href":"https:\/\/mersinkadingazetesi.com\/index.php?rest_route=\/wp\/v2\/posts"}],"about":[{"href":"https:\/\/mersinkadingazetesi.com\/index.php?rest_route=\/wp\/v2\/types\/post"}],"author":[{"embeddable":true,"href":"https:\/\/mersinkadingazetesi.com\/index.php?rest_route=\/wp\/v2\/users\/2"}],"replies":[{"embeddable":true,"href":"https:\/\/mersinkadingazetesi.com\/index.php?rest_route=%2Fwp%2Fv2%2Fcomments&post=39470"}],"version-history":[{"count":1,"href":"https:\/\/mersinkadingazetesi.com\/index.php?rest_route=\/wp\/v2\/posts\/39470\/revisions"}],"predecessor-version":[{"id":39472,"href":"https:\/\/mersinkadingazetesi.com\/index.php?rest_route=\/wp\/v2\/posts\/39470\/revisions\/39472"}],"wp:featuredmedia":[{"embeddable":true,"href":"https:\/\/mersinkadingazetesi.com\/index.php?rest_route=\/wp\/v2\/media\/39471"}],"wp:attachment":[{"href":"https:\/\/mersinkadingazetesi.com\/index.php?rest_route=%2Fwp%2Fv2%2Fmedia&parent=39470"}],"wp:term":[{"taxonomy":"category","embeddable":true,"href":"https:\/\/mersinkadingazetesi.com\/index.php?rest_route=%2Fwp%2Fv2%2Fcategories&post=39470"},{"taxonomy":"post_tag","embeddable":true,"href":"https:\/\/mersinkadingazetesi.com\/index.php?rest_route=%2Fwp%2Fv2%2Ftags&post=39470"}],"curies":[{"name":"wp","href":"https:\/\/api.w.org\/{rel}","templated":true}]}}