{"id":39473,"date":"2025-02-09T10:26:17","date_gmt":"2025-02-09T07:26:17","guid":{"rendered":"https:\/\/mersinkadingazetesi.com\/?p=39473"},"modified":"2025-02-09T10:26:18","modified_gmt":"2025-02-09T07:26:18","slug":"baskan-boltac-sozunu-tuttu-kadinlar-eshab-i-kehfi-gezdi","status":"publish","type":"post","link":"https:\/\/mersinkadingazetesi.com\/?p=39473","title":{"rendered":"BA\u015eKAN BOLTA\u00c7 S\u00d6Z\u00dcN\u00dc TUTTU, KADINLAR ESHAB-I KEHF\u2019\u0130 GEZD\u0130"},"content":{"rendered":"\n<p>Tarsus Belediyesi, kad\u0131nlar\u0131n sosyal hayatta daha g\u00fc\u00e7l\u00fc yer almas\u0131n\u0131 sa\u011flamak ve sa\u011fl\u0131k konusunda fark\u0131ndal\u0131klar\u0131n\u0131 art\u0131rmak amac\u0131yla \u00e7al\u0131\u015fmalar\u0131n\u0131 s\u00fcrd\u00fcr\u00fcyor. Tarsus Belediye Ba\u015fkan\u0131 Ali Bolta\u00e7\u2019\u0131n k\u00f6y ziyaretleri s\u0131ras\u0131nda verdi\u011fi s\u00f6z \u00fczerine, Karadirlik, Kadelli, D\u00f6rtler ve Yazl\u0131k mahallelerinden 75 kad\u0131n i\u00e7in Eshab-\u0131 Kehf gezisi d\u00fczenlendi.<\/p>\n\n\n\n<p>Tarsus Belediyesi Kad\u0131n ve Aile Hizmetleri M\u00fcd\u00fcrl\u00fc\u011f\u00fc ile Sa\u011fl\u0131k \u0130\u015fleri M\u00fcd\u00fcrl\u00fc\u011f\u00fc\u2019n\u00fcn koordinesinde ger\u00e7ekle\u015fen etkinlikte, kad\u0131nlar hem keyifli bir g\u00fcn ge\u00e7irdi hem de sa\u011fl\u0131k konusunda bilgilendirildi. \u201cDo\u011fada Sa\u011fl\u0131k Var\u201d projesi kapsam\u0131nda d\u00fczenlenen bilgilendirme etkinli\u011finde doktorlar, kad\u0131n kanserlerinde erken te\u015fhisin \u00f6nemi, sa\u011fl\u0131kl\u0131 ya\u015fam al\u0131\u015fkanl\u0131klar\u0131 ve d\u00fczenli kontrollerin gereklili\u011fi \u00fczerine bilgi verdi.<\/p>\n\n\n\n<p><strong>DO\u011eADA SA\u011eLIK, SOSYAL HAYATTA DAYANI\u015eMA<\/strong><\/p>\n\n\n\n<p>Ziyaret boyunca kad\u0131nlar, Eshab-\u0131 Kehf\u2019in tarihi ve k\u00fclt\u00fcrel de\u011ferleri hakk\u0131nda da bilgi edinme f\u0131rsat\u0131 buldu. Ayn\u0131 zamanda bir araya gelerek deneyimlerini payla\u015fan kad\u0131nlar, sosyal ba\u011flar\u0131n\u0131 g\u00fc\u00e7lendirdi. Tarsus Belediyesi, kad\u0131nlar\u0131n sa\u011fl\u0131k, e\u011fitim ve sosyal hayatta daha g\u00fc\u00e7l\u00fc yer almas\u0131 i\u00e7in destekleyici projelerini s\u00fcrd\u00fcrmeye devam ediyor.<\/p>\n","protected":false},"excerpt":{"rendered":"<p>Tarsus Belediyesi, kad\u0131nlar\u0131n sosyal hayatta daha g\u00fc\u00e7l\u00fc yer almas\u0131n\u0131 sa\u011flamak ve sa\u011fl\u0131k konusunda fark\u0131ndal\u0131klar\u0131n\u0131 art\u0131rmak amac\u0131yla \u00e7al\u0131\u015fmalar\u0131n\u0131 s\u00fcrd\u00fcr\u00fcyor. Tarsus Belediye Ba\u015fkan\u0131 Ali Bolta\u00e7\u2019\u0131n k\u00f6y ziyaretleri s\u0131ras\u0131nda verdi\u011fi s\u00f6z \u00fczerine, Karadirlik, Kadelli, D\u00f6rtler ve Yazl\u0131k mahallelerinden 75 kad\u0131n i\u00e7in Eshab-\u0131 Kehf gezisi d\u00fczenlendi. Tarsus Belediyesi Kad\u0131n ve Aile Hizmetleri M\u00fcd\u00fcrl\u00fc\u011f\u00fc ile Sa\u011fl\u0131k \u0130\u015fleri M\u00fcd\u00fcrl\u00fc\u011f\u00fc\u2019n\u00fcn koordinesinde ger\u00e7ekle\u015fen [&hellip;]<\/p>\n","protected":false},"author":2,"featured_media":39474,"comment_status":"closed","ping_status":"closed","sticky":false,"template":"","format":"standard","meta":{"footnotes":""},"categories":[3],"tags":[],"class_list":["post-39473","post","type-post","status-publish","format-standard","has-post-thumbnail","hentry","category-manset"],"views":3,"_links":{"self":[{"href":"https:\/\/mersinkadingazetesi.com\/index.php?rest_route=\/wp\/v2\/posts\/39473"}],"collection":[{"href":"https:\/\/mersinkadingazetesi.com\/index.php?rest_route=\/wp\/v2\/posts"}],"about":[{"href":"https:\/\/mersinkadingazetesi.com\/index.php?rest_route=\/wp\/v2\/types\/post"}],"author":[{"embeddable":true,"href":"https:\/\/mersinkadingazetesi.com\/index.php?rest_route=\/wp\/v2\/users\/2"}],"replies":[{"embeddable":true,"href":"https:\/\/mersinkadingazetesi.com\/index.php?rest_route=%2Fwp%2Fv2%2Fcomments&post=39473"}],"version-history":[{"count":1,"href":"https:\/\/mersinkadingazetesi.com\/index.php?rest_route=\/wp\/v2\/posts\/39473\/revisions"}],"predecessor-version":[{"id":39475,"href":"https:\/\/mersinkadingazetesi.com\/index.php?rest_route=\/wp\/v2\/posts\/39473\/revisions\/39475"}],"wp:featuredmedia":[{"embeddable":true,"href":"https:\/\/mersinkadingazetesi.com\/index.php?rest_route=\/wp\/v2\/media\/39474"}],"wp:attachment":[{"href":"https:\/\/mersinkadingazetesi.com\/index.php?rest_route=%2Fwp%2Fv2%2Fmedia&parent=39473"}],"wp:term":[{"taxonomy":"category","embeddable":true,"href":"https:\/\/mersinkadingazetesi.com\/index.php?rest_route=%2Fwp%2Fv2%2Fcategories&post=39473"},{"taxonomy":"post_tag","embeddable":true,"href":"https:\/\/mersinkadingazetesi.com\/index.php?rest_route=%2Fwp%2Fv2%2Ftags&post=39473"}],"curies":[{"name":"wp","href":"https:\/\/api.w.org\/{rel}","templated":true}]}}